{"id":1631,"date":"2022-03-26T12:33:35","date_gmt":"2022-03-26T18:33:35","guid":{"rendered":"http:\/\/contextoanalisisperiodistico.com.mx\/2022\/03\/26\/toribio-lopez-vuelve-a-traicionar-en-xoxo-se-lleva-entre-las-patas-a-su-ex-patrona-tania-lopez\/"},"modified":"2022-03-26T12:33:35","modified_gmt":"2022-03-26T18:33:35","slug":"toribio-lopez-vuelve-a-traicionar-en-xoxo-se-lleva-entre-las-patas-a-su-ex-patrona-tania-lopez","status":"publish","type":"post","link":"https:\/\/contextoanalisisperiodistico.com\/index.php\/2022\/03\/26\/toribio-lopez-vuelve-a-traicionar-en-xoxo-se-lleva-entre-las-patas-a-su-ex-patrona-tania-lopez\/","title":{"rendered":"Toribio L\u00f3pez vuelve a traicionar en Xoxo; se lleva entre las patas a su ex patrona Tania L\u00f3pez"},"content":{"rendered":"<div id=\"fb-root\"><\/div>\n\n<p>En redes ubican como traidor y en estado de ebriedad\u00a0 a Toribio L\u00f3pez, @ToryLopezS; ahora, el susodicho apoya al Dr. Chente Castellanos. Consum\u00f3 una traici\u00f3n m\u00e1s, la v\u00edctima? @TaniaLopezXoxo.<\/p>\n","protected":false},"excerpt":{"rendered":"<p>En redes ubican como traidor y en estado de ebriedad\u00a0 a Toribio L\u00f3pez, @ToryLopezS; ahora,&#8230;<\/p>\n","protected":false},"author":2,"featured_media":1630,"comment_status":"open","ping_status":"open","sticky":false,"template":"","format":"standard","meta":{"footnotes":""},"categories":[7,9],"tags":[],"jetpack_sharing_enabled":true,"featured_image_urls":{"full":"","thumbnail":"","medium":"","medium_large":"","large":"","1536x1536":"","2048x2048":"","covernews-slider-full":"","covernews-slider-center":"","covernews-featured":"","covernews-medium":"","covernews-medium-square":""},"author_info":{"display_name":"Miguel","author_link":"https:\/\/contextoanalisisperiodistico.com\/index.php\/author\/editor\/"},"category_info":"<a href=\"https:\/\/contextoanalisisperiodistico.com\/index.php\/category\/municipios\/\" rel=\"category tag\">Municipios<\/a> <a href=\"https:\/\/contextoanalisisperiodistico.com\/index.php\/category\/politica\/\" rel=\"category tag\">Pol\u00edtica<\/a>","tag_info":"Pol\u00edtica","comment_count":"0","jetpack_featured_media_url":"","_links":{"self":[{"href":"https:\/\/contextoanalisisperiodistico.com\/index.php\/wp-json\/wp\/v2\/posts\/1631"}],"collection":[{"href":"https:\/\/contextoanalisisperiodistico.com\/index.php\/wp-json\/wp\/v2\/posts"}],"about":[{"href":"https:\/\/contextoanalisisperiodistico.com\/index.php\/wp-json\/wp\/v2\/types\/post"}],"author":[{"embeddable":true,"href":"https:\/\/contextoanalisisperiodistico.com\/index.php\/wp-json\/wp\/v2\/users\/2"}],"replies":[{"embeddable":true,"href":"https:\/\/contextoanalisisperiodistico.com\/index.php\/wp-json\/wp\/v2\/comments?post=1631"}],"version-history":[{"count":0,"href":"https:\/\/contextoanalisisperiodistico.com\/index.php\/wp-json\/wp\/v2\/posts\/1631\/revisions"}],"wp:featuredmedia":[{"embeddable":true,"href":"https:\/\/contextoanalisisperiodistico.com\/index.php\/wp-json\/"}],"wp:attachment":[{"href":"https:\/\/contextoanalisisperiodistico.com\/index.php\/wp-json\/wp\/v2\/media?parent=1631"}],"wp:term":[{"taxonomy":"category","embeddable":true,"href":"https:\/\/contextoanalisisperiodistico.com\/index.php\/wp-json\/wp\/v2\/categories?post=1631"},{"taxonomy":"post_tag","embeddable":true,"href":"https:\/\/contextoanalisisperiodistico.com\/index.php\/wp-json\/wp\/v2\/tags?post=1631"}],"curies":[{"name":"wp","href":"https:\/\/api.w.org\/{rel}","templated":true}]}}