{"id":16180,"date":"2023-07-18T17:30:57","date_gmt":"2023-07-18T23:30:57","guid":{"rendered":"https:\/\/contextoanalisisperiodistico.com\/?p=16180"},"modified":"2023-07-18T17:31:30","modified_gmt":"2023-07-18T23:31:30","slug":"se-suma-casa-de-la-cultura-oaxaquena-a-la-jornada-de-reforestacion-2023","status":"publish","type":"post","link":"https:\/\/contextoanalisisperiodistico.com\/index.php\/2023\/07\/18\/se-suma-casa-de-la-cultura-oaxaquena-a-la-jornada-de-reforestacion-2023\/","title":{"rendered":"Se suma Casa de la Cultura Oaxaque\u00f1a a la Jornada de Reforestaci\u00f3n 2023"},"content":{"rendered":"<div id=\"fb-root\"><\/div>\n\n<p>Oaxaca de Ju\u00e1rez, Oax. 18 de julio de 2023.- Sumando esfuerzos para cumplir el objetivo de cubrir una superficie de 10 mil hect\u00e1reas con \u00e1rboles nativos en la entidad, personal de la Casa de la Cultura Oaxaque\u00f1a (CCO) se involucr\u00f3 en la Jornada Estatal de Reforestaci\u00f3n 2023, a trav\u00e9s de trabajos de reforestaci\u00f3n en San Pedro Juchatengo.<\/p>\n\n\n\n<p><br>Esta iniciativa impulsada por el Gobierno del Estado que encabeza Salom\u00f3n Jara Cruz dio inicio en el paraje La Cazahuatera del \u00e1rea de reserva natural en la Zona Arqueol\u00f3gica de Monte Alb\u00e1n, en el marco del D\u00eda Nacional del \u00c1rbol que se celebr\u00f3 el 13 de julio.<\/p>\n\n\n\n<p><br>La directora de la Casa de la Cultura Oaxaque\u00f1a, Sara Orozco Mart\u00ednez, quien realiz\u00f3 tareas de conservaci\u00f3n de manera activa, agradeci\u00f3 al presidente municipal de San Pedro Juchatengo por sumarse a estas iniciativas impulsadas desde la Comisi\u00f3n Estatal Forestal (Coesfo).<\/p>\n\n\n\n<p><br>Asimismo, agradeci\u00f3 la participaci\u00f3n del comisariado ejidal, Alberto Mart\u00ednez Carmona, del cabildo de la localidad, a la comunidad y al personal de la CCO por sumarse a la jornada de reforestaci\u00f3n convocada por la Coesfo.<\/p>\n\n\n\n<p><br>\u201cEsta reforestaci\u00f3n tiene la finalidad de contribuir a generar la conservaci\u00f3n, cuidado y protecci\u00f3n de las \u00e1reas verdes para lograr un equilibrio en nuestro medio ambiente\u201d, dijo Orozco Mart\u00ednez durante la siembra de ejemplares vegetales.<\/p>\n\n\n\n<p><br>La funcionaria estatal se\u00f1al\u00f3 que los \u00e1rboles son fundamentales para mantener el equilibrio de los ecosistemas, ya que ayudan a regular el clima, conservan el agua, previenen la erosi\u00f3n del suelo y proporcionan h\u00e1bitats para numerosas especies de plantas y animales, por ello, dijo, la importancia de sumarse a la jornada que buscar\u00e1 reforestar 200 mil hect\u00e1reas en todo el estado durante la presente administraci\u00f3n.<\/p>\n\n\n\n<p>A\u00f1adi\u00f3 que el Gobierno del Estado mantiene el compromiso con la restauraci\u00f3n de los ecosistemas en la entidad, es por ello que la Casa de la Cultura Oaxaque\u00f1a en conjunto con la Coordinaci\u00f3n Estatal para el Fomento a la Lectura acudieron al municipio de San Pedro Juchatengo a realizar esta gran labor, la cual continuar\u00e1.<\/p>\n","protected":false},"excerpt":{"rendered":"<p>Oaxaca de Ju\u00e1rez, Oax. 18 de julio de 2023.- Sumando esfuerzos para cumplir el objetivo&#8230;<\/p>\n","protected":false},"author":4,"featured_media":16181,"comment_status":"closed","ping_status":"open","sticky":false,"template":"","format":"standard","meta":{"footnotes":""},"categories":[9],"tags":[],"jetpack_sharing_enabled":true,"featured_image_urls":{"full":["https:\/\/contextoanalisisperiodistico.com\/wp-content\/uploads\/2023\/07\/IMG-20230718-WA0047.jpg",1600,1200,false],"thumbnail":["https:\/\/contextoanalisisperiodistico.com\/wp-content\/uploads\/2023\/07\/IMG-20230718-WA0047-150x150.jpg",150,150,true],"medium":["https:\/\/contextoanalisisperiodistico.com\/wp-content\/uploads\/2023\/07\/IMG-20230718-WA0047-300x225.jpg",300,225,true],"medium_large":["https:\/\/contextoanalisisperiodistico.com\/wp-content\/uploads\/2023\/07\/IMG-20230718-WA0047-768x576.jpg",640,480,true],"large":["https:\/\/contextoanalisisperiodistico.com\/wp-content\/uploads\/2023\/07\/IMG-20230718-WA0047-1024x768.jpg",640,480,true],"1536x1536":["https:\/\/contextoanalisisperiodistico.com\/wp-content\/uploads\/2023\/07\/IMG-20230718-WA0047-1536x1152.jpg",1536,1152,true],"2048x2048":["https:\/\/contextoanalisisperiodistico.com\/wp-content\/uploads\/2023\/07\/IMG-20230718-WA0047.jpg",1600,1200,false],"covernews-slider-full":["https:\/\/contextoanalisisperiodistico.com\/wp-content\/uploads\/2023\/07\/IMG-20230718-WA0047-1115x715.jpg",1115,715,true],"covernews-slider-center":["https:\/\/contextoanalisisperiodistico.com\/wp-content\/uploads\/2023\/07\/IMG-20230718-WA0047-800x500.jpg",800,500,true],"covernews-featured":["https:\/\/contextoanalisisperiodistico.com\/wp-content\/uploads\/2023\/07\/IMG-20230718-WA0047-1024x768.jpg",1024,768,true],"covernews-medium":["https:\/\/contextoanalisisperiodistico.com\/wp-content\/uploads\/2023\/07\/IMG-20230718-WA0047-540x340.jpg",540,340,true],"covernews-medium-square":["https:\/\/contextoanalisisperiodistico.com\/wp-content\/uploads\/2023\/07\/IMG-20230718-WA0047-400x250.jpg",400,250,true]},"author_info":{"display_name":"Mario Gir\u00f3n","author_link":"https:\/\/contextoanalisisperiodistico.com\/index.php\/author\/director\/"},"category_info":"<a href=\"https:\/\/contextoanalisisperiodistico.com\/index.php\/category\/politica\/\" rel=\"category tag\">Pol\u00edtica<\/a>","tag_info":"Pol\u00edtica","comment_count":"0","jetpack_featured_media_url":"https:\/\/contextoanalisisperiodistico.com\/wp-content\/uploads\/2023\/07\/IMG-20230718-WA0047.jpg","_links":{"self":[{"href":"https:\/\/contextoanalisisperiodistico.com\/index.php\/wp-json\/wp\/v2\/posts\/16180"}],"collection":[{"href":"https:\/\/contextoanalisisperiodistico.com\/index.php\/wp-json\/wp\/v2\/posts"}],"about":[{"href":"https:\/\/contextoanalisisperiodistico.com\/index.php\/wp-json\/wp\/v2\/types\/post"}],"author":[{"embeddable":true,"href":"https:\/\/contextoanalisisperiodistico.com\/index.php\/wp-json\/wp\/v2\/users\/4"}],"replies":[{"embeddable":true,"href":"https:\/\/contextoanalisisperiodistico.com\/index.php\/wp-json\/wp\/v2\/comments?post=16180"}],"version-history":[{"count":1,"href":"https:\/\/contextoanalisisperiodistico.com\/index.php\/wp-json\/wp\/v2\/posts\/16180\/revisions"}],"predecessor-version":[{"id":16182,"href":"https:\/\/contextoanalisisperiodistico.com\/index.php\/wp-json\/wp\/v2\/posts\/16180\/revisions\/16182"}],"wp:featuredmedia":[{"embeddable":true,"href":"https:\/\/contextoanalisisperiodistico.com\/index.php\/wp-json\/wp\/v2\/media\/16181"}],"wp:attachment":[{"href":"https:\/\/contextoanalisisperiodistico.com\/index.php\/wp-json\/wp\/v2\/media?parent=16180"}],"wp:term":[{"taxonomy":"category","embeddable":true,"href":"https:\/\/contextoanalisisperiodistico.com\/index.php\/wp-json\/wp\/v2\/categories?post=16180"},{"taxonomy":"post_tag","embeddable":true,"href":"https:\/\/contextoanalisisperiodistico.com\/index.php\/wp-json\/wp\/v2\/tags?post=16180"}],"curies":[{"name":"wp","href":"https:\/\/api.w.org\/{rel}","templated":true}]}}