{"id":16167,"date":"2023-07-18T09:53:32","date_gmt":"2023-07-18T15:53:32","guid":{"rendered":"https:\/\/contextoanalisisperiodistico.com\/?p=16167"},"modified":"2023-07-18T09:56:07","modified_gmt":"2023-07-18T15:56:07","slug":"gran-logia-masonica-rinde-honor-a-benito-juarez-garcia-en-el-cli-aniversario-luctuoso","status":"publish","type":"post","link":"https:\/\/contextoanalisisperiodistico.com\/index.php\/2023\/07\/18\/gran-logia-masonica-rinde-honor-a-benito-juarez-garcia-en-el-cli-aniversario-luctuoso\/","title":{"rendered":"Gran Logia Mas\u00f3nica rinde honor a \u201cBenito Ju\u00e1rez Garc\u00eda\u201d en el CLI aniversario Luctuoso"},"content":{"rendered":"<div id=\"fb-root\"><\/div>\n\n<p>\u201cLos hombres no son nada, los principios lo son todo\u201d.<\/p>\n\n\n\n<p>Integrantes de la Muy Respetable Gran Logia \u201cBenito Juarez Garcia\u201d de Libres y Aceptados Masones del Estado de Oaxaca, conmemoraron el 151 aniversario luctuoso del Benem\u00e9rito de las Am\u00e9ricas \u201cBenito Ju\u00e1rez Garc\u00eda\u201d<\/p>\n\n\n\n<p>Los masones colocaron una ofrenda floral, en la estatua situada en Paseo Juarez el Llano en el centro de la Ciudad de Oaxaca, asi tambien en distintas regiones que intergran nuestro Estado ya que cuentan con presencia en todas y cada una de ellas.<\/p>\n\n\n\n<p>El Muy Respetable Gran Maestro Ismael Adbel Carmona Splinker dijo que esta es una fecha que no puede pasar desapercibida entre la sociedad, debido al importante trabajo realizado por Benito Ju\u00e1rez quien procur\u00f3 el equilibrio econ\u00f3mico, ejecut\u00f3 algunas obras p\u00fablicas: caminos, reconstrucci\u00f3n del Palacio de Gobierno, fundaci\u00f3n de escuelas normales; levantamiento de una carta geogr\u00e1fica y la formaci\u00f3n del plano de la ciudad de Oaxaca; reorganiz\u00f3 la Guardia Nacional y dej\u00f3 super\u00e1vit en el tesoro, asi mismo menciono que es una institucion que busca contribuir al desarrollo de la sociedad, teniendo como principios rectores la Libertad, Igualdad y Fraternidad.<\/p>\n\n\n\n<p>El Gran maestro comento que la Francmasoner\u00eda es un movimiento filos\u00f3fico activo, universalista y humanitario, en el que caen todas las orientaciones y criterios que tienen por objeto el mejoramiento material y moral de la humanidad sobre la base del respeto a la personalidad human, mismos principios que guiaron a Benito Juarez a lo largo de su vida y obra.<\/p>\n\n\n\n<p>La Gran logia del Estado de Oaxaca, es la unica institucion masonica reconocida a nivel nacional e internacional, contando con mas de 80 reconocimientos de Grandes Potencias alrededor del mundo.<\/p>\n\n\n\n\n\n<figure class=\"wp-block-image size-large\"><img fetchpriority=\"high\" decoding=\"async\" width=\"1024\" height=\"461\" src=\"https:\/\/contextoanalisisperiodistico.com\/wp-content\/uploads\/2023\/07\/img-20230718-wa00163013309548869465588-1024x461.jpg\" alt=\"\" class=\"wp-image-16172\" srcset=\"https:\/\/contextoanalisisperiodistico.com\/wp-content\/uploads\/2023\/07\/img-20230718-wa00163013309548869465588-1024x461.jpg 1024w, https:\/\/contextoanalisisperiodistico.com\/wp-content\/uploads\/2023\/07\/img-20230718-wa00163013309548869465588-300x135.jpg 300w, https:\/\/contextoanalisisperiodistico.com\/wp-content\/uploads\/2023\/07\/img-20230718-wa00163013309548869465588-768x346.jpg 768w, https:\/\/contextoanalisisperiodistico.com\/wp-content\/uploads\/2023\/07\/img-20230718-wa00163013309548869465588-1536x691.jpg 1536w, https:\/\/contextoanalisisperiodistico.com\/wp-content\/uploads\/2023\/07\/img-20230718-wa00163013309548869465588.jpg 1600w\" sizes=\"(max-width: 1024px) 100vw, 1024px\" \/><\/figure>\n\n\n\n<figure class=\"wp-block-image\"><img decoding=\"async\" width=\"768\" height=\"1024\" src=\"https:\/\/contextoanalisisperiodistico.com\/wp-content\/uploads\/2023\/07\/img-20230718-wa001828129514746809032040131-768x1024.jpg\" alt=\"\" class=\"wp-image-16173\" srcset=\"https:\/\/contextoanalisisperiodistico.com\/wp-content\/uploads\/2023\/07\/img-20230718-wa001828129514746809032040131-768x1024.jpg 768w, https:\/\/contextoanalisisperiodistico.com\/wp-content\/uploads\/2023\/07\/img-20230718-wa001828129514746809032040131-225x300.jpg 225w, https:\/\/contextoanalisisperiodistico.com\/wp-content\/uploads\/2023\/07\/img-20230718-wa001828129514746809032040131-1152x1536.jpg 1152w, https:\/\/contextoanalisisperiodistico.com\/wp-content\/uploads\/2023\/07\/img-20230718-wa001828129514746809032040131-1024x1365.jpg 1024w, https:\/\/contextoanalisisperiodistico.com\/wp-content\/uploads\/2023\/07\/img-20230718-wa001828129514746809032040131.jpg 1200w\" sizes=\"(max-width: 768px) 100vw, 768px\" \/><\/figure>\n\n\n\n<figure class=\"wp-block-image\"><img decoding=\"async\" width=\"576\" height=\"1024\" src=\"https:\/\/contextoanalisisperiodistico.com\/wp-content\/uploads\/2023\/07\/img-20230718-wa0014151851122146420335-576x1024.jpg\" alt=\"\" class=\"wp-image-16174\" srcset=\"https:\/\/contextoanalisisperiodistico.com\/wp-content\/uploads\/2023\/07\/img-20230718-wa0014151851122146420335-576x1024.jpg 576w, https:\/\/contextoanalisisperiodistico.com\/wp-content\/uploads\/2023\/07\/img-20230718-wa0014151851122146420335-169x300.jpg 169w, https:\/\/contextoanalisisperiodistico.com\/wp-content\/uploads\/2023\/07\/img-20230718-wa0014151851122146420335-768x1365.jpg 768w, https:\/\/contextoanalisisperiodistico.com\/wp-content\/uploads\/2023\/07\/img-20230718-wa0014151851122146420335-864x1536.jpg 864w, https:\/\/contextoanalisisperiodistico.com\/wp-content\/uploads\/2023\/07\/img-20230718-wa0014151851122146420335.jpg 900w\" sizes=\"(max-width: 576px) 100vw, 576px\" \/><\/figure>\n\n\n\n<figure class=\"wp-block-image\"><img loading=\"lazy\" decoding=\"async\" width=\"461\" height=\"1024\" src=\"https:\/\/contextoanalisisperiodistico.com\/wp-content\/uploads\/2023\/07\/img-20230718-wa00172463199169361854745-461x1024.jpg\" alt=\"\" class=\"wp-image-16170\" srcset=\"https:\/\/contextoanalisisperiodistico.com\/wp-content\/uploads\/2023\/07\/img-20230718-wa00172463199169361854745-461x1024.jpg 461w, https:\/\/contextoanalisisperiodistico.com\/wp-content\/uploads\/2023\/07\/img-20230718-wa00172463199169361854745-135x300.jpg 135w, https:\/\/contextoanalisisperiodistico.com\/wp-content\/uploads\/2023\/07\/img-20230718-wa00172463199169361854745.jpg 576w\" sizes=\"(max-width: 461px) 100vw, 461px\" \/><\/figure>\n\n\n\n<figure class=\"wp-block-image\"><img loading=\"lazy\" decoding=\"async\" width=\"768\" height=\"1024\" src=\"https:\/\/contextoanalisisperiodistico.com\/wp-content\/uploads\/2023\/07\/img-20230718-wa0015281297363385769131290518-768x1024.jpg\" alt=\"\" class=\"wp-image-16171\" srcset=\"https:\/\/contextoanalisisperiodistico.com\/wp-content\/uploads\/2023\/07\/img-20230718-wa0015281297363385769131290518-768x1024.jpg 768w, https:\/\/contextoanalisisperiodistico.com\/wp-content\/uploads\/2023\/07\/img-20230718-wa0015281297363385769131290518-225x300.jpg 225w, https:\/\/contextoanalisisperiodistico.com\/wp-content\/uploads\/2023\/07\/img-20230718-wa0015281297363385769131290518.jpg 960w\" sizes=\"(max-width: 768px) 100vw, 768px\" \/><\/figure>\n\n\n\n<figure class=\"wp-block-image\"><img loading=\"lazy\" decoding=\"async\" width=\"1024\" height=\"461\" src=\"https:\/\/contextoanalisisperiodistico.com\/wp-content\/uploads\/2023\/07\/img-20230718-wa00166324367964394089379-1024x461.jpg\" alt=\"\" class=\"wp-image-16175\" srcset=\"https:\/\/contextoanalisisperiodistico.com\/wp-content\/uploads\/2023\/07\/img-20230718-wa00166324367964394089379-1024x461.jpg 1024w, https:\/\/contextoanalisisperiodistico.com\/wp-content\/uploads\/2023\/07\/img-20230718-wa00166324367964394089379-300x135.jpg 300w, https:\/\/contextoanalisisperiodistico.com\/wp-content\/uploads\/2023\/07\/img-20230718-wa00166324367964394089379-768x346.jpg 768w, https:\/\/contextoanalisisperiodistico.com\/wp-content\/uploads\/2023\/07\/img-20230718-wa00166324367964394089379-1536x691.jpg 1536w, https:\/\/contextoanalisisperiodistico.com\/wp-content\/uploads\/2023\/07\/img-20230718-wa00166324367964394089379.jpg 1600w\" sizes=\"(max-width: 1024px) 100vw, 1024px\" \/><\/figure>\n\n\n\n<figure class=\"wp-block-image\"><img loading=\"lazy\" decoding=\"async\" width=\"1024\" height=\"660\" src=\"https:\/\/contextoanalisisperiodistico.com\/wp-content\/uploads\/2023\/07\/img-20230718-wa00125374182356185211965-1024x660.jpg\" alt=\"\" class=\"wp-image-16176\" srcset=\"https:\/\/contextoanalisisperiodistico.com\/wp-content\/uploads\/2023\/07\/img-20230718-wa00125374182356185211965-1024x660.jpg 1024w, https:\/\/contextoanalisisperiodistico.com\/wp-content\/uploads\/2023\/07\/img-20230718-wa00125374182356185211965-300x194.jpg 300w, https:\/\/contextoanalisisperiodistico.com\/wp-content\/uploads\/2023\/07\/img-20230718-wa00125374182356185211965-768x495.jpg 768w, https:\/\/contextoanalisisperiodistico.com\/wp-content\/uploads\/2023\/07\/img-20230718-wa00125374182356185211965-1536x991.jpg 1536w, https:\/\/contextoanalisisperiodistico.com\/wp-content\/uploads\/2023\/07\/img-20230718-wa00125374182356185211965.jpg 1600w\" sizes=\"(max-width: 1024px) 100vw, 1024px\" \/><\/figure>\n\n\n\n<figure class=\"wp-block-image\"><img loading=\"lazy\" decoding=\"async\" width=\"768\" height=\"1024\" src=\"https:\/\/contextoanalisisperiodistico.com\/wp-content\/uploads\/2023\/07\/img-20230718-wa00155603140445184523010-768x1024.jpg\" alt=\"\" class=\"wp-image-16177\" srcset=\"https:\/\/contextoanalisisperiodistico.com\/wp-content\/uploads\/2023\/07\/img-20230718-wa00155603140445184523010-768x1024.jpg 768w, https:\/\/contextoanalisisperiodistico.com\/wp-content\/uploads\/2023\/07\/img-20230718-wa00155603140445184523010-225x300.jpg 225w, https:\/\/contextoanalisisperiodistico.com\/wp-content\/uploads\/2023\/07\/img-20230718-wa00155603140445184523010.jpg 960w\" sizes=\"(max-width: 768px) 100vw, 768px\" \/><\/figure>\n\n\n\n<figure class=\"wp-block-image\"><img loading=\"lazy\" decoding=\"async\" width=\"576\" height=\"1024\" src=\"https:\/\/contextoanalisisperiodistico.com\/wp-content\/uploads\/2023\/07\/img-20230718-wa0014898753146701283210-576x1024.jpg\" alt=\"\" class=\"wp-image-16178\" srcset=\"https:\/\/contextoanalisisperiodistico.com\/wp-content\/uploads\/2023\/07\/img-20230718-wa0014898753146701283210-576x1024.jpg 576w, https:\/\/contextoanalisisperiodistico.com\/wp-content\/uploads\/2023\/07\/img-20230718-wa0014898753146701283210-169x300.jpg 169w, https:\/\/contextoanalisisperiodistico.com\/wp-content\/uploads\/2023\/07\/img-20230718-wa0014898753146701283210-768x1365.jpg 768w, https:\/\/contextoanalisisperiodistico.com\/wp-content\/uploads\/2023\/07\/img-20230718-wa0014898753146701283210-864x1536.jpg 864w, https:\/\/contextoanalisisperiodistico.com\/wp-content\/uploads\/2023\/07\/img-20230718-wa0014898753146701283210.jpg 900w\" sizes=\"(max-width: 576px) 100vw, 576px\" \/><\/figure>\n","protected":false},"excerpt":{"rendered":"<p>\u201cLos hombres no son nada, los principios lo son todo\u201d. Integrantes de la Muy Respetable&#8230;<\/p>\n","protected":false},"author":4,"featured_media":16169,"comment_status":"closed","ping_status":"open","sticky":false,"template":"","format":"standard","meta":{"footnotes":""},"categories":[9],"tags":[],"jetpack_sharing_enabled":true,"featured_image_urls":{"full":["https:\/\/contextoanalisisperiodistico.com\/wp-content\/uploads\/2023\/07\/IMG-20230718-WA0012.jpg",1600,1032,false],"thumbnail":["https:\/\/contextoanalisisperiodistico.com\/wp-content\/uploads\/2023\/07\/IMG-20230718-WA0012-150x150.jpg",150,150,true],"medium":["https:\/\/contextoanalisisperiodistico.com\/wp-content\/uploads\/2023\/07\/IMG-20230718-WA0012-300x194.jpg",300,194,true],"medium_large":["https:\/\/contextoanalisisperiodistico.com\/wp-content\/uploads\/2023\/07\/IMG-20230718-WA0012-768x495.jpg",640,413,true],"large":["https:\/\/contextoanalisisperiodistico.com\/wp-content\/uploads\/2023\/07\/IMG-20230718-WA0012-1024x660.jpg",640,413,true],"1536x1536":["https:\/\/contextoanalisisperiodistico.com\/wp-content\/uploads\/2023\/07\/IMG-20230718-WA0012-1536x991.jpg",1536,991,true],"2048x2048":["https:\/\/contextoanalisisperiodistico.com\/wp-content\/uploads\/2023\/07\/IMG-20230718-WA0012.jpg",1600,1032,false],"covernews-slider-full":["https:\/\/contextoanalisisperiodistico.com\/wp-content\/uploads\/2023\/07\/IMG-20230718-WA0012-1115x715.jpg",1115,715,true],"covernews-slider-center":["https:\/\/contextoanalisisperiodistico.com\/wp-content\/uploads\/2023\/07\/IMG-20230718-WA0012-800x500.jpg",800,500,true],"covernews-featured":["https:\/\/contextoanalisisperiodistico.com\/wp-content\/uploads\/2023\/07\/IMG-20230718-WA0012-1024x660.jpg",1024,660,true],"covernews-medium":["https:\/\/contextoanalisisperiodistico.com\/wp-content\/uploads\/2023\/07\/IMG-20230718-WA0012-540x340.jpg",540,340,true],"covernews-medium-square":["https:\/\/contextoanalisisperiodistico.com\/wp-content\/uploads\/2023\/07\/IMG-20230718-WA0012-400x250.jpg",400,250,true]},"author_info":{"display_name":"Mario Gir\u00f3n","author_link":"https:\/\/contextoanalisisperiodistico.com\/index.php\/author\/director\/"},"category_info":"<a href=\"https:\/\/contextoanalisisperiodistico.com\/index.php\/category\/politica\/\" rel=\"category tag\">Pol\u00edtica<\/a>","tag_info":"Pol\u00edtica","comment_count":"0","jetpack_featured_media_url":"https:\/\/contextoanalisisperiodistico.com\/wp-content\/uploads\/2023\/07\/IMG-20230718-WA0012.jpg","_links":{"self":[{"href":"https:\/\/contextoanalisisperiodistico.com\/index.php\/wp-json\/wp\/v2\/posts\/16167"}],"collection":[{"href":"https:\/\/contextoanalisisperiodistico.com\/index.php\/wp-json\/wp\/v2\/posts"}],"about":[{"href":"https:\/\/contextoanalisisperiodistico.com\/index.php\/wp-json\/wp\/v2\/types\/post"}],"author":[{"embeddable":true,"href":"https:\/\/contextoanalisisperiodistico.com\/index.php\/wp-json\/wp\/v2\/users\/4"}],"replies":[{"embeddable":true,"href":"https:\/\/contextoanalisisperiodistico.com\/index.php\/wp-json\/wp\/v2\/comments?post=16167"}],"version-history":[{"count":1,"href":"https:\/\/contextoanalisisperiodistico.com\/index.php\/wp-json\/wp\/v2\/posts\/16167\/revisions"}],"predecessor-version":[{"id":16179,"href":"https:\/\/contextoanalisisperiodistico.com\/index.php\/wp-json\/wp\/v2\/posts\/16167\/revisions\/16179"}],"wp:featuredmedia":[{"embeddable":true,"href":"https:\/\/contextoanalisisperiodistico.com\/index.php\/wp-json\/wp\/v2\/media\/16169"}],"wp:attachment":[{"href":"https:\/\/contextoanalisisperiodistico.com\/index.php\/wp-json\/wp\/v2\/media?parent=16167"}],"wp:term":[{"taxonomy":"category","embeddable":true,"href":"https:\/\/contextoanalisisperiodistico.com\/index.php\/wp-json\/wp\/v2\/categories?post=16167"},{"taxonomy":"post_tag","embeddable":true,"href":"https:\/\/contextoanalisisperiodistico.com\/index.php\/wp-json\/wp\/v2\/tags?post=16167"}],"curies":[{"name":"wp","href":"https:\/\/api.w.org\/{rel}","templated":true}]}}