{"id":1608,"date":"2022-03-25T15:33:20","date_gmt":"2022-03-25T21:33:20","guid":{"rendered":"http:\/\/contextoanalisisperiodistico.com.mx\/2022\/03\/25\/gobierno-de-la-ciudad-resuelve-necesidades-de-ustedes-en-areas-de-pan-y-comida-en-el-mercado-de-abasto-martinez-neri\/"},"modified":"2022-03-25T15:33:20","modified_gmt":"2022-03-25T21:33:20","slug":"gobierno-de-la-ciudad-resuelve-necesidades-de-ustedes-en-areas-de-pan-y-comida-en-el-mercado-de-abasto-martinez-neri","status":"publish","type":"post","link":"https:\/\/contextoanalisisperiodistico.com\/index.php\/2022\/03\/25\/gobierno-de-la-ciudad-resuelve-necesidades-de-ustedes-en-areas-de-pan-y-comida-en-el-mercado-de-abasto-martinez-neri\/","title":{"rendered":"\u00abGobierno de la Ciudad resuelve necesidades de ustedes en \u00e1reas de pan y comida, en el mercado de Abasto \u00abMart\u00ednez Neri"},"content":{"rendered":"<div id=\"fb-root\"><\/div>\n\n<p>Mario GIR\u00d3N<\/p>\n\n\n\n<p>\u00abCon aportaciones del gobierno Federal a trav\u00e9s de la Secretar\u00eda de Desarrollo Agrario, Territorial y Urbano (SEDATU), el gobierno del Estado y municipal, mejorar\u00e1 las condiciones en las que actualmente funcionan los expendios de pan y los comedores en el mercado de Abasto, en donde adem\u00e1s, se tendr\u00e1n espacios para la convivencia de la poblaci\u00f3n. Ser\u00e1 un espacio bien ideado, bien integrado para que la gente pueda convivir\u00bb, reconoci\u00f3 esta ma\u00f1ana el presidente municipal, Francisco Mart\u00ednez Neri.<\/p>\n\n\n\n<p>La remodelaci\u00f3n y adecuaci\u00f3n de la zona se va a realizar a partir de la visita de SEDATU, y empezar\u00e1n a trabajar sobre la base de la informaci\u00f3n que los locatarios proporcionen. La secretar\u00eda tiene que enviar a sus t\u00e9cnicos para hacer las mediciones correspondientes y saber de qu\u00e9 espacio disponemos, definir si habr\u00e1 partes altas o solo partes bajas, as\u00ed como espacios para la recreaci\u00f3n, les inform\u00f3 el edil capitalino a las locatarias y locatarios de las zonas beneficiadas.&nbsp;&nbsp;&nbsp;&nbsp;&nbsp;&nbsp;&nbsp;&nbsp;&nbsp;&nbsp;&nbsp;&nbsp;&nbsp;&nbsp;&nbsp;&nbsp;&nbsp;&nbsp;&nbsp;&nbsp;&nbsp;&nbsp;&nbsp;&nbsp;&nbsp;&nbsp;&nbsp;&nbsp;&nbsp;&nbsp;&nbsp;&nbsp;&nbsp;&nbsp;&nbsp;&nbsp;&nbsp;&nbsp;&nbsp;&nbsp;&nbsp;&nbsp;&nbsp;&nbsp;&nbsp;&nbsp;&nbsp;&nbsp;&nbsp;&nbsp;&nbsp;&nbsp;&nbsp;&nbsp;&nbsp;&nbsp;&nbsp;&nbsp;&nbsp;&nbsp;&nbsp;&nbsp;&nbsp;&nbsp;&nbsp;&nbsp;&nbsp;&nbsp;&nbsp;&nbsp;&nbsp;&nbsp;&nbsp;&nbsp;&nbsp;&nbsp;&nbsp;&nbsp;&nbsp;&nbsp;&nbsp;&nbsp;&nbsp;&nbsp;&nbsp;&nbsp;&nbsp;&nbsp;&nbsp;&nbsp;&nbsp;&nbsp;<br \/>&nbsp;&nbsp;&nbsp;&nbsp;&nbsp;&nbsp;&nbsp;&nbsp;&nbsp;&nbsp;&nbsp;&nbsp;&nbsp;&nbsp;&nbsp;&nbsp;&nbsp;&nbsp;&nbsp;&nbsp;&nbsp;&nbsp;&nbsp;&nbsp;&nbsp;&nbsp;&nbsp;&nbsp;&nbsp;&nbsp;&nbsp;&nbsp;&nbsp;&nbsp;&nbsp;&nbsp;&nbsp;&nbsp;&nbsp;&nbsp;&nbsp;&nbsp;&nbsp;&nbsp;&nbsp;&nbsp;&nbsp;&nbsp;&nbsp;&nbsp;&nbsp;&nbsp;&nbsp;&nbsp;&nbsp;&nbsp;&nbsp;&nbsp;&nbsp;&nbsp;&nbsp;&nbsp;&nbsp;&nbsp;&nbsp;&nbsp;&nbsp;&nbsp;&nbsp;&nbsp;&nbsp;&nbsp;&nbsp;&nbsp;&nbsp;&nbsp;&nbsp;&nbsp;&nbsp;&nbsp;&nbsp; Al mismo tiempo, en la zona popular de abastecimiento m\u00e1s importante del estado de Oaxaca, se inaugur\u00f3 el censo de locatarios y locatarias ah\u00ed ubicados, lo cual permitir\u00e1 se dise\u00f1e el trabajo conforme a sus necesidades, destac\u00f3 Mart\u00ednez Neri.&nbsp;&nbsp;&nbsp;&nbsp;&nbsp;&nbsp;&nbsp;&nbsp;&nbsp;&nbsp;&nbsp;&nbsp;&nbsp;&nbsp;&nbsp;&nbsp;&nbsp;&nbsp;&nbsp;&nbsp;&nbsp;&nbsp;&nbsp;&nbsp;&nbsp;&nbsp;&nbsp;&nbsp;&nbsp;&nbsp;&nbsp;&nbsp;&nbsp;&nbsp;&nbsp;&nbsp;&nbsp;&nbsp;&nbsp;&nbsp;&nbsp;&nbsp;&nbsp;&nbsp;&nbsp;&nbsp;&nbsp;&nbsp;&nbsp;&nbsp;&nbsp;&nbsp;&nbsp;&nbsp;&nbsp;&nbsp;&nbsp;&nbsp;&nbsp;&nbsp;&nbsp;&nbsp;&nbsp;&nbsp;&nbsp;&nbsp;&nbsp;&nbsp;&nbsp;&nbsp;&nbsp;&nbsp;&nbsp;&nbsp;&nbsp;&nbsp;&nbsp;&nbsp;&nbsp;&nbsp;&nbsp;&nbsp;&nbsp;&nbsp;&nbsp;&nbsp;&nbsp;&nbsp;&nbsp;&nbsp;&nbsp;&nbsp;&nbsp;&nbsp;&nbsp;&nbsp;&nbsp; \u201cLo que se haga aqu\u00ed tendr\u00e1 que ser acorde a las necesidades de ustedes. No puede ser de otra manera\u201d, sostuvo el primer concejal.<\/p>\n\n\n\n<p>Con estos trabajos, el presidente municipal reitera el compromiso de fortalecer los mercados p\u00fablicos como lugares para compra y venta de los productos de nuestro estado.<\/p>\n\n\n\n<figure class=\"wp-block-image size-large\"><img decoding=\"async\" src=\"https:\/\/contextoinformacionyanalisisperiodistico.files.wordpress.com\/2022\/03\/img-20220325-wa0023.jpg\" alt=\"\" class=\"wp-image-1602\"><\/figure>\n\n\n\n<figure class=\"wp-block-image\"><img decoding=\"async\" src=\"https:\/\/contextoinformacionyanalisisperiodistico.files.wordpress.com\/2022\/03\/img-20220325-wa0021.jpg\" alt=\"\" class=\"wp-image-1604\"><\/figure>\n\n\n\n<figure class=\"wp-block-image\"><img decoding=\"async\" src=\"https:\/\/contextoinformacionyanalisisperiodistico.files.wordpress.com\/2022\/03\/img-20220325-wa0022.jpg\" alt=\"\" class=\"wp-image-1605\"><\/figure>\n\n\n\n<figure class=\"wp-block-image\"><img decoding=\"async\" src=\"https:\/\/contextoinformacionyanalisisperiodistico.files.wordpress.com\/2022\/03\/img-20220325-wa0019.jpg\" alt=\"\" class=\"wp-image-1606\"><\/figure>\n\n\n\n<figure class=\"wp-block-image\"><img decoding=\"async\" src=\"https:\/\/contextoinformacionyanalisisperiodistico.files.wordpress.com\/2022\/03\/img-20220325-wa0020.jpg\" alt=\"\" class=\"wp-image-1603\"><\/figure>\n\n\n\n<figure class=\"wp-block-image\"><img decoding=\"async\" src=\"https:\/\/contextoinformacionyanalisisperiodistico.files.wordpress.com\/2022\/03\/img-20220325-wa0017.jpg\" alt=\"\" class=\"wp-image-1607\"><\/figure>\n","protected":false},"excerpt":{"rendered":"<p>Mario GIR\u00d3N \u00abCon aportaciones del gobierno Federal a trav\u00e9s de la Secretar\u00eda de Desarrollo Agrario,&#8230;<\/p>\n","protected":false},"author":2,"featured_media":1601,"comment_status":"open","ping_status":"open","sticky":false,"template":"","format":"standard","meta":{"footnotes":""},"categories":[7],"tags":[],"jetpack_sharing_enabled":true,"featured_image_urls":{"full":"","thumbnail":"","medium":"","medium_large":"","large":"","1536x1536":"","2048x2048":"","covernews-slider-full":"","covernews-slider-center":"","covernews-featured":"","covernews-medium":"","covernews-medium-square":""},"author_info":{"display_name":"Miguel","author_link":"https:\/\/contextoanalisisperiodistico.com\/index.php\/author\/editor\/"},"category_info":"<a href=\"https:\/\/contextoanalisisperiodistico.com\/index.php\/category\/municipios\/\" rel=\"category tag\">Municipios<\/a>","tag_info":"Municipios","comment_count":"0","jetpack_featured_media_url":"","_links":{"self":[{"href":"https:\/\/contextoanalisisperiodistico.com\/index.php\/wp-json\/wp\/v2\/posts\/1608"}],"collection":[{"href":"https:\/\/contextoanalisisperiodistico.com\/index.php\/wp-json\/wp\/v2\/posts"}],"about":[{"href":"https:\/\/contextoanalisisperiodistico.com\/index.php\/wp-json\/wp\/v2\/types\/post"}],"author":[{"embeddable":true,"href":"https:\/\/contextoanalisisperiodistico.com\/index.php\/wp-json\/wp\/v2\/users\/2"}],"replies":[{"embeddable":true,"href":"https:\/\/contextoanalisisperiodistico.com\/index.php\/wp-json\/wp\/v2\/comments?post=1608"}],"version-history":[{"count":0,"href":"https:\/\/contextoanalisisperiodistico.com\/index.php\/wp-json\/wp\/v2\/posts\/1608\/revisions"}],"wp:featuredmedia":[{"embeddable":true,"href":"https:\/\/contextoanalisisperiodistico.com\/index.php\/wp-json\/"}],"wp:attachment":[{"href":"https:\/\/contextoanalisisperiodistico.com\/index.php\/wp-json\/wp\/v2\/media?parent=1608"}],"wp:term":[{"taxonomy":"category","embeddable":true,"href":"https:\/\/contextoanalisisperiodistico.com\/index.php\/wp-json\/wp\/v2\/categories?post=1608"},{"taxonomy":"post_tag","embeddable":true,"href":"https:\/\/contextoanalisisperiodistico.com\/index.php\/wp-json\/wp\/v2\/tags?post=1608"}],"curies":[{"name":"wp","href":"https:\/\/api.w.org\/{rel}","templated":true}]}}