{"id":1600,"date":"2022-03-25T14:22:55","date_gmt":"2022-03-25T20:22:55","guid":{"rendered":"http:\/\/contextoanalisisperiodistico.com.mx\/2022\/03\/25\/en-redes-informacion-de-anonymous-sobre-brotan-las-aguas-negras-del-cartel-de-lopez-lopez-primera-parte\/"},"modified":"2022-03-25T14:22:55","modified_gmt":"2022-03-25T20:22:55","slug":"en-redes-informacion-de-anonymous-sobre-brotan-las-aguas-negras-del-cartel-de-lopez-lopez-primera-parte","status":"publish","type":"post","link":"https:\/\/contextoanalisisperiodistico.com\/index.php\/2022\/03\/25\/en-redes-informacion-de-anonymous-sobre-brotan-las-aguas-negras-del-cartel-de-lopez-lopez-primera-parte\/","title":{"rendered":"En redes, informaci\u00f3n de Anonymous sobre: \u201cbrotan las aguas negras del C\u00e1rtel de L\u00f3pez L\u00f3pez\u201d (primera parte)"},"content":{"rendered":"<div id=\"fb-root\"><\/div>\n\n<p>En el video, la voz advierte al pueblo de Xoxocotl\u00e1n:<br \/>\u201cEl C\u00e1rtel de los L\u00f3pez L\u00f3pez amenaza con seguir saqueando Xoxocotl\u00e1n\u201d.<br \/>Luego, sugiere:<br \/>\u201cL\u00f3pez Jarqu\u00edn m\u00e1s que seguir en el poder municipal necesita desesperadamente irse del pa\u00eds\u201d.<br \/>Explica:&nbsp;<br \/>\u201cSeg\u00fan las auditor\u00edas del \u00d3rgano Superior del Estado de Oaxaca descubre que tan solo en el ejercicio 2018 la administraci\u00f3n de L\u00f3pez Jarqu\u00edn tiene observaciones por el orden de los 90 millones de pesos, de los ramos 33, 28 y 23, recursos que se pueden usar a discreci\u00f3n y total impunidad\u201d.<br \/>Agrega la voz:<br \/>\u201cAlgunas observaciones son en las supuestas entregas escolares por un monto superior a los 5 millones de pesos; al igual que \u00fatiles escolares por m\u00e1s de 800 mil pesos por la v\u00eda de adjudicaci\u00f3n directa; todo es comprobable simplemente revisando el orden de la auditoria que ya se encuentra en la Auditoria Superior de la Federaci\u00f3n\u201d.<br \/>Condena la voz:<br \/>\u201cIndignante que tambi\u00e9n haya adjudicaciones en la entrega de apoyos alimentarios cuando las familias m\u00e1s pobres de Xoxo\ufeff no tiene alimento, en contraste con la reciente adquisici\u00f3n de los L\u00f3pez L\u00f3pez de una residencia, en Bosque de las Lomas, de la CDMX, con un valor de 35 millones 500 mil pesos\u201d.<br \/>Sube el tono de la voz:<br \/>\u201cLo que m\u00e1s resulta ofensivo son los contratos en materia de obra p\u00fablica que nunca fueron ejecutadas como canales pluviales y pozos profundos, principalmente. Sumas millonarias entregadas a empresas que aparecen con el nombre de Lenin L\u00f3pez Nelio, Hermano de Tania L\u00f3pez, candidata de Morena a la presidencia y esposa de Alejandro L\u00f3pez Jarqu\u00edn, ex presidente municipal con la obsesi\u00f3n de heredarle la silla municipal a su c\u00f3nyuge\u201d.<br \/>Son parte de los temas que narra la voz en lo que clasifica como primera parte de un trabajo de denuncia.<\/p>\n\n\n\n<figure class=\"wp-block-video\"><video controls src=\"https:\/\/contextoinformacionyanalisisperiodistico.files.wordpress.com\/2022\/03\/vid-20220325-wa0012.mp4\"><\/video><\/figure>\n","protected":false},"excerpt":{"rendered":"<p>En el video, la voz advierte al pueblo de Xoxocotl\u00e1n:\u201cEl C\u00e1rtel de los L\u00f3pez L\u00f3pez&#8230;<\/p>\n","protected":false},"author":2,"featured_media":0,"comment_status":"open","ping_status":"open","sticky":false,"template":"","format":"standard","meta":{"footnotes":""},"categories":[7,9],"tags":[],"jetpack_sharing_enabled":true,"featured_image_urls":{"full":"","thumbnail":"","medium":"","medium_large":"","large":"","1536x1536":"","2048x2048":"","covernews-slider-full":"","covernews-slider-center":"","covernews-featured":"","covernews-medium":"","covernews-medium-square":""},"author_info":{"display_name":"Miguel","author_link":"https:\/\/contextoanalisisperiodistico.com\/index.php\/author\/editor\/"},"category_info":"<a href=\"https:\/\/contextoanalisisperiodistico.com\/index.php\/category\/municipios\/\" rel=\"category tag\">Municipios<\/a> <a href=\"https:\/\/contextoanalisisperiodistico.com\/index.php\/category\/politica\/\" rel=\"category tag\">Pol\u00edtica<\/a>","tag_info":"Pol\u00edtica","comment_count":"0","jetpack_featured_media_url":"","_links":{"self":[{"href":"https:\/\/contextoanalisisperiodistico.com\/index.php\/wp-json\/wp\/v2\/posts\/1600"}],"collection":[{"href":"https:\/\/contextoanalisisperiodistico.com\/index.php\/wp-json\/wp\/v2\/posts"}],"about":[{"href":"https:\/\/contextoanalisisperiodistico.com\/index.php\/wp-json\/wp\/v2\/types\/post"}],"author":[{"embeddable":true,"href":"https:\/\/contextoanalisisperiodistico.com\/index.php\/wp-json\/wp\/v2\/users\/2"}],"replies":[{"embeddable":true,"href":"https:\/\/contextoanalisisperiodistico.com\/index.php\/wp-json\/wp\/v2\/comments?post=1600"}],"version-history":[{"count":0,"href":"https:\/\/contextoanalisisperiodistico.com\/index.php\/wp-json\/wp\/v2\/posts\/1600\/revisions"}],"wp:attachment":[{"href":"https:\/\/contextoanalisisperiodistico.com\/index.php\/wp-json\/wp\/v2\/media?parent=1600"}],"wp:term":[{"taxonomy":"category","embeddable":true,"href":"https:\/\/contextoanalisisperiodistico.com\/index.php\/wp-json\/wp\/v2\/categories?post=1600"},{"taxonomy":"post_tag","embeddable":true,"href":"https:\/\/contextoanalisisperiodistico.com\/index.php\/wp-json\/wp\/v2\/tags?post=1600"}],"curies":[{"name":"wp","href":"https:\/\/api.w.org\/{rel}","templated":true}]}}