{"id":15947,"date":"2023-07-14T15:25:38","date_gmt":"2023-07-14T21:25:38","guid":{"rendered":"https:\/\/contextoanalisisperiodistico.com\/?p=15947"},"modified":"2023-07-14T15:25:49","modified_gmt":"2023-07-14T21:25:49","slug":"arranca-feria-internacional-del-mezcal-2023-sector-productivo-el-centro-de-atencion","status":"publish","type":"post","link":"https:\/\/contextoanalisisperiodistico.com\/index.php\/2023\/07\/14\/arranca-feria-internacional-del-mezcal-2023-sector-productivo-el-centro-de-atencion\/","title":{"rendered":"<em>Arranca Feria Internacional del Mezcal 2023; sector productivo, el centro de atenci\u00f3n<\/em>"},"content":{"rendered":"<div id=\"fb-root\"><\/div>\n\n<p>\u25cf El Gobernador Salom\u00f3n Jara Cruz, junto a la Presidenta Honoraria del DIF Oaxaca Irma Bola\u00f1os Quijano inauguraron este encuentro en el marco de las festividades de la Guelaguetza<\/p>\n\n\n\n<p>\u25cf Se le entreg\u00f3 un reconocimiento a Osnar L\u00f3pez Gallegos, ganador del certamen de la imagen oficial de esta feria con su obra \u201cEl dorado elixir de la vida\u201d<\/p>\n\n\n\n<p>Santa Luc\u00eda del Camino, Oax. 14 de julio 2023.- Con la participaci\u00f3n de productores y productoras de la cadena agave-mezcal que trabajan para posesionarse a nivel nacional y mundial, el Gobernador Salom\u00f3n Jara Cruz inaugur\u00f3 la 24 edici\u00f3n de la Feria Internacional del Mezcal 2023 que se desarrollar\u00e1 del 14 al 25 de julio en el marco de las festividades de Julio, mes de la Guelaguetza.<\/p>\n\n\n\n<p>En un ambiente de fiesta por el convite previo al arranque y que es caracter\u00edstico de estas celebraciones, el Mandatario Estatal junto a la Presidenta Honoraria del Sistema para el Desarrollo Integral de la Familia (DIF) Oaxaca Irma Bola\u00f1os Quijano y la representante de la Diosa Cent\u00e9otl 2023, Leticia Santiago Guzm\u00e1n, entreg\u00f3 un reconocimiento a Osnar L\u00f3pez Gallegos, ganador del certamen de la imagen oficial de la Feria Internacional del Mezcal 2023 con su obra \u201cEl dorado elixir de la vida\u201d, a quien felicit\u00f3 por su creatividad.<\/p>\n\n\n\n<p>Posteriormente realizaron un recorrido por los stands de esta feria que se ubica en el Centro Cultural y de Convenciones de Oaxaca (CCCO) para conocer las m\u00faltiples variedades de esta bebida ancestral y que la entidad ha sido reconocida por su producci\u00f3n de calidad y caracter\u00edsticas \u00fanicas que ha conquistado a las personas expertas m\u00e1s exigentes.<\/p>\n\n\n\n<p>\u201cEs una muestra \u00fanica de gran transcendencia que posee Oaxaca\u201d, exclam\u00f3 el Gobernador Salom\u00f3n Jara.<\/p>\n\n\n\n<p>La explicaci\u00f3n estuvo a cargo del secretario de Desarrollo Econ\u00f3mico Ra\u00fal Ruiz Robles, quien expuso que se contar\u00e1 con cinco pabellones, en los que se ubican 85 m\u00f3dulos para la muestra de mezcal, 20 para productores agroindustriales, 16 de caf\u00e9 y 20 de cerveza artesanal. Al menos 29 m\u00e1s participar\u00e1n por primera vez en este encuentro.<\/p>\n\n\n\n<p>Durante la realizaci\u00f3n de la feria se presentar\u00e1n diversas actividades culturales y art\u00edsticas; esta edici\u00f3n se destaca por la presencia de mesas de negocios, cuya finalidad es acercar de manera directa y sin intermediarios a maestras y maestros mezcaleros y productores con compradores de talla nacional e internacional.<\/p>\n\n\n\n<p>Hasta esta fecha se tiene confirmada la participaci\u00f3n de 11 compradores, dos internacionales, dos nacionales y siete locales, quienes han manifestado su inter\u00e9s por comprar y en algunos casos exportar diversos productos que estar\u00e1n presentes en la feria, como mezcal, cerveza artesanal, productos agroindustriales, caf\u00e9 y destilados.<\/p>\n\n\n\n<p>Adem\u00e1s, se desarrollar\u00e1 un ciclo de conferencias de negocios bajo los siguientes rubros: marketing, innovaci\u00f3n, culturizaci\u00f3n y desarrollo de negocios, las cuales estar\u00e1n abiertas al p\u00fablico en general.<\/p>\n\n\n\n<p>Tambi\u00e9n se llevar\u00e1 a cabo la realizaci\u00f3n del D\u00eda del Magueyero, en la que se premiar\u00e1 a la pi\u00f1a de maguey m\u00e1s pesada.<\/p>\n\n\n\n<p>El centro de atenci\u00f3n de este encuentro son las y los mezcaleros oaxaque\u00f1os y cada uno de los eslabones que forman parte de esta industria.<\/p>\n\n\n\n<p>Este encuentro, el m\u00e1s importante del mezcal en Oaxaca, se desarrollar\u00e1 de 10:00 a 22:00 horas con la presentaci\u00f3n de diversas actividades art\u00edsticas, entre ellas, las de la Banda de Ocotl\u00e1n Rodolfo Morales, la Banda Musical de Zaachila Santa Cecilia, la Banda Filarm\u00f3nica Regional Mujeres del Viento Florido de Santa Mar\u00eda Tlahuitoltepec, la Casa Sotaventina, la Banda Municipal de la Villa de Etla y la Banda Filarm\u00f3nica de San Lorenzo Cacaotepec.<\/p>\n\n\n\n<figure class=\"wp-block-image size-large\"><img fetchpriority=\"high\" decoding=\"async\" width=\"1024\" height=\"727\" src=\"https:\/\/contextoanalisisperiodistico.com\/wp-content\/uploads\/2023\/07\/img-20230714-wa00697412504948084685632-1024x727.jpg\" alt=\"\" class=\"wp-image-15949\" srcset=\"https:\/\/contextoanalisisperiodistico.com\/wp-content\/uploads\/2023\/07\/img-20230714-wa00697412504948084685632-1024x727.jpg 1024w, https:\/\/contextoanalisisperiodistico.com\/wp-content\/uploads\/2023\/07\/img-20230714-wa00697412504948084685632-300x213.jpg 300w, https:\/\/contextoanalisisperiodistico.com\/wp-content\/uploads\/2023\/07\/img-20230714-wa00697412504948084685632-768x545.jpg 768w, https:\/\/contextoanalisisperiodistico.com\/wp-content\/uploads\/2023\/07\/img-20230714-wa00697412504948084685632.jpg 1427w\" sizes=\"(max-width: 1024px) 100vw, 1024px\" \/><\/figure>\n\n\n\n<figure class=\"wp-block-image\"><img decoding=\"async\" width=\"1024\" height=\"682\" src=\"https:\/\/contextoanalisisperiodistico.com\/wp-content\/uploads\/2023\/07\/img-20230714-wa00687920509365062336198-1024x682.jpg\" alt=\"\" class=\"wp-image-15950\" srcset=\"https:\/\/contextoanalisisperiodistico.com\/wp-content\/uploads\/2023\/07\/img-20230714-wa00687920509365062336198-1024x682.jpg 1024w, https:\/\/contextoanalisisperiodistico.com\/wp-content\/uploads\/2023\/07\/img-20230714-wa00687920509365062336198-300x200.jpg 300w, https:\/\/contextoanalisisperiodistico.com\/wp-content\/uploads\/2023\/07\/img-20230714-wa00687920509365062336198-768x512.jpg 768w, https:\/\/contextoanalisisperiodistico.com\/wp-content\/uploads\/2023\/07\/img-20230714-wa00687920509365062336198-1536x1023.jpg 1536w, https:\/\/contextoanalisisperiodistico.com\/wp-content\/uploads\/2023\/07\/img-20230714-wa00687920509365062336198.jpg 1600w\" sizes=\"(max-width: 1024px) 100vw, 1024px\" \/><\/figure>\n\n\n\n<figure class=\"wp-block-image\"><img decoding=\"async\" width=\"1024\" height=\"682\" src=\"https:\/\/contextoanalisisperiodistico.com\/wp-content\/uploads\/2023\/07\/img-20230714-wa00672730590802780318137-1024x682.jpg\" alt=\"\" class=\"wp-image-15951\" srcset=\"https:\/\/contextoanalisisperiodistico.com\/wp-content\/uploads\/2023\/07\/img-20230714-wa00672730590802780318137-1024x682.jpg 1024w, https:\/\/contextoanalisisperiodistico.com\/wp-content\/uploads\/2023\/07\/img-20230714-wa00672730590802780318137-300x200.jpg 300w, https:\/\/contextoanalisisperiodistico.com\/wp-content\/uploads\/2023\/07\/img-20230714-wa00672730590802780318137-768x512.jpg 768w, https:\/\/contextoanalisisperiodistico.com\/wp-content\/uploads\/2023\/07\/img-20230714-wa00672730590802780318137-1536x1023.jpg 1536w, https:\/\/contextoanalisisperiodistico.com\/wp-content\/uploads\/2023\/07\/img-20230714-wa00672730590802780318137.jpg 1600w\" sizes=\"(max-width: 1024px) 100vw, 1024px\" \/><\/figure>\n\n\n\n<figure class=\"wp-block-image\"><img loading=\"lazy\" decoding=\"async\" width=\"1024\" height=\"683\" src=\"https:\/\/contextoanalisisperiodistico.com\/wp-content\/uploads\/2023\/07\/img-20230714-wa00631374638749453299912-1024x683.jpg\" alt=\"\" class=\"wp-image-15952\" srcset=\"https:\/\/contextoanalisisperiodistico.com\/wp-content\/uploads\/2023\/07\/img-20230714-wa00631374638749453299912-1024x683.jpg 1024w, https:\/\/contextoanalisisperiodistico.com\/wp-content\/uploads\/2023\/07\/img-20230714-wa00631374638749453299912-300x200.jpg 300w, https:\/\/contextoanalisisperiodistico.com\/wp-content\/uploads\/2023\/07\/img-20230714-wa00631374638749453299912-768x512.jpg 768w, https:\/\/contextoanalisisperiodistico.com\/wp-content\/uploads\/2023\/07\/img-20230714-wa00631374638749453299912.jpg 1500w\" sizes=\"(max-width: 1024px) 100vw, 1024px\" \/><\/figure>\n\n\n\n<figure class=\"wp-block-image\"><img loading=\"lazy\" decoding=\"async\" width=\"1024\" height=\"683\" src=\"https:\/\/contextoanalisisperiodistico.com\/wp-content\/uploads\/2023\/07\/img-20230714-wa00626415094294506056587-1024x683.jpg\" alt=\"\" class=\"wp-image-15953\" srcset=\"https:\/\/contextoanalisisperiodistico.com\/wp-content\/uploads\/2023\/07\/img-20230714-wa00626415094294506056587-1024x683.jpg 1024w, https:\/\/contextoanalisisperiodistico.com\/wp-content\/uploads\/2023\/07\/img-20230714-wa00626415094294506056587-300x200.jpg 300w, https:\/\/contextoanalisisperiodistico.com\/wp-content\/uploads\/2023\/07\/img-20230714-wa00626415094294506056587-768x512.jpg 768w, https:\/\/contextoanalisisperiodistico.com\/wp-content\/uploads\/2023\/07\/img-20230714-wa00626415094294506056587.jpg 1450w\" sizes=\"(max-width: 1024px) 100vw, 1024px\" \/><\/figure>\n","protected":false},"excerpt":{"rendered":"<p>\u25cf El Gobernador Salom\u00f3n Jara Cruz, junto a la Presidenta Honoraria del DIF Oaxaca Irma&#8230;<\/p>\n","protected":false},"author":4,"featured_media":15948,"comment_status":"closed","ping_status":"open","sticky":false,"template":"","format":"standard","meta":{"footnotes":""},"categories":[9],"tags":[],"jetpack_sharing_enabled":true,"featured_image_urls":{"full":["https:\/\/contextoanalisisperiodistico.com\/wp-content\/uploads\/2023\/07\/IMG-20230714-WA0066.jpg",1600,1066,false],"thumbnail":["https:\/\/contextoanalisisperiodistico.com\/wp-content\/uploads\/2023\/07\/IMG-20230714-WA0066-150x150.jpg",150,150,true],"medium":["https:\/\/contextoanalisisperiodistico.com\/wp-content\/uploads\/2023\/07\/IMG-20230714-WA0066-300x200.jpg",300,200,true],"medium_large":["https:\/\/contextoanalisisperiodistico.com\/wp-content\/uploads\/2023\/07\/IMG-20230714-WA0066-768x512.jpg",640,427,true],"large":["https:\/\/contextoanalisisperiodistico.com\/wp-content\/uploads\/2023\/07\/IMG-20230714-WA0066-1024x682.jpg",640,426,true],"1536x1536":["https:\/\/contextoanalisisperiodistico.com\/wp-content\/uploads\/2023\/07\/IMG-20230714-WA0066-1536x1023.jpg",1536,1023,true],"2048x2048":["https:\/\/contextoanalisisperiodistico.com\/wp-content\/uploads\/2023\/07\/IMG-20230714-WA0066.jpg",1600,1066,false],"covernews-slider-full":["https:\/\/contextoanalisisperiodistico.com\/wp-content\/uploads\/2023\/07\/IMG-20230714-WA0066-1115x715.jpg",1115,715,true],"covernews-slider-center":["https:\/\/contextoanalisisperiodistico.com\/wp-content\/uploads\/2023\/07\/IMG-20230714-WA0066-800x500.jpg",800,500,true],"covernews-featured":["https:\/\/contextoanalisisperiodistico.com\/wp-content\/uploads\/2023\/07\/IMG-20230714-WA0066-1024x682.jpg",1024,682,true],"covernews-medium":["https:\/\/contextoanalisisperiodistico.com\/wp-content\/uploads\/2023\/07\/IMG-20230714-WA0066-540x340.jpg",540,340,true],"covernews-medium-square":["https:\/\/contextoanalisisperiodistico.com\/wp-content\/uploads\/2023\/07\/IMG-20230714-WA0066-400x250.jpg",400,250,true]},"author_info":{"display_name":"Mario Gir\u00f3n","author_link":"https:\/\/contextoanalisisperiodistico.com\/index.php\/author\/director\/"},"category_info":"<a href=\"https:\/\/contextoanalisisperiodistico.com\/index.php\/category\/politica\/\" rel=\"category tag\">Pol\u00edtica<\/a>","tag_info":"Pol\u00edtica","comment_count":"0","jetpack_featured_media_url":"https:\/\/contextoanalisisperiodistico.com\/wp-content\/uploads\/2023\/07\/IMG-20230714-WA0066.jpg","_links":{"self":[{"href":"https:\/\/contextoanalisisperiodistico.com\/index.php\/wp-json\/wp\/v2\/posts\/15947"}],"collection":[{"href":"https:\/\/contextoanalisisperiodistico.com\/index.php\/wp-json\/wp\/v2\/posts"}],"about":[{"href":"https:\/\/contextoanalisisperiodistico.com\/index.php\/wp-json\/wp\/v2\/types\/post"}],"author":[{"embeddable":true,"href":"https:\/\/contextoanalisisperiodistico.com\/index.php\/wp-json\/wp\/v2\/users\/4"}],"replies":[{"embeddable":true,"href":"https:\/\/contextoanalisisperiodistico.com\/index.php\/wp-json\/wp\/v2\/comments?post=15947"}],"version-history":[{"count":1,"href":"https:\/\/contextoanalisisperiodistico.com\/index.php\/wp-json\/wp\/v2\/posts\/15947\/revisions"}],"predecessor-version":[{"id":15954,"href":"https:\/\/contextoanalisisperiodistico.com\/index.php\/wp-json\/wp\/v2\/posts\/15947\/revisions\/15954"}],"wp:featuredmedia":[{"embeddable":true,"href":"https:\/\/contextoanalisisperiodistico.com\/index.php\/wp-json\/wp\/v2\/media\/15948"}],"wp:attachment":[{"href":"https:\/\/contextoanalisisperiodistico.com\/index.php\/wp-json\/wp\/v2\/media?parent=15947"}],"wp:term":[{"taxonomy":"category","embeddable":true,"href":"https:\/\/contextoanalisisperiodistico.com\/index.php\/wp-json\/wp\/v2\/categories?post=15947"},{"taxonomy":"post_tag","embeddable":true,"href":"https:\/\/contextoanalisisperiodistico.com\/index.php\/wp-json\/wp\/v2\/tags?post=15947"}],"curies":[{"name":"wp","href":"https:\/\/api.w.org\/{rel}","templated":true}]}}