{"id":15937,"date":"2023-07-14T15:19:43","date_gmt":"2023-07-14T21:19:43","guid":{"rendered":"https:\/\/contextoanalisisperiodistico.com\/?p=15937"},"modified":"2023-07-14T15:19:53","modified_gmt":"2023-07-14T21:19:53","slug":"expo-feria-artesanal-guelaguetza-2023-muestra-de-la-riqueza-cultural-de-oaxaca","status":"publish","type":"post","link":"https:\/\/contextoanalisisperiodistico.com\/index.php\/2023\/07\/14\/expo-feria-artesanal-guelaguetza-2023-muestra-de-la-riqueza-cultural-de-oaxaca\/","title":{"rendered":"<em>Expo Feria Artesanal Guelaguetza 2023, muestra de la riqueza cultural de Oaxaca<\/em>"},"content":{"rendered":"<div id=\"fb-root\"><\/div>\n\n<p>\u2022 El Gobernador Salom\u00f3n Jara Cruz y la Presidenta Honoraria del DIF Oaxaca Irma Bola\u00f1os Quijano inauguraron este espacio en el marco de las actividades de los Lunes del Cerro<\/p>\n\n\n\n<p>Santa Luc\u00eda del Camino, Oax. 14 de julio de 2023.- Las creaciones de oaxaque\u00f1as y oaxaque\u00f1os de las diferentes regiones del estado son mostradas para su difusi\u00f3n y comercializaci\u00f3n en la Expo Feria Artesanal Guelaguetza 2023 que se lleva a cabo en el Centro Cultural y de Convenciones de Oaxaca (CCCO) y que fue inaugurada por el Gobernador Salom\u00f3n Jara Cruz, como parte de las actividades de los Lunes del Cerro.<\/p>\n\n\n\n<p>Ante la Presidenta Honoraria del Sistema para el Desarrollo Integral de la Familia (DIF) Oaxaca Irma Bola\u00f1os Quijano y la representante de la Diosa Cent\u00e9otl 2023, Leticia Santiago Guzm\u00e1n, el Mandatario Estatal destac\u00f3 la riqueza artesanal que posee la entidad y que es reconocida a nivel internacional.<\/p>\n\n\n\n<p>En este lugar que cont\u00f3 con la presencia de cocineras y cocineros de las ocho regiones, reiter\u00f3 el compromiso de impulsar la comercializaci\u00f3n que permita el desarrollo de quienes se dedican a esta actividad que le ha dado fama mundial al estado.<\/p>\n\n\n\n<p>Esta muestra, que se presenta del 14 al 25 de julio, re\u00fane a 200 personas artesanas de 65 municipios, quienes representan todas las expresiones artesanales del estado mediante productos de alfarer\u00eda y cer\u00e1mica, orfebrer\u00eda, textiles, talabarter\u00eda y peleter\u00eda, vidrio, madera tallada, metalister\u00eda, cartoner\u00eda y papel, fibras artesanales, entre otros.<\/p>\n\n\n\n<p>De esta manera, durante las festividades de Julio, mes de la Guelaguetza y como parte del compromiso del Mandatario Estatal. La actividad tiene como prop\u00f3sito dignificar la labor de las y los artesanos, por ello los precios de las piezas que se ofertan son establecidos por ellos mismos sin intermediarios.<\/p>\n\n\n\n<p>Para incentivar la sana convivencia, la Expo Feria Artesanal presentar\u00e1 un programa cultural, donde el p\u00fablico asistente podr\u00e1 disfrutar de conciertos y bailes folcl\u00f3ricos.<\/p>\n\n\n\n<p>Esta muestra no solo trasmitir\u00e1 los saberes artesanales de la entidad, sino que el turismo local, nacional e internacional tendr\u00e1 la oportunidad de adquirir una pieza, mediante la cual se llevar\u00e1 parte de la esencia y riqueza cultural de Oaxaca.<\/p>\n\n\n\n<p>En su oportunidad, artesanas y artesanos agradecieron la oportunidad de contar con un espacio en donde las personas visitantes y oaxaque\u00f1as puedan conocer y adquirir algunas de las m\u00faltiples creaciones que se realizan en la entidad.<\/p>\n\n\n\n<figure class=\"wp-block-image size-large\"><img fetchpriority=\"high\" decoding=\"async\" width=\"1024\" height=\"701\" src=\"https:\/\/contextoanalisisperiodistico.com\/wp-content\/uploads\/2023\/07\/img-20230714-wa00755067812093002357474-1024x701.jpg\" alt=\"\" class=\"wp-image-15942\" srcset=\"https:\/\/contextoanalisisperiodistico.com\/wp-content\/uploads\/2023\/07\/img-20230714-wa00755067812093002357474-1024x701.jpg 1024w, https:\/\/contextoanalisisperiodistico.com\/wp-content\/uploads\/2023\/07\/img-20230714-wa00755067812093002357474-300x205.jpg 300w, https:\/\/contextoanalisisperiodistico.com\/wp-content\/uploads\/2023\/07\/img-20230714-wa00755067812093002357474-768x526.jpg 768w, https:\/\/contextoanalisisperiodistico.com\/wp-content\/uploads\/2023\/07\/img-20230714-wa00755067812093002357474-1536x1051.jpg 1536w, https:\/\/contextoanalisisperiodistico.com\/wp-content\/uploads\/2023\/07\/img-20230714-wa00755067812093002357474.jpg 1600w\" sizes=\"(max-width: 1024px) 100vw, 1024px\" \/><\/figure>\n\n\n\n<figure class=\"wp-block-image\"><img decoding=\"async\" width=\"1024\" height=\"682\" src=\"https:\/\/contextoanalisisperiodistico.com\/wp-content\/uploads\/2023\/07\/img-20230714-wa00747264210306106388368-1024x682.jpg\" alt=\"\" class=\"wp-image-15941\" srcset=\"https:\/\/contextoanalisisperiodistico.com\/wp-content\/uploads\/2023\/07\/img-20230714-wa00747264210306106388368-1024x682.jpg 1024w, https:\/\/contextoanalisisperiodistico.com\/wp-content\/uploads\/2023\/07\/img-20230714-wa00747264210306106388368-300x200.jpg 300w, https:\/\/contextoanalisisperiodistico.com\/wp-content\/uploads\/2023\/07\/img-20230714-wa00747264210306106388368-768x512.jpg 768w, https:\/\/contextoanalisisperiodistico.com\/wp-content\/uploads\/2023\/07\/img-20230714-wa00747264210306106388368-1536x1023.jpg 1536w, https:\/\/contextoanalisisperiodistico.com\/wp-content\/uploads\/2023\/07\/img-20230714-wa00747264210306106388368.jpg 1600w\" sizes=\"(max-width: 1024px) 100vw, 1024px\" \/><\/figure>\n\n\n\n<figure class=\"wp-block-image\"><img decoding=\"async\" width=\"1024\" height=\"682\" src=\"https:\/\/contextoanalisisperiodistico.com\/wp-content\/uploads\/2023\/07\/img-20230714-wa00806440968983271245107-1024x682.jpg\" alt=\"\" class=\"wp-image-15940\" srcset=\"https:\/\/contextoanalisisperiodistico.com\/wp-content\/uploads\/2023\/07\/img-20230714-wa00806440968983271245107-1024x682.jpg 1024w, https:\/\/contextoanalisisperiodistico.com\/wp-content\/uploads\/2023\/07\/img-20230714-wa00806440968983271245107-300x200.jpg 300w, https:\/\/contextoanalisisperiodistico.com\/wp-content\/uploads\/2023\/07\/img-20230714-wa00806440968983271245107-768x512.jpg 768w, https:\/\/contextoanalisisperiodistico.com\/wp-content\/uploads\/2023\/07\/img-20230714-wa00806440968983271245107-1536x1023.jpg 1536w, https:\/\/contextoanalisisperiodistico.com\/wp-content\/uploads\/2023\/07\/img-20230714-wa00806440968983271245107.jpg 1600w\" sizes=\"(max-width: 1024px) 100vw, 1024px\" \/><\/figure>\n\n\n\n<figure class=\"wp-block-image\"><img loading=\"lazy\" decoding=\"async\" width=\"1024\" height=\"682\" src=\"https:\/\/contextoanalisisperiodistico.com\/wp-content\/uploads\/2023\/07\/img-20230714-wa00771521412868239970988-1024x682.jpg\" alt=\"\" class=\"wp-image-15939\" srcset=\"https:\/\/contextoanalisisperiodistico.com\/wp-content\/uploads\/2023\/07\/img-20230714-wa00771521412868239970988-1024x682.jpg 1024w, https:\/\/contextoanalisisperiodistico.com\/wp-content\/uploads\/2023\/07\/img-20230714-wa00771521412868239970988-300x200.jpg 300w, https:\/\/contextoanalisisperiodistico.com\/wp-content\/uploads\/2023\/07\/img-20230714-wa00771521412868239970988-768x512.jpg 768w, https:\/\/contextoanalisisperiodistico.com\/wp-content\/uploads\/2023\/07\/img-20230714-wa00771521412868239970988-1536x1023.jpg 1536w, https:\/\/contextoanalisisperiodistico.com\/wp-content\/uploads\/2023\/07\/img-20230714-wa00771521412868239970988.jpg 1600w\" sizes=\"(max-width: 1024px) 100vw, 1024px\" \/><\/figure>\n\n\n\n<figure class=\"wp-block-image\"><img loading=\"lazy\" decoding=\"async\" width=\"1024\" height=\"682\" src=\"https:\/\/contextoanalisisperiodistico.com\/wp-content\/uploads\/2023\/07\/img-20230714-wa00787804614835692342540-1024x682.jpg\" alt=\"\" class=\"wp-image-15943\" srcset=\"https:\/\/contextoanalisisperiodistico.com\/wp-content\/uploads\/2023\/07\/img-20230714-wa00787804614835692342540-1024x682.jpg 1024w, https:\/\/contextoanalisisperiodistico.com\/wp-content\/uploads\/2023\/07\/img-20230714-wa00787804614835692342540-300x200.jpg 300w, https:\/\/contextoanalisisperiodistico.com\/wp-content\/uploads\/2023\/07\/img-20230714-wa00787804614835692342540-768x512.jpg 768w, https:\/\/contextoanalisisperiodistico.com\/wp-content\/uploads\/2023\/07\/img-20230714-wa00787804614835692342540-1536x1023.jpg 1536w, https:\/\/contextoanalisisperiodistico.com\/wp-content\/uploads\/2023\/07\/img-20230714-wa00787804614835692342540.jpg 1600w\" sizes=\"(max-width: 1024px) 100vw, 1024px\" \/><\/figure>\n\n\n\n<figure class=\"wp-block-image\"><img loading=\"lazy\" decoding=\"async\" width=\"1024\" height=\"645\" src=\"https:\/\/contextoanalisisperiodistico.com\/wp-content\/uploads\/2023\/07\/img-20230714-wa00814857123072957364795-1024x645.jpg\" alt=\"\" class=\"wp-image-15944\" srcset=\"https:\/\/contextoanalisisperiodistico.com\/wp-content\/uploads\/2023\/07\/img-20230714-wa00814857123072957364795-1024x645.jpg 1024w, https:\/\/contextoanalisisperiodistico.com\/wp-content\/uploads\/2023\/07\/img-20230714-wa00814857123072957364795-300x189.jpg 300w, https:\/\/contextoanalisisperiodistico.com\/wp-content\/uploads\/2023\/07\/img-20230714-wa00814857123072957364795-768x484.jpg 768w, https:\/\/contextoanalisisperiodistico.com\/wp-content\/uploads\/2023\/07\/img-20230714-wa00814857123072957364795-1536x968.jpg 1536w, https:\/\/contextoanalisisperiodistico.com\/wp-content\/uploads\/2023\/07\/img-20230714-wa00814857123072957364795-540x340.jpg 540w, https:\/\/contextoanalisisperiodistico.com\/wp-content\/uploads\/2023\/07\/img-20230714-wa00814857123072957364795.jpg 1600w\" sizes=\"(max-width: 1024px) 100vw, 1024px\" \/><\/figure>\n\n\n\n<figure class=\"wp-block-image\"><img loading=\"lazy\" decoding=\"async\" width=\"1024\" height=\"758\" src=\"https:\/\/contextoanalisisperiodistico.com\/wp-content\/uploads\/2023\/07\/img-20230714-wa00797658007701324930035-1024x758.jpg\" alt=\"\" class=\"wp-image-15945\" srcset=\"https:\/\/contextoanalisisperiodistico.com\/wp-content\/uploads\/2023\/07\/img-20230714-wa00797658007701324930035-1024x758.jpg 1024w, https:\/\/contextoanalisisperiodistico.com\/wp-content\/uploads\/2023\/07\/img-20230714-wa00797658007701324930035-300x222.jpg 300w, https:\/\/contextoanalisisperiodistico.com\/wp-content\/uploads\/2023\/07\/img-20230714-wa00797658007701324930035-768x568.jpg 768w, https:\/\/contextoanalisisperiodistico.com\/wp-content\/uploads\/2023\/07\/img-20230714-wa00797658007701324930035-1536x1137.jpg 1536w, https:\/\/contextoanalisisperiodistico.com\/wp-content\/uploads\/2023\/07\/img-20230714-wa00797658007701324930035.jpg 1600w\" sizes=\"(max-width: 1024px) 100vw, 1024px\" \/><\/figure>\n","protected":false},"excerpt":{"rendered":"<p>\u2022 El Gobernador Salom\u00f3n Jara Cruz y la Presidenta Honoraria del DIF Oaxaca Irma Bola\u00f1os&#8230;<\/p>\n","protected":false},"author":4,"featured_media":15938,"comment_status":"closed","ping_status":"open","sticky":false,"template":"","format":"standard","meta":{"footnotes":""},"categories":[9],"tags":[],"jetpack_sharing_enabled":true,"featured_image_urls":{"full":["https:\/\/contextoanalisisperiodistico.com\/wp-content\/uploads\/2023\/07\/IMG-20230714-WA0073.jpg",1600,1066,false],"thumbnail":["https:\/\/contextoanalisisperiodistico.com\/wp-content\/uploads\/2023\/07\/IMG-20230714-WA0073-150x150.jpg",150,150,true],"medium":["https:\/\/contextoanalisisperiodistico.com\/wp-content\/uploads\/2023\/07\/IMG-20230714-WA0073-300x200.jpg",300,200,true],"medium_large":["https:\/\/contextoanalisisperiodistico.com\/wp-content\/uploads\/2023\/07\/IMG-20230714-WA0073-768x512.jpg",640,427,true],"large":["https:\/\/contextoanalisisperiodistico.com\/wp-content\/uploads\/2023\/07\/IMG-20230714-WA0073-1024x682.jpg",640,426,true],"1536x1536":["https:\/\/contextoanalisisperiodistico.com\/wp-content\/uploads\/2023\/07\/IMG-20230714-WA0073-1536x1023.jpg",1536,1023,true],"2048x2048":["https:\/\/contextoanalisisperiodistico.com\/wp-content\/uploads\/2023\/07\/IMG-20230714-WA0073.jpg",1600,1066,false],"covernews-slider-full":["https:\/\/contextoanalisisperiodistico.com\/wp-content\/uploads\/2023\/07\/IMG-20230714-WA0073-1115x715.jpg",1115,715,true],"covernews-slider-center":["https:\/\/contextoanalisisperiodistico.com\/wp-content\/uploads\/2023\/07\/IMG-20230714-WA0073-800x500.jpg",800,500,true],"covernews-featured":["https:\/\/contextoanalisisperiodistico.com\/wp-content\/uploads\/2023\/07\/IMG-20230714-WA0073-1024x682.jpg",1024,682,true],"covernews-medium":["https:\/\/contextoanalisisperiodistico.com\/wp-content\/uploads\/2023\/07\/IMG-20230714-WA0073-540x340.jpg",540,340,true],"covernews-medium-square":["https:\/\/contextoanalisisperiodistico.com\/wp-content\/uploads\/2023\/07\/IMG-20230714-WA0073-400x250.jpg",400,250,true]},"author_info":{"display_name":"Mario Gir\u00f3n","author_link":"https:\/\/contextoanalisisperiodistico.com\/index.php\/author\/director\/"},"category_info":"<a href=\"https:\/\/contextoanalisisperiodistico.com\/index.php\/category\/politica\/\" rel=\"category tag\">Pol\u00edtica<\/a>","tag_info":"Pol\u00edtica","comment_count":"0","jetpack_featured_media_url":"https:\/\/contextoanalisisperiodistico.com\/wp-content\/uploads\/2023\/07\/IMG-20230714-WA0073.jpg","_links":{"self":[{"href":"https:\/\/contextoanalisisperiodistico.com\/index.php\/wp-json\/wp\/v2\/posts\/15937"}],"collection":[{"href":"https:\/\/contextoanalisisperiodistico.com\/index.php\/wp-json\/wp\/v2\/posts"}],"about":[{"href":"https:\/\/contextoanalisisperiodistico.com\/index.php\/wp-json\/wp\/v2\/types\/post"}],"author":[{"embeddable":true,"href":"https:\/\/contextoanalisisperiodistico.com\/index.php\/wp-json\/wp\/v2\/users\/4"}],"replies":[{"embeddable":true,"href":"https:\/\/contextoanalisisperiodistico.com\/index.php\/wp-json\/wp\/v2\/comments?post=15937"}],"version-history":[{"count":1,"href":"https:\/\/contextoanalisisperiodistico.com\/index.php\/wp-json\/wp\/v2\/posts\/15937\/revisions"}],"predecessor-version":[{"id":15946,"href":"https:\/\/contextoanalisisperiodistico.com\/index.php\/wp-json\/wp\/v2\/posts\/15937\/revisions\/15946"}],"wp:featuredmedia":[{"embeddable":true,"href":"https:\/\/contextoanalisisperiodistico.com\/index.php\/wp-json\/wp\/v2\/media\/15938"}],"wp:attachment":[{"href":"https:\/\/contextoanalisisperiodistico.com\/index.php\/wp-json\/wp\/v2\/media?parent=15937"}],"wp:term":[{"taxonomy":"category","embeddable":true,"href":"https:\/\/contextoanalisisperiodistico.com\/index.php\/wp-json\/wp\/v2\/categories?post=15937"},{"taxonomy":"post_tag","embeddable":true,"href":"https:\/\/contextoanalisisperiodistico.com\/index.php\/wp-json\/wp\/v2\/tags?post=15937"}],"curies":[{"name":"wp","href":"https:\/\/api.w.org\/{rel}","templated":true}]}}