{"id":15930,"date":"2023-07-14T11:33:51","date_gmt":"2023-07-14T17:33:51","guid":{"rendered":"https:\/\/contextoanalisisperiodistico.com\/?p=15930"},"modified":"2023-07-14T11:34:10","modified_gmt":"2023-07-14T17:34:10","slug":"en-unidad-sesesp-y-ciudadania-dignifican-central-de-abasto","status":"publish","type":"post","link":"https:\/\/contextoanalisisperiodistico.com\/index.php\/2023\/07\/14\/en-unidad-sesesp-y-ciudadania-dignifican-central-de-abasto\/","title":{"rendered":"En unidad, SESESP y ciudadan\u00eda dignifican Central de Abasto"},"content":{"rendered":"<div id=\"fb-root\"><\/div>\n\n<p>\u2022 Personal del SESESP se sum\u00f3 a acciones de limpia y embellecimiento de la Central de Abasto y vialidades de acceso<\/p>\n\n\n\n<p>\u2022 Con el objetivo de promover la cultura de paz a trav\u00e9s del arte inici\u00f3 el curso de verano de Canto Infantil y Juvenil<\/p>\n\n\n\n<p>Oaxaca de Ju\u00e1rez, Oax. 14 de julio de 2023.- El Secretariado Ejecutivo del Sistema Estatal de Seguridad P\u00fablica de Oaxaca (SESESP) en coordinaci\u00f3n con locatarios de la Central de Abasto e instituciones de los tres niveles de gobierno, realizaron acciones para dignificar este importante centro de negocios.<\/p>\n\n\n\n<p>A trav\u00e9s del Centro Estatal de Prevenci\u00f3n, el SESESP junto a las secretar\u00edas de Seguridad y Protecci\u00f3n Ciudadana; Turismo; Bienestar, Tequio e Inclusi\u00f3n, realizaron trabajos de limpia y embellecimiento de la Central de Abasto y vialidades de acceso.<\/p>\n\n\n\n<p>Con el apoyo de comerciantes y j\u00f3venes del Servicio Militar Nacional, un total de 675 oaxaque\u00f1as y oaxaque\u00f1os se sumaron a estas tareas de mantenimiento y preservaci\u00f3n de los entornos urbanos, a fin de dignificar las condiciones en las que se desarrollan las actividades econ\u00f3micas del lugar.<\/p>\n\n\n\n<p>Inicia curso de verano en la explanada de la zona seca<\/p>\n\n\n\n<p>Asimismo y con el objetivo de promover la cultura de paz a trav\u00e9s del arte, se dio inicio al curso de verano de Canto Infantil y Juvenil, que se desarrollar\u00e1 hasta el 17 de agosto en la explanada de la zona seca de la Central de Abasto.<\/p>\n\n\n\n<p>En este sentido, las madres y padres de familia interesados en inscribir a sus hijas e hijos a\u00fan pueden hacerlo, comunic\u00e1ndose a los n\u00fameros 951 408 79 63 y 951 569 31 38 para solicitar m\u00e1s informaci\u00f3n sobre el desarrollo de la actividad.<\/p>\n\n\n\n<p>Con estas acciones se atiende uno de los ejes fundamentales de la pol\u00edtica del Mandatario Estatal Salom\u00f3n Jara Cruz, que es la construcci\u00f3n de la paz en Oaxaca desde una perspectiva de dignificaci\u00f3n.<\/p>\n\n\n\n<figure class=\"wp-block-image size-large\"><img fetchpriority=\"high\" decoding=\"async\" width=\"1024\" height=\"683\" src=\"https:\/\/contextoanalisisperiodistico.com\/wp-content\/uploads\/2023\/07\/img-20230714-wa0032103302581014138860-1024x683.jpg\" alt=\"\" class=\"wp-image-15933\" srcset=\"https:\/\/contextoanalisisperiodistico.com\/wp-content\/uploads\/2023\/07\/img-20230714-wa0032103302581014138860-1024x683.jpg 1024w, https:\/\/contextoanalisisperiodistico.com\/wp-content\/uploads\/2023\/07\/img-20230714-wa0032103302581014138860-300x200.jpg 300w, https:\/\/contextoanalisisperiodistico.com\/wp-content\/uploads\/2023\/07\/img-20230714-wa0032103302581014138860-768x512.jpg 768w, https:\/\/contextoanalisisperiodistico.com\/wp-content\/uploads\/2023\/07\/img-20230714-wa0032103302581014138860.jpg 1531w\" sizes=\"(max-width: 1024px) 100vw, 1024px\" \/><\/figure>\n\n\n\n<figure class=\"wp-block-image\"><img decoding=\"async\" width=\"1024\" height=\"682\" src=\"https:\/\/contextoanalisisperiodistico.com\/wp-content\/uploads\/2023\/07\/img-20230714-wa00307868541542909675592-1024x682.jpg\" alt=\"\" class=\"wp-image-15934\" srcset=\"https:\/\/contextoanalisisperiodistico.com\/wp-content\/uploads\/2023\/07\/img-20230714-wa00307868541542909675592-1024x682.jpg 1024w, https:\/\/contextoanalisisperiodistico.com\/wp-content\/uploads\/2023\/07\/img-20230714-wa00307868541542909675592-300x200.jpg 300w, https:\/\/contextoanalisisperiodistico.com\/wp-content\/uploads\/2023\/07\/img-20230714-wa00307868541542909675592-768x512.jpg 768w, https:\/\/contextoanalisisperiodistico.com\/wp-content\/uploads\/2023\/07\/img-20230714-wa00307868541542909675592-1536x1023.jpg 1536w, https:\/\/contextoanalisisperiodistico.com\/wp-content\/uploads\/2023\/07\/img-20230714-wa00307868541542909675592.jpg 1600w\" sizes=\"(max-width: 1024px) 100vw, 1024px\" \/><\/figure>\n\n\n\n<figure class=\"wp-block-image\"><img decoding=\"async\" width=\"300\" height=\"226\" src=\"https:\/\/contextoanalisisperiodistico.com\/wp-content\/uploads\/2023\/07\/img-20230714-wa00342474179830659410375-300x226.jpg\" alt=\"\" class=\"wp-image-15932\" srcset=\"https:\/\/contextoanalisisperiodistico.com\/wp-content\/uploads\/2023\/07\/img-20230714-wa00342474179830659410375-300x226.jpg 300w, https:\/\/contextoanalisisperiodistico.com\/wp-content\/uploads\/2023\/07\/img-20230714-wa00342474179830659410375-768x578.jpg 768w, https:\/\/contextoanalisisperiodistico.com\/wp-content\/uploads\/2023\/07\/img-20230714-wa00342474179830659410375.jpg 1024w\" sizes=\"(max-width: 300px) 100vw, 300px\" \/><\/figure>\n\n\n\n<figure class=\"wp-block-image\"><img loading=\"lazy\" decoding=\"async\" width=\"1024\" height=\"683\" src=\"https:\/\/contextoanalisisperiodistico.com\/wp-content\/uploads\/2023\/07\/img-20230714-wa00315941059462978205545-1024x683.jpg\" alt=\"\" class=\"wp-image-15935\" srcset=\"https:\/\/contextoanalisisperiodistico.com\/wp-content\/uploads\/2023\/07\/img-20230714-wa00315941059462978205545-1024x683.jpg 1024w, https:\/\/contextoanalisisperiodistico.com\/wp-content\/uploads\/2023\/07\/img-20230714-wa00315941059462978205545-300x200.jpg 300w, https:\/\/contextoanalisisperiodistico.com\/wp-content\/uploads\/2023\/07\/img-20230714-wa00315941059462978205545-768x512.jpg 768w, https:\/\/contextoanalisisperiodistico.com\/wp-content\/uploads\/2023\/07\/img-20230714-wa00315941059462978205545.jpg 1531w\" sizes=\"(max-width: 1024px) 100vw, 1024px\" \/><\/figure>\n","protected":false},"excerpt":{"rendered":"<p>\u2022 Personal del SESESP se sum\u00f3 a acciones de limpia y embellecimiento de la Central&#8230;<\/p>\n","protected":false},"author":4,"featured_media":15931,"comment_status":"closed","ping_status":"open","sticky":false,"template":"","format":"standard","meta":{"footnotes":""},"categories":[9],"tags":[],"jetpack_sharing_enabled":true,"featured_image_urls":{"full":["https:\/\/contextoanalisisperiodistico.com\/wp-content\/uploads\/2023\/07\/IMG-20230714-WA0033.jpg",1600,1158,false],"thumbnail":["https:\/\/contextoanalisisperiodistico.com\/wp-content\/uploads\/2023\/07\/IMG-20230714-WA0033-150x150.jpg",150,150,true],"medium":["https:\/\/contextoanalisisperiodistico.com\/wp-content\/uploads\/2023\/07\/IMG-20230714-WA0033-300x217.jpg",300,217,true],"medium_large":["https:\/\/contextoanalisisperiodistico.com\/wp-content\/uploads\/2023\/07\/IMG-20230714-WA0033-768x556.jpg",640,463,true],"large":["https:\/\/contextoanalisisperiodistico.com\/wp-content\/uploads\/2023\/07\/IMG-20230714-WA0033-1024x741.jpg",640,463,true],"1536x1536":["https:\/\/contextoanalisisperiodistico.com\/wp-content\/uploads\/2023\/07\/IMG-20230714-WA0033-1536x1112.jpg",1536,1112,true],"2048x2048":["https:\/\/contextoanalisisperiodistico.com\/wp-content\/uploads\/2023\/07\/IMG-20230714-WA0033.jpg",1600,1158,false],"covernews-slider-full":["https:\/\/contextoanalisisperiodistico.com\/wp-content\/uploads\/2023\/07\/IMG-20230714-WA0033-1115x715.jpg",1115,715,true],"covernews-slider-center":["https:\/\/contextoanalisisperiodistico.com\/wp-content\/uploads\/2023\/07\/IMG-20230714-WA0033-800x500.jpg",800,500,true],"covernews-featured":["https:\/\/contextoanalisisperiodistico.com\/wp-content\/uploads\/2023\/07\/IMG-20230714-WA0033-1024x741.jpg",1024,741,true],"covernews-medium":["https:\/\/contextoanalisisperiodistico.com\/wp-content\/uploads\/2023\/07\/IMG-20230714-WA0033-540x340.jpg",540,340,true],"covernews-medium-square":["https:\/\/contextoanalisisperiodistico.com\/wp-content\/uploads\/2023\/07\/IMG-20230714-WA0033-400x250.jpg",400,250,true]},"author_info":{"display_name":"Mario Gir\u00f3n","author_link":"https:\/\/contextoanalisisperiodistico.com\/index.php\/author\/director\/"},"category_info":"<a href=\"https:\/\/contextoanalisisperiodistico.com\/index.php\/category\/politica\/\" rel=\"category tag\">Pol\u00edtica<\/a>","tag_info":"Pol\u00edtica","comment_count":"0","jetpack_featured_media_url":"https:\/\/contextoanalisisperiodistico.com\/wp-content\/uploads\/2023\/07\/IMG-20230714-WA0033.jpg","_links":{"self":[{"href":"https:\/\/contextoanalisisperiodistico.com\/index.php\/wp-json\/wp\/v2\/posts\/15930"}],"collection":[{"href":"https:\/\/contextoanalisisperiodistico.com\/index.php\/wp-json\/wp\/v2\/posts"}],"about":[{"href":"https:\/\/contextoanalisisperiodistico.com\/index.php\/wp-json\/wp\/v2\/types\/post"}],"author":[{"embeddable":true,"href":"https:\/\/contextoanalisisperiodistico.com\/index.php\/wp-json\/wp\/v2\/users\/4"}],"replies":[{"embeddable":true,"href":"https:\/\/contextoanalisisperiodistico.com\/index.php\/wp-json\/wp\/v2\/comments?post=15930"}],"version-history":[{"count":1,"href":"https:\/\/contextoanalisisperiodistico.com\/index.php\/wp-json\/wp\/v2\/posts\/15930\/revisions"}],"predecessor-version":[{"id":15936,"href":"https:\/\/contextoanalisisperiodistico.com\/index.php\/wp-json\/wp\/v2\/posts\/15930\/revisions\/15936"}],"wp:featuredmedia":[{"embeddable":true,"href":"https:\/\/contextoanalisisperiodistico.com\/index.php\/wp-json\/wp\/v2\/media\/15931"}],"wp:attachment":[{"href":"https:\/\/contextoanalisisperiodistico.com\/index.php\/wp-json\/wp\/v2\/media?parent=15930"}],"wp:term":[{"taxonomy":"category","embeddable":true,"href":"https:\/\/contextoanalisisperiodistico.com\/index.php\/wp-json\/wp\/v2\/categories?post=15930"},{"taxonomy":"post_tag","embeddable":true,"href":"https:\/\/contextoanalisisperiodistico.com\/index.php\/wp-json\/wp\/v2\/tags?post=15930"}],"curies":[{"name":"wp","href":"https:\/\/api.w.org\/{rel}","templated":true}]}}