{"id":1590,"date":"2022-03-25T12:42:09","date_gmt":"2022-03-25T18:42:09","guid":{"rendered":"http:\/\/contextoanalisisperiodistico.com.mx\/2022\/03\/25\/erradiquemos-la-violencia-las-mujeres-merecen-respeto\/"},"modified":"2022-03-25T12:42:09","modified_gmt":"2022-03-25T18:42:09","slug":"erradiquemos-la-violencia-las-mujeres-merecen-respeto","status":"publish","type":"post","link":"https:\/\/contextoanalisisperiodistico.com\/index.php\/2022\/03\/25\/erradiquemos-la-violencia-las-mujeres-merecen-respeto\/","title":{"rendered":"Erradiquemos la violencia; las mujeres merecen respeto"},"content":{"rendered":"<div id=\"fb-root\"><\/div>\n\n<p>Gloria S\u00e1nchez:<br \/>\u00abEl 25 de cada mes es \u00abD\u00eda Naranja\u00bb, un d\u00eda dedicado a generar conciencia sobre la situaci\u00f3n de violencia que vivimos las mujeres y ni\u00f1as, y un llamado a todas y todos a la acci\u00f3n para ponerle fin\u00bb.<\/p>\n\n\n\n<p>\u00abUnamos nuestras voces y contribuyamos juntos a erradicar la violencia hacia las mujeres y ni\u00f1as\u00bb.<\/p>\n\n\n\n<p>#GloriaS\u00e1nchez<br \/>#D\u00edaNaranja<\/p>\n","protected":false},"excerpt":{"rendered":"<p>Gloria S\u00e1nchez:\u00abEl 25 de cada mes es \u00abD\u00eda Naranja\u00bb, un d\u00eda dedicado a generar conciencia&#8230;<\/p>\n","protected":false},"author":2,"featured_media":1589,"comment_status":"open","ping_status":"open","sticky":false,"template":"","format":"standard","meta":{"footnotes":""},"categories":[7,9],"tags":[],"jetpack_sharing_enabled":true,"featured_image_urls":{"full":"","thumbnail":"","medium":"","medium_large":"","large":"","1536x1536":"","2048x2048":"","covernews-slider-full":"","covernews-slider-center":"","covernews-featured":"","covernews-medium":"","covernews-medium-square":""},"author_info":{"display_name":"Miguel","author_link":"https:\/\/contextoanalisisperiodistico.com\/index.php\/author\/editor\/"},"category_info":"<a href=\"https:\/\/contextoanalisisperiodistico.com\/index.php\/category\/municipios\/\" rel=\"category tag\">Municipios<\/a> <a href=\"https:\/\/contextoanalisisperiodistico.com\/index.php\/category\/politica\/\" rel=\"category tag\">Pol\u00edtica<\/a>","tag_info":"Pol\u00edtica","comment_count":"0","jetpack_featured_media_url":"","_links":{"self":[{"href":"https:\/\/contextoanalisisperiodistico.com\/index.php\/wp-json\/wp\/v2\/posts\/1590"}],"collection":[{"href":"https:\/\/contextoanalisisperiodistico.com\/index.php\/wp-json\/wp\/v2\/posts"}],"about":[{"href":"https:\/\/contextoanalisisperiodistico.com\/index.php\/wp-json\/wp\/v2\/types\/post"}],"author":[{"embeddable":true,"href":"https:\/\/contextoanalisisperiodistico.com\/index.php\/wp-json\/wp\/v2\/users\/2"}],"replies":[{"embeddable":true,"href":"https:\/\/contextoanalisisperiodistico.com\/index.php\/wp-json\/wp\/v2\/comments?post=1590"}],"version-history":[{"count":0,"href":"https:\/\/contextoanalisisperiodistico.com\/index.php\/wp-json\/wp\/v2\/posts\/1590\/revisions"}],"wp:featuredmedia":[{"embeddable":true,"href":"https:\/\/contextoanalisisperiodistico.com\/index.php\/wp-json\/"}],"wp:attachment":[{"href":"https:\/\/contextoanalisisperiodistico.com\/index.php\/wp-json\/wp\/v2\/media?parent=1590"}],"wp:term":[{"taxonomy":"category","embeddable":true,"href":"https:\/\/contextoanalisisperiodistico.com\/index.php\/wp-json\/wp\/v2\/categories?post=1590"},{"taxonomy":"post_tag","embeddable":true,"href":"https:\/\/contextoanalisisperiodistico.com\/index.php\/wp-json\/wp\/v2\/tags?post=1590"}],"curies":[{"name":"wp","href":"https:\/\/api.w.org\/{rel}","templated":true}]}}