{"id":15567,"date":"2023-07-04T19:29:09","date_gmt":"2023-07-05T01:29:09","guid":{"rendered":"https:\/\/contextoanalisisperiodistico.com\/?p=15567"},"modified":"2023-07-04T19:29:20","modified_gmt":"2023-07-05T01:29:20","slug":"convoca-salomon-jara-a-comunidad-de-la-uabjo-a-fortalecer-alianza-por-la-educacion-superior","status":"publish","type":"post","link":"https:\/\/contextoanalisisperiodistico.com\/index.php\/2023\/07\/04\/convoca-salomon-jara-a-comunidad-de-la-uabjo-a-fortalecer-alianza-por-la-educacion-superior\/","title":{"rendered":"<em>Convoca Salom\u00f3n Jara a comunidad de la UABJO a fortalecer alianza por la educaci\u00f3n superior<\/em>"},"content":{"rendered":"<div id=\"fb-root\"><\/div>\n\n<p>\u2022 El mandatario estatal asisti\u00f3 a la presentaci\u00f3n del Primer Informe de Actividades del rector de la UABJO, Cristian Carre\u00f1o L\u00f3pez<br \/>\u2022 Reconoce la aportaci\u00f3n de la M\u00e1xima Casa de Estudios al desarrollo de Oaxaca<\/p>\n\n\n\n<p>Oaxaca de Ju\u00e1rez, Oax. 4 de julio de 2023.- Al acudir a la presentaci\u00f3n del Primer Informe de Actividades del rector de la Universidad Aut\u00f3noma Benito Ju\u00e1rez de Oaxaca (UABJO) Cristian Eder Carre\u00f1o L\u00f3pez, el Gobernador Salom\u00f3n Jara convoc\u00f3 a la comunidad universitaria a fortalecer la alianza por la educaci\u00f3n superior.<\/p>\n\n\n\n<p>Teniendo como escenario el patio central de la Escuela de Bellas Artes, el Mandatario oaxaque\u00f1o consider\u00f3 que la alianza permitir\u00e1 refrendar el honroso e inestimable papel que la M\u00e1xima Casa de Estudios de la entidad tiene en el avance indetenible de Oaxaca.<\/p>\n\n\n\n<p>\u201cSigamos haciendo grandiosa a nuestra universidad, sigamos fortaleciendo a esta instituci\u00f3n p\u00fablica para ampliar los horizontes profesionales de las y los j\u00f3venes de las ocho regiones del estado\u201d, manifest\u00f3.<\/p>\n\n\n\n<p>Ante exrectores de la instituci\u00f3n, 180 consejeras y consejeros universitarios acreditados legalmente, personal administrativo, profesorado y estudiantes, destac\u00f3 que desde el Gobierno estatal se trabaja para construir un nuevo rumbo para la entidad, con m\u00e1s igualdad y bienestar, pero sobre todo con m\u00e1s educaci\u00f3n, compromiso y altura de miras, a fin de escribir una narrativa de un Oaxaca m\u00e1s justo.<\/p>\n\n\n\n<p>Con la presencia de representantes de la Asociaci\u00f3n Nacional de Universidades e Instituciones de Educaci\u00f3n Superior (ANUIES), Salom\u00f3n Jara Cruz a\u00f1adi\u00f3 que la administraci\u00f3n estatal est\u00e1 comprometida con el impulso de pol\u00edticas p\u00fablicas que fomenten la calidad educativa y formen nuevas generaciones de profesionales comprometidos con el desarrollo integral y sostenible de la entidad.<\/p>\n\n\n\n<p>Asimismo, reconoci\u00f3 el trabajo desarrollado por la UABJO cuya labor educativa impulsa y transforma la historia de Oaxaca, \u201cla educaci\u00f3n superior tiene un papel definitivo en la formaci\u00f3n de profesionales y en el fomento de la investigaci\u00f3n, la ciencia y la tecnolog\u00eda como motores indispensables en el progreso colectivo.<\/p>\n\n\n\n<p>\u201cEs por ello que mi gobierno impulsa pol\u00edticas p\u00fablicas que fomenten la calidad educativa y formen nuevas generaciones de profesionales comprometidos con el desarrollo integral y sostenible de Oaxaca\u201d, dijo.<\/p>\n\n\n\n<p>Recalc\u00f3 que la Primavera Oaxaque\u00f1a hace patente el respaldo a la juventud en la salvaguarda de su derecho a la educaci\u00f3n.<\/p>\n\n\n\n<p>Por su parte, en la sesi\u00f3n solemne, el rector de la UABJO, Cristian Eder Carre\u00f1o L\u00f3pez destac\u00f3 que la M\u00e1xima Casa de Estudios de las y los oaxaque\u00f1os ha dejado de ser reh\u00e9n de grupos, la muestra es que ha sido un a\u00f1o sin tomas ni suspensi\u00f3n de clases.<\/p>\n\n\n\n<p>Dijo que desde el inicio de su gesti\u00f3n y luego de un diagn\u00f3stico de cada \u00e1rea de la Universidad, desde una perspectiva m\u00e1s realista y visi\u00f3n human\u00edstica, se elabor\u00f3 el Plan Institucional de Desarrollo UABJO 2022-2024.<\/p>\n\n\n\n<p>Inform\u00f3 que inici\u00f3 el saneamiento de las finanzas universitarias, el Programa de Reforma Legislativa Universitaria; tambi\u00e9n se firmaron las modificaciones al Reglamento de Pensiones y Jubilaciones y se aprob\u00f3 el Protocolo para la prevenci\u00f3n, atenci\u00f3n y erradicaci\u00f3n de la discriminaci\u00f3n, la violencia contra las mujeres, el hostigamiento y acoso sexual.<\/p>\n\n\n\n<figure class=\"wp-block-image size-large\"><img fetchpriority=\"high\" decoding=\"async\" width=\"1024\" height=\"682\" src=\"https:\/\/contextoanalisisperiodistico.com\/wp-content\/uploads\/2023\/07\/img-20230704-wa01232119080191696570448-1024x682.jpg\" alt=\"\" class=\"wp-image-15569\" srcset=\"https:\/\/contextoanalisisperiodistico.com\/wp-content\/uploads\/2023\/07\/img-20230704-wa01232119080191696570448-1024x682.jpg 1024w, https:\/\/contextoanalisisperiodistico.com\/wp-content\/uploads\/2023\/07\/img-20230704-wa01232119080191696570448-300x200.jpg 300w, https:\/\/contextoanalisisperiodistico.com\/wp-content\/uploads\/2023\/07\/img-20230704-wa01232119080191696570448-768x512.jpg 768w, https:\/\/contextoanalisisperiodistico.com\/wp-content\/uploads\/2023\/07\/img-20230704-wa01232119080191696570448-1536x1023.jpg 1536w, https:\/\/contextoanalisisperiodistico.com\/wp-content\/uploads\/2023\/07\/img-20230704-wa01232119080191696570448.jpg 1600w\" sizes=\"(max-width: 1024px) 100vw, 1024px\" \/><\/figure>\n","protected":false},"excerpt":{"rendered":"<p>\u2022 El mandatario estatal asisti\u00f3 a la presentaci\u00f3n del Primer Informe de Actividades del rector&#8230;<\/p>\n","protected":false},"author":4,"featured_media":15568,"comment_status":"closed","ping_status":"open","sticky":false,"template":"","format":"standard","meta":{"footnotes":""},"categories":[9],"tags":[],"jetpack_sharing_enabled":true,"featured_image_urls":{"full":["https:\/\/contextoanalisisperiodistico.com\/wp-content\/uploads\/2023\/07\/IMG-20230704-WA0121.jpg",1600,1066,false],"thumbnail":["https:\/\/contextoanalisisperiodistico.com\/wp-content\/uploads\/2023\/07\/IMG-20230704-WA0121-150x150.jpg",150,150,true],"medium":["https:\/\/contextoanalisisperiodistico.com\/wp-content\/uploads\/2023\/07\/IMG-20230704-WA0121-300x200.jpg",300,200,true],"medium_large":["https:\/\/contextoanalisisperiodistico.com\/wp-content\/uploads\/2023\/07\/IMG-20230704-WA0121-768x512.jpg",640,427,true],"large":["https:\/\/contextoanalisisperiodistico.com\/wp-content\/uploads\/2023\/07\/IMG-20230704-WA0121-1024x682.jpg",640,426,true],"1536x1536":["https:\/\/contextoanalisisperiodistico.com\/wp-content\/uploads\/2023\/07\/IMG-20230704-WA0121-1536x1023.jpg",1536,1023,true],"2048x2048":["https:\/\/contextoanalisisperiodistico.com\/wp-content\/uploads\/2023\/07\/IMG-20230704-WA0121.jpg",1600,1066,false],"covernews-slider-full":["https:\/\/contextoanalisisperiodistico.com\/wp-content\/uploads\/2023\/07\/IMG-20230704-WA0121-1115x715.jpg",1115,715,true],"covernews-slider-center":["https:\/\/contextoanalisisperiodistico.com\/wp-content\/uploads\/2023\/07\/IMG-20230704-WA0121-800x500.jpg",800,500,true],"covernews-featured":["https:\/\/contextoanalisisperiodistico.com\/wp-content\/uploads\/2023\/07\/IMG-20230704-WA0121-1024x682.jpg",1024,682,true],"covernews-medium":["https:\/\/contextoanalisisperiodistico.com\/wp-content\/uploads\/2023\/07\/IMG-20230704-WA0121-540x340.jpg",540,340,true],"covernews-medium-square":["https:\/\/contextoanalisisperiodistico.com\/wp-content\/uploads\/2023\/07\/IMG-20230704-WA0121-400x250.jpg",400,250,true]},"author_info":{"display_name":"Mario Gir\u00f3n","author_link":"https:\/\/contextoanalisisperiodistico.com\/index.php\/author\/director\/"},"category_info":"<a href=\"https:\/\/contextoanalisisperiodistico.com\/index.php\/category\/politica\/\" rel=\"category tag\">Pol\u00edtica<\/a>","tag_info":"Pol\u00edtica","comment_count":"0","jetpack_featured_media_url":"https:\/\/contextoanalisisperiodistico.com\/wp-content\/uploads\/2023\/07\/IMG-20230704-WA0121.jpg","_links":{"self":[{"href":"https:\/\/contextoanalisisperiodistico.com\/index.php\/wp-json\/wp\/v2\/posts\/15567"}],"collection":[{"href":"https:\/\/contextoanalisisperiodistico.com\/index.php\/wp-json\/wp\/v2\/posts"}],"about":[{"href":"https:\/\/contextoanalisisperiodistico.com\/index.php\/wp-json\/wp\/v2\/types\/post"}],"author":[{"embeddable":true,"href":"https:\/\/contextoanalisisperiodistico.com\/index.php\/wp-json\/wp\/v2\/users\/4"}],"replies":[{"embeddable":true,"href":"https:\/\/contextoanalisisperiodistico.com\/index.php\/wp-json\/wp\/v2\/comments?post=15567"}],"version-history":[{"count":1,"href":"https:\/\/contextoanalisisperiodistico.com\/index.php\/wp-json\/wp\/v2\/posts\/15567\/revisions"}],"predecessor-version":[{"id":15570,"href":"https:\/\/contextoanalisisperiodistico.com\/index.php\/wp-json\/wp\/v2\/posts\/15567\/revisions\/15570"}],"wp:featuredmedia":[{"embeddable":true,"href":"https:\/\/contextoanalisisperiodistico.com\/index.php\/wp-json\/wp\/v2\/media\/15568"}],"wp:attachment":[{"href":"https:\/\/contextoanalisisperiodistico.com\/index.php\/wp-json\/wp\/v2\/media?parent=15567"}],"wp:term":[{"taxonomy":"category","embeddable":true,"href":"https:\/\/contextoanalisisperiodistico.com\/index.php\/wp-json\/wp\/v2\/categories?post=15567"},{"taxonomy":"post_tag","embeddable":true,"href":"https:\/\/contextoanalisisperiodistico.com\/index.php\/wp-json\/wp\/v2\/tags?post=15567"}],"curies":[{"name":"wp","href":"https:\/\/api.w.org\/{rel}","templated":true}]}}