{"id":15535,"date":"2023-07-04T09:14:24","date_gmt":"2023-07-04T15:14:24","guid":{"rendered":"https:\/\/contextoanalisisperiodistico.com\/?p=15535"},"modified":"2023-07-04T09:14:33","modified_gmt":"2023-07-04T15:14:33","slug":"fortalece-sefin-procesos-de-transparencia-y-rendicion-de-cuentas-en-entidades-de-la-administracion-publica-estatal","status":"publish","type":"post","link":"https:\/\/contextoanalisisperiodistico.com\/index.php\/2023\/07\/04\/fortalece-sefin-procesos-de-transparencia-y-rendicion-de-cuentas-en-entidades-de-la-administracion-publica-estatal\/","title":{"rendered":"Fortalece Sefin procesos de transparencia y rendici\u00f3n de cuentas en entidades de la Administraci\u00f3n P\u00fablica Estatal"},"content":{"rendered":"<div id=\"fb-root\"><\/div>\n\n<p>\u2022 La Secretar\u00eda de Finanzas imparte esta capacitaci\u00f3n en la materia sobre la informaci\u00f3n que las dependencias deben presentar<br \/>San Bartolo Coyotepec, Oax. 4 de julio de 2023.- La Secretar\u00eda de Finanzas (Sefin) lleva a cabo al taller denominado Transparencia y Rendici\u00f3n de Cuentas, dirigido a personal de las dependencias y entidades de la Administraci\u00f3n P\u00fablica Estatal para fortalecer los procesos en la materia y con ello integrar la informaci\u00f3n contable en la Cuenta P\u00fablica Ciudadana.<\/p>\n\n\n\n<p>La capacitaci\u00f3n gestionada por la Direcci\u00f3n de Contabilidad Gubernamental de la Subsecretar\u00eda de Egresos, Contabilidad y Tesorer\u00eda de la Sefin fue impartida por Iliana Guadalupe Le\u00f3n Gonz\u00e1lez y \u00d3scar Zamora Morales, ambos instructores del Instituto de Finanzas y Pol\u00edticas P\u00fablicas.<\/p>\n\n\n\n<p>\u201cEl objetivo de este taller es que dependencias y entidades conozcan todo lo referente a la transparencia de los recursos p\u00fablicos que les son otorgados ya que por ley la Secretar\u00eda de Finanzas, analiza y recopila los datos financieros de cada una de estas, los integra en la Cuenta P\u00fablica y la presenta al Congreso del Estado, de ah\u00ed la importancia de capacitarlas en el proceso\u201d, expres\u00f3 Eric Mart\u00ednez, director de Contabilidad Gubernamental de la Sefin.<\/p>\n\n\n\n<p>A lo largo de la capacitaci\u00f3n se realizaron diversas actividades en las que en tiempo real pudieron acceder a portales de transparencia y por tanto a informaci\u00f3n p\u00fablica, de tal manera que el ejercicio fuera m\u00e1s consciente de la informaci\u00f3n que deben presentar.<\/p>\n\n\n\n<p>\u201cLas y los servidores p\u00fablicos tienen que conocer toda la normatividad que corresponde a la Ley General de Transparencia y al t\u00edtulo quinto de la Ley General de Contabilidad Gubernamental para dar cumplimiento en tiempo exacto y formal de todas las obligaciones que se les piden en ese sentido\u201d, expuso la capacitadora Iliana Guadalupe Le\u00f3n Gonz\u00e1lez.<\/p>\n\n\n\n<p>Destac\u00f3 la importancia de que todas las dependencias tengan bien habilitadas sus plataformas de transparencia para evitar ser sancionadas o en un momento comunicar a la sociedad en general toda la informaci\u00f3n p\u00fablica respecto a sus finanzas.<\/p>\n\n\n\n<p>Finalmente, el Director de Contabilidad Gubernamental inform\u00f3 que esta capacitaci\u00f3n se estar\u00e1 impartiendo del 3 al 14 de julio a todas las dependencias y entidades convocadas. \u201cEste lunes iniciamos con 11 dependencias y entidades y estamos considerando tener el mismo n\u00famero de convocadas cada d\u00eda\u201d expres\u00f3 el funcionario.<br \/>-0-<\/p>\n\n\n\n<figure class=\"wp-block-image size-large\"><img fetchpriority=\"high\" decoding=\"async\" width=\"1024\" height=\"682\" src=\"https:\/\/contextoanalisisperiodistico.com\/wp-content\/uploads\/2023\/07\/img-20230704-wa00213600068830829571053-1024x682.jpg\" alt=\"\" class=\"wp-image-15537\" srcset=\"https:\/\/contextoanalisisperiodistico.com\/wp-content\/uploads\/2023\/07\/img-20230704-wa00213600068830829571053-1024x682.jpg 1024w, https:\/\/contextoanalisisperiodistico.com\/wp-content\/uploads\/2023\/07\/img-20230704-wa00213600068830829571053-300x200.jpg 300w, https:\/\/contextoanalisisperiodistico.com\/wp-content\/uploads\/2023\/07\/img-20230704-wa00213600068830829571053-768x512.jpg 768w, https:\/\/contextoanalisisperiodistico.com\/wp-content\/uploads\/2023\/07\/img-20230704-wa00213600068830829571053-1536x1023.jpg 1536w, https:\/\/contextoanalisisperiodistico.com\/wp-content\/uploads\/2023\/07\/img-20230704-wa00213600068830829571053.jpg 1600w\" sizes=\"(max-width: 1024px) 100vw, 1024px\" \/><\/figure>\n","protected":false},"excerpt":{"rendered":"<p>\u2022 La Secretar\u00eda de Finanzas imparte esta capacitaci\u00f3n en la materia sobre la informaci\u00f3n que&#8230;<\/p>\n","protected":false},"author":4,"featured_media":15536,"comment_status":"closed","ping_status":"open","sticky":false,"template":"","format":"standard","meta":{"footnotes":""},"categories":[9],"tags":[],"jetpack_sharing_enabled":true,"featured_image_urls":{"full":["https:\/\/contextoanalisisperiodistico.com\/wp-content\/uploads\/2023\/07\/IMG-20230704-WA0019.jpg",1600,1066,false],"thumbnail":["https:\/\/contextoanalisisperiodistico.com\/wp-content\/uploads\/2023\/07\/IMG-20230704-WA0019-150x150.jpg",150,150,true],"medium":["https:\/\/contextoanalisisperiodistico.com\/wp-content\/uploads\/2023\/07\/IMG-20230704-WA0019-300x200.jpg",300,200,true],"medium_large":["https:\/\/contextoanalisisperiodistico.com\/wp-content\/uploads\/2023\/07\/IMG-20230704-WA0019-768x512.jpg",640,427,true],"large":["https:\/\/contextoanalisisperiodistico.com\/wp-content\/uploads\/2023\/07\/IMG-20230704-WA0019-1024x682.jpg",640,426,true],"1536x1536":["https:\/\/contextoanalisisperiodistico.com\/wp-content\/uploads\/2023\/07\/IMG-20230704-WA0019-1536x1023.jpg",1536,1023,true],"2048x2048":["https:\/\/contextoanalisisperiodistico.com\/wp-content\/uploads\/2023\/07\/IMG-20230704-WA0019.jpg",1600,1066,false],"covernews-slider-full":["https:\/\/contextoanalisisperiodistico.com\/wp-content\/uploads\/2023\/07\/IMG-20230704-WA0019-1115x715.jpg",1115,715,true],"covernews-slider-center":["https:\/\/contextoanalisisperiodistico.com\/wp-content\/uploads\/2023\/07\/IMG-20230704-WA0019-800x500.jpg",800,500,true],"covernews-featured":["https:\/\/contextoanalisisperiodistico.com\/wp-content\/uploads\/2023\/07\/IMG-20230704-WA0019-1024x682.jpg",1024,682,true],"covernews-medium":["https:\/\/contextoanalisisperiodistico.com\/wp-content\/uploads\/2023\/07\/IMG-20230704-WA0019-540x340.jpg",540,340,true],"covernews-medium-square":["https:\/\/contextoanalisisperiodistico.com\/wp-content\/uploads\/2023\/07\/IMG-20230704-WA0019-400x250.jpg",400,250,true]},"author_info":{"display_name":"Mario Gir\u00f3n","author_link":"https:\/\/contextoanalisisperiodistico.com\/index.php\/author\/director\/"},"category_info":"<a href=\"https:\/\/contextoanalisisperiodistico.com\/index.php\/category\/politica\/\" rel=\"category tag\">Pol\u00edtica<\/a>","tag_info":"Pol\u00edtica","comment_count":"0","jetpack_featured_media_url":"https:\/\/contextoanalisisperiodistico.com\/wp-content\/uploads\/2023\/07\/IMG-20230704-WA0019.jpg","_links":{"self":[{"href":"https:\/\/contextoanalisisperiodistico.com\/index.php\/wp-json\/wp\/v2\/posts\/15535"}],"collection":[{"href":"https:\/\/contextoanalisisperiodistico.com\/index.php\/wp-json\/wp\/v2\/posts"}],"about":[{"href":"https:\/\/contextoanalisisperiodistico.com\/index.php\/wp-json\/wp\/v2\/types\/post"}],"author":[{"embeddable":true,"href":"https:\/\/contextoanalisisperiodistico.com\/index.php\/wp-json\/wp\/v2\/users\/4"}],"replies":[{"embeddable":true,"href":"https:\/\/contextoanalisisperiodistico.com\/index.php\/wp-json\/wp\/v2\/comments?post=15535"}],"version-history":[{"count":1,"href":"https:\/\/contextoanalisisperiodistico.com\/index.php\/wp-json\/wp\/v2\/posts\/15535\/revisions"}],"predecessor-version":[{"id":15538,"href":"https:\/\/contextoanalisisperiodistico.com\/index.php\/wp-json\/wp\/v2\/posts\/15535\/revisions\/15538"}],"wp:featuredmedia":[{"embeddable":true,"href":"https:\/\/contextoanalisisperiodistico.com\/index.php\/wp-json\/wp\/v2\/media\/15536"}],"wp:attachment":[{"href":"https:\/\/contextoanalisisperiodistico.com\/index.php\/wp-json\/wp\/v2\/media?parent=15535"}],"wp:term":[{"taxonomy":"category","embeddable":true,"href":"https:\/\/contextoanalisisperiodistico.com\/index.php\/wp-json\/wp\/v2\/categories?post=15535"},{"taxonomy":"post_tag","embeddable":true,"href":"https:\/\/contextoanalisisperiodistico.com\/index.php\/wp-json\/wp\/v2\/tags?post=15535"}],"curies":[{"name":"wp","href":"https:\/\/api.w.org\/{rel}","templated":true}]}}