{"id":15529,"date":"2023-07-03T20:36:52","date_gmt":"2023-07-04T02:36:52","guid":{"rendered":"https:\/\/contextoanalisisperiodistico.com\/?p=15529"},"modified":"2023-07-03T20:37:02","modified_gmt":"2023-07-04T02:37:02","slug":"reconoce-gobernador-salomon-jara-a-casa-de-la-cultura-oaxaquena-como-semillero-de-talentos-a-52-anos-de-su-creacion","status":"publish","type":"post","link":"https:\/\/contextoanalisisperiodistico.com\/index.php\/2023\/07\/03\/reconoce-gobernador-salomon-jara-a-casa-de-la-cultura-oaxaquena-como-semillero-de-talentos-a-52-anos-de-su-creacion\/","title":{"rendered":"<em>Reconoce Gobernador Salom\u00f3n Jara a Casa de la Cultura Oaxaque\u00f1a como semillero de talentos a 52 a\u00f1os de su creaci\u00f3n<\/em>"},"content":{"rendered":"<div id=\"fb-root\"><\/div>\n\n<p>\u2022 Se trata de una de las instituciones pilares en el desarrollo art\u00edstico y de promoci\u00f3n de la cultura de nuestra entidad, asegur\u00f3 el Mandatario Estatal<\/p>\n\n\n\n<p>Oaxaca de Ju\u00e1rez, Oax. 3 de julio de 2023.- A 52 a\u00f1os de su creaci\u00f3n, la Casa de la Cultura Oaxaque\u00f1a (CCO) celebr\u00f3 con m\u00fasica, danza y todo el arte que engloba a las ra\u00edces de la entidad, m\u00e1s de cinco d\u00e9cadas de mantener vivas estas expresiones.<\/p>\n\n\n\n<p>A este acto acudi\u00f3 el Gobernador de Oaxaca Salom\u00f3n Jara Cruz, acompa\u00f1ado de la Presidenta Honoraria del Sistema DIF Estatal Irma Bola\u00f1os Quijano, quienes fueron testigos del talento de personas de todas las edades, que conforman esta familia cultural y que se encargaron de engalanar el aniversario.<\/p>\n\n\n\n<p>Los grupos representativos de danza Armon\u00eda y Cent\u00e9otl fueron los encargados de contagiar de alegr\u00eda a este aniversario con un mosaico representativo de las ocho regiones del estado, hicieron un recorrido dese la Cuenca, Mixteca, Sierra de Ju\u00e1rez, hasta los Valles Centrales, contagiando de alegr\u00eda a quienes formaron parte del festejo.<\/p>\n\n\n\n<p>En este marco, reconoci\u00f3 la labor de la directora Sara Orozco, as\u00ed como de las maestras y maestros de la CCO, quienes han forjado generaciones enteras en distintas disciplinas art\u00edsticas, pero sobre todo enalteci\u00f3 su talento y entusiasmo por continuar con el legado cultural. Tambi\u00e9n extendi\u00f3 su reconocimiento al personal administrativo y a la base trabajadora de esta instituci\u00f3n cultural.<\/p>\n\n\n\n<p>\u201cHoy estamos de fiesta en el pueblo de Oaxaca, porque celebramos los 52 a\u00f1os de una de las instituciones pilares de desarrollo art\u00edstico y cultural de nuestro estado, por eso, la Primavera Oaxaque\u00f1a va a desarrollar una pol\u00edtica cultural del pueblo y para el pueblo\u201d, asever\u00f3 el Gobernador.<\/p>\n\n\n\n<p>En este sentido, refrend\u00f3 su compromiso con la cultura oaxaque\u00f1a, acci\u00f3n que da cumplimento a la Reparaci\u00f3n Hist\u00f3rica de los Pueblos, por lo que anunci\u00f3 que en breve se realizar\u00e1n esfuerzos para consolidar una banda de m\u00fasica infantil que contin\u00fae con la ruta de preservar el legado musical de la entidad.<\/p>\n\n\n\n<p>Por su parte, la directora de la CCO Sara Orozco destac\u00f3 la presencia del Gobernador Salom\u00f3n Jara, ya que, dijo, en m\u00e1s de tres d\u00e9cadas, ning\u00fan gobernante hab\u00eda puesto inter\u00e9s por el fomento cultural.<\/p>\n\n\n\n<p>De manera previa, el Gobernador del Estado acompa\u00f1ado de la Presidenta Honoraria del DIF Oaxaca y funcionariado del Gobierno del Estado inauguraron la exposici\u00f3n 12 Grandes Maestros del Arte Popular, que alberga la Galer\u00eda Alfonso Rivas de este recinto cultural ubicado en el exconvento de los Siete Pr\u00edncipes de la ciudad de Oaxaca.<\/p>\n\n\n\n<figure class=\"wp-block-image size-large\"><img fetchpriority=\"high\" decoding=\"async\" width=\"1024\" height=\"706\" src=\"https:\/\/contextoanalisisperiodistico.com\/wp-content\/uploads\/2023\/07\/img-20230703-wa01175599923181903040358-1024x706.jpg\" alt=\"\" class=\"wp-image-15532\" srcset=\"https:\/\/contextoanalisisperiodistico.com\/wp-content\/uploads\/2023\/07\/img-20230703-wa01175599923181903040358-1024x706.jpg 1024w, https:\/\/contextoanalisisperiodistico.com\/wp-content\/uploads\/2023\/07\/img-20230703-wa01175599923181903040358-300x207.jpg 300w, https:\/\/contextoanalisisperiodistico.com\/wp-content\/uploads\/2023\/07\/img-20230703-wa01175599923181903040358-768x529.jpg 768w, https:\/\/contextoanalisisperiodistico.com\/wp-content\/uploads\/2023\/07\/img-20230703-wa01175599923181903040358-1536x1059.jpg 1536w, https:\/\/contextoanalisisperiodistico.com\/wp-content\/uploads\/2023\/07\/img-20230703-wa01175599923181903040358.jpg 1600w\" sizes=\"(max-width: 1024px) 100vw, 1024px\" \/><\/figure>\n\n\n\n<figure class=\"wp-block-image\"><img decoding=\"async\" width=\"1024\" height=\"683\" src=\"https:\/\/contextoanalisisperiodistico.com\/wp-content\/uploads\/2023\/07\/img-20230703-wa01154609136629977669029-1024x683.jpg\" alt=\"\" class=\"wp-image-15531\" srcset=\"https:\/\/contextoanalisisperiodistico.com\/wp-content\/uploads\/2023\/07\/img-20230703-wa01154609136629977669029-1024x683.jpg 1024w, https:\/\/contextoanalisisperiodistico.com\/wp-content\/uploads\/2023\/07\/img-20230703-wa01154609136629977669029-300x200.jpg 300w, https:\/\/contextoanalisisperiodistico.com\/wp-content\/uploads\/2023\/07\/img-20230703-wa01154609136629977669029-768x512.jpg 768w, https:\/\/contextoanalisisperiodistico.com\/wp-content\/uploads\/2023\/07\/img-20230703-wa01154609136629977669029-1536x1024.jpg 1536w, https:\/\/contextoanalisisperiodistico.com\/wp-content\/uploads\/2023\/07\/img-20230703-wa01154609136629977669029.jpg 1600w\" sizes=\"(max-width: 1024px) 100vw, 1024px\" \/><\/figure>\n\n\n\n<figure class=\"wp-block-image\"><img decoding=\"async\" width=\"1024\" height=\"683\" src=\"https:\/\/contextoanalisisperiodistico.com\/wp-content\/uploads\/2023\/07\/img-20230703-wa01207863606145893106401-1024x683.jpg\" alt=\"\" class=\"wp-image-15533\" srcset=\"https:\/\/contextoanalisisperiodistico.com\/wp-content\/uploads\/2023\/07\/img-20230703-wa01207863606145893106401-1024x683.jpg 1024w, https:\/\/contextoanalisisperiodistico.com\/wp-content\/uploads\/2023\/07\/img-20230703-wa01207863606145893106401-300x200.jpg 300w, https:\/\/contextoanalisisperiodistico.com\/wp-content\/uploads\/2023\/07\/img-20230703-wa01207863606145893106401-768x512.jpg 768w, https:\/\/contextoanalisisperiodistico.com\/wp-content\/uploads\/2023\/07\/img-20230703-wa01207863606145893106401-1536x1024.jpg 1536w, https:\/\/contextoanalisisperiodistico.com\/wp-content\/uploads\/2023\/07\/img-20230703-wa01207863606145893106401.jpg 1600w\" sizes=\"(max-width: 1024px) 100vw, 1024px\" \/><\/figure>\n","protected":false},"excerpt":{"rendered":"<p>\u2022 Se trata de una de las instituciones pilares en el desarrollo art\u00edstico y de&#8230;<\/p>\n","protected":false},"author":4,"featured_media":15530,"comment_status":"closed","ping_status":"open","sticky":false,"template":"","format":"standard","meta":{"footnotes":""},"categories":[4],"tags":[],"jetpack_sharing_enabled":true,"featured_image_urls":{"full":["https:\/\/contextoanalisisperiodistico.com\/wp-content\/uploads\/2023\/07\/IMG-20230703-WA0116.jpg",1472,1003,false],"thumbnail":["https:\/\/contextoanalisisperiodistico.com\/wp-content\/uploads\/2023\/07\/IMG-20230703-WA0116-150x150.jpg",150,150,true],"medium":["https:\/\/contextoanalisisperiodistico.com\/wp-content\/uploads\/2023\/07\/IMG-20230703-WA0116-300x204.jpg",300,204,true],"medium_large":["https:\/\/contextoanalisisperiodistico.com\/wp-content\/uploads\/2023\/07\/IMG-20230703-WA0116-768x523.jpg",640,436,true],"large":["https:\/\/contextoanalisisperiodistico.com\/wp-content\/uploads\/2023\/07\/IMG-20230703-WA0116-1024x698.jpg",640,436,true],"1536x1536":["https:\/\/contextoanalisisperiodistico.com\/wp-content\/uploads\/2023\/07\/IMG-20230703-WA0116.jpg",1472,1003,false],"2048x2048":["https:\/\/contextoanalisisperiodistico.com\/wp-content\/uploads\/2023\/07\/IMG-20230703-WA0116.jpg",1472,1003,false],"covernews-slider-full":["https:\/\/contextoanalisisperiodistico.com\/wp-content\/uploads\/2023\/07\/IMG-20230703-WA0116-1115x715.jpg",1115,715,true],"covernews-slider-center":["https:\/\/contextoanalisisperiodistico.com\/wp-content\/uploads\/2023\/07\/IMG-20230703-WA0116-800x500.jpg",800,500,true],"covernews-featured":["https:\/\/contextoanalisisperiodistico.com\/wp-content\/uploads\/2023\/07\/IMG-20230703-WA0116-1024x698.jpg",1024,698,true],"covernews-medium":["https:\/\/contextoanalisisperiodistico.com\/wp-content\/uploads\/2023\/07\/IMG-20230703-WA0116-540x340.jpg",540,340,true],"covernews-medium-square":["https:\/\/contextoanalisisperiodistico.com\/wp-content\/uploads\/2023\/07\/IMG-20230703-WA0116-400x250.jpg",400,250,true]},"author_info":{"display_name":"Mario Gir\u00f3n","author_link":"https:\/\/contextoanalisisperiodistico.com\/index.php\/author\/director\/"},"category_info":"<a href=\"https:\/\/contextoanalisisperiodistico.com\/index.php\/category\/cultura\/\" rel=\"category tag\">Cultura<\/a>","tag_info":"Cultura","comment_count":"0","jetpack_featured_media_url":"https:\/\/contextoanalisisperiodistico.com\/wp-content\/uploads\/2023\/07\/IMG-20230703-WA0116.jpg","_links":{"self":[{"href":"https:\/\/contextoanalisisperiodistico.com\/index.php\/wp-json\/wp\/v2\/posts\/15529"}],"collection":[{"href":"https:\/\/contextoanalisisperiodistico.com\/index.php\/wp-json\/wp\/v2\/posts"}],"about":[{"href":"https:\/\/contextoanalisisperiodistico.com\/index.php\/wp-json\/wp\/v2\/types\/post"}],"author":[{"embeddable":true,"href":"https:\/\/contextoanalisisperiodistico.com\/index.php\/wp-json\/wp\/v2\/users\/4"}],"replies":[{"embeddable":true,"href":"https:\/\/contextoanalisisperiodistico.com\/index.php\/wp-json\/wp\/v2\/comments?post=15529"}],"version-history":[{"count":1,"href":"https:\/\/contextoanalisisperiodistico.com\/index.php\/wp-json\/wp\/v2\/posts\/15529\/revisions"}],"predecessor-version":[{"id":15534,"href":"https:\/\/contextoanalisisperiodistico.com\/index.php\/wp-json\/wp\/v2\/posts\/15529\/revisions\/15534"}],"wp:featuredmedia":[{"embeddable":true,"href":"https:\/\/contextoanalisisperiodistico.com\/index.php\/wp-json\/wp\/v2\/media\/15530"}],"wp:attachment":[{"href":"https:\/\/contextoanalisisperiodistico.com\/index.php\/wp-json\/wp\/v2\/media?parent=15529"}],"wp:term":[{"taxonomy":"category","embeddable":true,"href":"https:\/\/contextoanalisisperiodistico.com\/index.php\/wp-json\/wp\/v2\/categories?post=15529"},{"taxonomy":"post_tag","embeddable":true,"href":"https:\/\/contextoanalisisperiodistico.com\/index.php\/wp-json\/wp\/v2\/tags?post=15529"}],"curies":[{"name":"wp","href":"https:\/\/api.w.org\/{rel}","templated":true}]}}