{"id":15528,"date":"2023-07-03T20:31:23","date_gmt":"2023-07-04T02:31:23","guid":{"rendered":"https:\/\/contextoanalisisperiodistico.com\/index.php\/2023\/07\/03\/lealtad-a-principios-y-valores-inculcados-por-el-presidente-lopez-obrador-antonino-morales-toledo\/"},"modified":"2023-07-03T20:31:23","modified_gmt":"2023-07-04T02:31:23","slug":"lealtad-a-principios-y-valores-inculcados-por-el-presidente-lopez-obrador-antonino-morales-toledo","status":"publish","type":"post","link":"https:\/\/contextoanalisisperiodistico.com\/index.php\/2023\/07\/03\/lealtad-a-principios-y-valores-inculcados-por-el-presidente-lopez-obrador-antonino-morales-toledo\/","title":{"rendered":"\u00abLealtad a principios y valores inculcados por el Presidente L\u00f3pez Obrador\u00bb, Antonino Morales Toledo"},"content":{"rendered":"<div id=\"fb-root\"><\/div>\n\n<p>\u25a0 La lucha nacional sigue con el Presidente L\u00f3pez Obrador y, en Oaxaca, con el Gobernador Salom\u00f3n Jara Cruz, reconoce el Secretario de Administraci\u00f3n:<\/p>\n\n\n\n<p>El Referente de la 4T subraya el inicio de una lucha social, por los que menos tienen y que hoy tiene resultados con el Presidente L\u00f3pez Obrador y el Gobernador Salom\u00f3n Jara: <\/p>\n\n\n\n<figure class=\"wp-block-video\"><video controls src=\"https:\/\/contextoanalisisperiodistico.com\/wp-content\/uploads\/2023\/07\/VID-20230703-WA0100.mp4\"><\/video><\/figure>\n\n\n\n<p>\u00abDesde hace 18 a\u00f1os sigo el proyecto de lucha del Lic.Andr\u00e9s Manuel L\u00f3pez Obrador\u00bb.<\/p>\n\n\n\n<p>\u00abAl lado de mi padre, inici\u00f3 el sue\u00f1o, siempre hacia la izquierda y mi lealtad hacia sus principios y valores son inquebrantables\u00bb.<\/p>\n\n\n\n<p>\u00abNos mantenemos firmes y leales, la transformaci\u00f3n ya inici\u00f3&#8230;\u00bb<\/p>\n","protected":false},"excerpt":{"rendered":"<p>\u25a0 La lucha nacional sigue con el Presidente L\u00f3pez Obrador y, en Oaxaca, con el&#8230;<\/p>\n","protected":false},"author":4,"featured_media":15526,"comment_status":"","ping_status":"open","sticky":false,"template":"","format":"standard","meta":{"footnotes":""},"categories":[9],"tags":[],"jetpack_sharing_enabled":true,"featured_image_urls":{"full":["https:\/\/contextoanalisisperiodistico.com\/wp-content\/uploads\/2023\/07\/Screenshot_20230703_200144_Facebook.jpg",567,373,false],"thumbnail":["https:\/\/contextoanalisisperiodistico.com\/wp-content\/uploads\/2023\/07\/Screenshot_20230703_200144_Facebook-150x150.jpg",150,150,true],"medium":["https:\/\/contextoanalisisperiodistico.com\/wp-content\/uploads\/2023\/07\/Screenshot_20230703_200144_Facebook-300x197.jpg",300,197,true],"medium_large":["https:\/\/contextoanalisisperiodistico.com\/wp-content\/uploads\/2023\/07\/Screenshot_20230703_200144_Facebook.jpg",567,373,false],"large":["https:\/\/contextoanalisisperiodistico.com\/wp-content\/uploads\/2023\/07\/Screenshot_20230703_200144_Facebook.jpg",567,373,false],"1536x1536":["https:\/\/contextoanalisisperiodistico.com\/wp-content\/uploads\/2023\/07\/Screenshot_20230703_200144_Facebook.jpg",567,373,false],"2048x2048":["https:\/\/contextoanalisisperiodistico.com\/wp-content\/uploads\/2023\/07\/Screenshot_20230703_200144_Facebook.jpg",567,373,false],"covernews-slider-full":["https:\/\/contextoanalisisperiodistico.com\/wp-content\/uploads\/2023\/07\/Screenshot_20230703_200144_Facebook.jpg",567,373,false],"covernews-slider-center":["https:\/\/contextoanalisisperiodistico.com\/wp-content\/uploads\/2023\/07\/Screenshot_20230703_200144_Facebook.jpg",567,373,false],"covernews-featured":["https:\/\/contextoanalisisperiodistico.com\/wp-content\/uploads\/2023\/07\/Screenshot_20230703_200144_Facebook.jpg",567,373,false],"covernews-medium":["https:\/\/contextoanalisisperiodistico.com\/wp-content\/uploads\/2023\/07\/Screenshot_20230703_200144_Facebook-540x340.jpg",540,340,true],"covernews-medium-square":["https:\/\/contextoanalisisperiodistico.com\/wp-content\/uploads\/2023\/07\/Screenshot_20230703_200144_Facebook-400x250.jpg",400,250,true]},"author_info":{"display_name":"Mario Gir\u00f3n","author_link":"https:\/\/contextoanalisisperiodistico.com\/index.php\/author\/director\/"},"category_info":"<a href=\"https:\/\/contextoanalisisperiodistico.com\/index.php\/category\/politica\/\" rel=\"category tag\">Pol\u00edtica<\/a>","tag_info":"Pol\u00edtica","comment_count":"0","jetpack_featured_media_url":"https:\/\/contextoanalisisperiodistico.com\/wp-content\/uploads\/2023\/07\/Screenshot_20230703_200144_Facebook.jpg","_links":{"self":[{"href":"https:\/\/contextoanalisisperiodistico.com\/index.php\/wp-json\/wp\/v2\/posts\/15528"}],"collection":[{"href":"https:\/\/contextoanalisisperiodistico.com\/index.php\/wp-json\/wp\/v2\/posts"}],"about":[{"href":"https:\/\/contextoanalisisperiodistico.com\/index.php\/wp-json\/wp\/v2\/types\/post"}],"author":[{"embeddable":true,"href":"https:\/\/contextoanalisisperiodistico.com\/index.php\/wp-json\/wp\/v2\/users\/4"}],"replies":[{"embeddable":true,"href":"https:\/\/contextoanalisisperiodistico.com\/index.php\/wp-json\/wp\/v2\/comments?post=15528"}],"version-history":[{"count":0,"href":"https:\/\/contextoanalisisperiodistico.com\/index.php\/wp-json\/wp\/v2\/posts\/15528\/revisions"}],"wp:featuredmedia":[{"embeddable":true,"href":"https:\/\/contextoanalisisperiodistico.com\/index.php\/wp-json\/wp\/v2\/media\/15526"}],"wp:attachment":[{"href":"https:\/\/contextoanalisisperiodistico.com\/index.php\/wp-json\/wp\/v2\/media?parent=15528"}],"wp:term":[{"taxonomy":"category","embeddable":true,"href":"https:\/\/contextoanalisisperiodistico.com\/index.php\/wp-json\/wp\/v2\/categories?post=15528"},{"taxonomy":"post_tag","embeddable":true,"href":"https:\/\/contextoanalisisperiodistico.com\/index.php\/wp-json\/wp\/v2\/tags?post=15528"}],"curies":[{"name":"wp","href":"https:\/\/api.w.org\/{rel}","templated":true}]}}