{"id":15514,"date":"2023-07-03T19:51:22","date_gmt":"2023-07-04T01:51:22","guid":{"rendered":"https:\/\/contextoanalisisperiodistico.com\/?p=15514"},"modified":"2023-07-03T19:51:37","modified_gmt":"2023-07-04T01:51:37","slug":"necesitamos-amar-a-nuestra-ciudad-a-traves-de-acciones-que-la-beneficien-francisco-martinez-neri","status":"publish","type":"post","link":"https:\/\/contextoanalisisperiodistico.com\/index.php\/2023\/07\/03\/necesitamos-amar-a-nuestra-ciudad-a-traves-de-acciones-que-la-beneficien-francisco-martinez-neri\/","title":{"rendered":"Necesitamos amar a nuestra ciudad a trav\u00e9s de acciones que la beneficien: Francisco Mart\u00ednez Neri"},"content":{"rendered":"<div id=\"fb-root\"><\/div>\n\n<p>\u2022 El municipio capitalino mejorar\u00e1 la accesibilidad y la imagen urbana a trav\u00e9s del programa \u201cCuidando el coraz\u00f3n de nuestro municipio\u201d.<\/p>\n\n\n\n<ul>\n<li>Con recurso propio se mejorar\u00e1 la accesibilidad en el Centro Hist\u00f3rico.<\/li>\n<\/ul>\n\n\n\n<p>Oaxaca de Ju\u00e1rez, Oax., a 03 de julio de 2023.-El presidente de Oaxaca de Ju\u00e1rez, Francisco Mart\u00ednez Neri, en compa\u00f1\u00eda de su equipo de trabajo, dio inicio al programa \u00abCuidando el coraz\u00f3n de nuestro municipio\u00bb, que tiene como objetivo rehabilitar la imagen urbana y mejorar la accesibilidad en el Centro Hist\u00f3rico y, de esta forma, asegurar que las y los ciudadanos puedan disfrutar de calles en \u00f3ptimas condiciones<\/p>\n\n\n\n<p>Dicho programa semestral se centra en brindar un mantenimiento especial a calles y avenidas, con un enfoque en la accesibilidad universal, la atenci\u00f3n al peat\u00f3n y la promoci\u00f3n de la libertad de movimiento de los ciudadanos. Comenzando con el coraz\u00f3n de la ciudad, y pr\u00f3ximamente se extender\u00e1 a todas las agencias y colonias del municipio.<\/p>\n\n\n\n<p>Durante su intervenci\u00f3n, el presidente municipal, Francisco Mart\u00ednez Neri, acompa\u00f1ado por la secretaria de Obras P\u00fablicas y Desarrollo Urbano, Denisse Arandia Valencia, as\u00ed como su equipo de trabajo, resalt\u00f3 la importancia de prestar atenci\u00f3n constante a la ciudad, especialmente considerando su valor como patrimonio edificado.<\/p>\n\n\n\n<p>Asimismo, Mart\u00ednez Neri destac\u00f3 la necesidad de generar accesibilidad en el municipio capitalino, brindando a las personas mayor tranquilidad al transitar.<\/p>\n\n\n\n<p>\u00abEstamos comprometidos a brindar un mantenimiento constante a nuestra ciudad. Necesitamos amarla verdaderamente a trav\u00e9s de acciones reales que la beneficien\u00bb, a\u00f1adi\u00f3.<\/p>\n\n\n\n<p>Es importante se\u00f1alar que estas acciones se est\u00e1n realizando con recursos propios del municipio. En primera instancia, se llevar\u00e1n a cabo las siguientes acciones para mejorar la accesibilidad en el Centro Hist\u00f3rico:<\/p>\n\n\n\n<ul>\n<li>Rehabilitaci\u00f3n del cruce peatonal ubicado entre las calles Avenida Independencia y Garc\u00eda Vigil.<\/li>\n\n\n\n<li>Rehabilitaci\u00f3n de la banqueta en la primera calle de Macedonio Alcal\u00e1.<br \/>Rehabilitaci\u00f3n de banquetas en diversas calles del Centro Hist\u00f3rico.<\/li>\n\n\n\n<li>Recuperaci\u00f3n de fachadas.<\/li>\n\n\n\n<li>Retiro de da\u00f1os por grafiti en los templos de San Agust\u00edn y La Preciosa Sangre de Cristo.<\/li>\n\n\n\n<li>Rehabilitaci\u00f3n de fachadas de inmuebles educativos, incluyendo la aplicaci\u00f3n de pintura en la Facultad de Derecho, el Jard\u00edn de Ni\u00f1os Esperanza L\u00f3pez Mateos, la escuela primar\u00eda \u00abCentro Escolar Morelos\u00bb, y el Jard\u00edn de Ni\u00f1os \u00abDonaj\u00ed\u00bb.<\/li>\n\n\n\n<li>Rehabilitaci\u00f3n de rampas en el Paseo Ju\u00e1rez \u00abEl Llano\u00bb.<\/li>\n\n\n\n<li>Mantenimiento en el kiosco del centro de la ciudad.<\/li>\n\n\n\n<li>Intervenci\u00f3n en jardineras a un costado de la catedral.<\/li>\n<\/ul>\n\n\n\n<p>De esta forma, el municipio de Oaxaca de Ju\u00e1rez lleva a cabo estas acciones con el fin de mejorar la accesibilidad y brindar una experiencia \u00f3ptima a las y los ciudadanos, as\u00ed como a los visitantes, trabajando juntos para el bienestar de la ciudad.<\/p>\n\n\n\n<figure class=\"wp-block-image size-large\"><img fetchpriority=\"high\" decoding=\"async\" width=\"1024\" height=\"683\" src=\"https:\/\/contextoanalisisperiodistico.com\/wp-content\/uploads\/2023\/07\/img-20230703-wa01122139272639682908929-1024x683.jpg\" alt=\"\" class=\"wp-image-15516\" srcset=\"https:\/\/contextoanalisisperiodistico.com\/wp-content\/uploads\/2023\/07\/img-20230703-wa01122139272639682908929-1024x683.jpg 1024w, https:\/\/contextoanalisisperiodistico.com\/wp-content\/uploads\/2023\/07\/img-20230703-wa01122139272639682908929-300x200.jpg 300w, https:\/\/contextoanalisisperiodistico.com\/wp-content\/uploads\/2023\/07\/img-20230703-wa01122139272639682908929-768x512.jpg 768w, https:\/\/contextoanalisisperiodistico.com\/wp-content\/uploads\/2023\/07\/img-20230703-wa01122139272639682908929.jpg 1500w\" sizes=\"(max-width: 1024px) 100vw, 1024px\" \/><\/figure>\n\n\n\n<figure class=\"wp-block-image\"><img decoding=\"async\" width=\"1024\" height=\"683\" src=\"https:\/\/contextoanalisisperiodistico.com\/wp-content\/uploads\/2023\/07\/img-20230703-wa01138967629578710260789-1024x683.jpg\" alt=\"\" class=\"wp-image-15517\" srcset=\"https:\/\/contextoanalisisperiodistico.com\/wp-content\/uploads\/2023\/07\/img-20230703-wa01138967629578710260789-1024x683.jpg 1024w, https:\/\/contextoanalisisperiodistico.com\/wp-content\/uploads\/2023\/07\/img-20230703-wa01138967629578710260789-300x200.jpg 300w, https:\/\/contextoanalisisperiodistico.com\/wp-content\/uploads\/2023\/07\/img-20230703-wa01138967629578710260789-768x512.jpg 768w, https:\/\/contextoanalisisperiodistico.com\/wp-content\/uploads\/2023\/07\/img-20230703-wa01138967629578710260789.jpg 1500w\" sizes=\"(max-width: 1024px) 100vw, 1024px\" \/><\/figure>\n","protected":false},"excerpt":{"rendered":"<p>\u2022 El municipio capitalino mejorar\u00e1 la accesibilidad y la imagen urbana a trav\u00e9s del programa&#8230;<\/p>\n","protected":false},"author":4,"featured_media":15515,"comment_status":"closed","ping_status":"open","sticky":false,"template":"","format":"standard","meta":{"footnotes":""},"categories":[9],"tags":[],"jetpack_sharing_enabled":true,"featured_image_urls":{"full":["https:\/\/contextoanalisisperiodistico.com\/wp-content\/uploads\/2023\/07\/IMG-20230703-WA0111.jpg",1500,1000,false],"thumbnail":["https:\/\/contextoanalisisperiodistico.com\/wp-content\/uploads\/2023\/07\/IMG-20230703-WA0111-150x150.jpg",150,150,true],"medium":["https:\/\/contextoanalisisperiodistico.com\/wp-content\/uploads\/2023\/07\/IMG-20230703-WA0111-300x200.jpg",300,200,true],"medium_large":["https:\/\/contextoanalisisperiodistico.com\/wp-content\/uploads\/2023\/07\/IMG-20230703-WA0111-768x512.jpg",640,427,true],"large":["https:\/\/contextoanalisisperiodistico.com\/wp-content\/uploads\/2023\/07\/IMG-20230703-WA0111-1024x683.jpg",640,427,true],"1536x1536":["https:\/\/contextoanalisisperiodistico.com\/wp-content\/uploads\/2023\/07\/IMG-20230703-WA0111.jpg",1500,1000,false],"2048x2048":["https:\/\/contextoanalisisperiodistico.com\/wp-content\/uploads\/2023\/07\/IMG-20230703-WA0111.jpg",1500,1000,false],"covernews-slider-full":["https:\/\/contextoanalisisperiodistico.com\/wp-content\/uploads\/2023\/07\/IMG-20230703-WA0111-1115x715.jpg",1115,715,true],"covernews-slider-center":["https:\/\/contextoanalisisperiodistico.com\/wp-content\/uploads\/2023\/07\/IMG-20230703-WA0111-800x500.jpg",800,500,true],"covernews-featured":["https:\/\/contextoanalisisperiodistico.com\/wp-content\/uploads\/2023\/07\/IMG-20230703-WA0111-1024x683.jpg",1024,683,true],"covernews-medium":["https:\/\/contextoanalisisperiodistico.com\/wp-content\/uploads\/2023\/07\/IMG-20230703-WA0111-540x340.jpg",540,340,true],"covernews-medium-square":["https:\/\/contextoanalisisperiodistico.com\/wp-content\/uploads\/2023\/07\/IMG-20230703-WA0111-400x250.jpg",400,250,true]},"author_info":{"display_name":"Mario Gir\u00f3n","author_link":"https:\/\/contextoanalisisperiodistico.com\/index.php\/author\/director\/"},"category_info":"<a href=\"https:\/\/contextoanalisisperiodistico.com\/index.php\/category\/politica\/\" rel=\"category tag\">Pol\u00edtica<\/a>","tag_info":"Pol\u00edtica","comment_count":"0","jetpack_featured_media_url":"https:\/\/contextoanalisisperiodistico.com\/wp-content\/uploads\/2023\/07\/IMG-20230703-WA0111.jpg","_links":{"self":[{"href":"https:\/\/contextoanalisisperiodistico.com\/index.php\/wp-json\/wp\/v2\/posts\/15514"}],"collection":[{"href":"https:\/\/contextoanalisisperiodistico.com\/index.php\/wp-json\/wp\/v2\/posts"}],"about":[{"href":"https:\/\/contextoanalisisperiodistico.com\/index.php\/wp-json\/wp\/v2\/types\/post"}],"author":[{"embeddable":true,"href":"https:\/\/contextoanalisisperiodistico.com\/index.php\/wp-json\/wp\/v2\/users\/4"}],"replies":[{"embeddable":true,"href":"https:\/\/contextoanalisisperiodistico.com\/index.php\/wp-json\/wp\/v2\/comments?post=15514"}],"version-history":[{"count":1,"href":"https:\/\/contextoanalisisperiodistico.com\/index.php\/wp-json\/wp\/v2\/posts\/15514\/revisions"}],"predecessor-version":[{"id":15518,"href":"https:\/\/contextoanalisisperiodistico.com\/index.php\/wp-json\/wp\/v2\/posts\/15514\/revisions\/15518"}],"wp:featuredmedia":[{"embeddable":true,"href":"https:\/\/contextoanalisisperiodistico.com\/index.php\/wp-json\/wp\/v2\/media\/15515"}],"wp:attachment":[{"href":"https:\/\/contextoanalisisperiodistico.com\/index.php\/wp-json\/wp\/v2\/media?parent=15514"}],"wp:term":[{"taxonomy":"category","embeddable":true,"href":"https:\/\/contextoanalisisperiodistico.com\/index.php\/wp-json\/wp\/v2\/categories?post=15514"},{"taxonomy":"post_tag","embeddable":true,"href":"https:\/\/contextoanalisisperiodistico.com\/index.php\/wp-json\/wp\/v2\/tags?post=15514"}],"curies":[{"name":"wp","href":"https:\/\/api.w.org\/{rel}","templated":true}]}}