{"id":15491,"date":"2023-07-03T14:11:36","date_gmt":"2023-07-03T20:11:36","guid":{"rendered":"https:\/\/contextoanalisisperiodistico.com\/?p=15491"},"modified":"2023-07-03T14:16:50","modified_gmt":"2023-07-03T20:16:50","slug":"comunicacion-sin-mentiras-sin-censura-y-con-respeto-total-a-la-libertad-de-expresion-elizabeth-alvarez-acosta","status":"publish","type":"post","link":"https:\/\/contextoanalisisperiodistico.com\/index.php\/2023\/07\/03\/comunicacion-sin-mentiras-sin-censura-y-con-respeto-total-a-la-libertad-de-expresion-elizabeth-alvarez-acosta\/","title":{"rendered":"Comunicaci\u00f3n sin mentiras, ni censura y respeto total a la libertad de expresi\u00f3n: Elizabeth \u00c1lvarez Acosta"},"content":{"rendered":"<div id=\"fb-root\"><\/div>\n\n<p>\u2022 En 7 meses se han realizado 30 conferencias de prensa encabezadas por el Gobernador Salom\u00f3n Jara Cruz para tener un contacto directo con las comunicadoras y comunicadores<\/p>\n\n\n\n<p>\u2022 Se han abierto espacios de conferencias de prensa del Gabinete de Seguridad, sobre la Guelaguetza 2023 y de temas legales para mantener informada a la poblaci\u00f3n con una nueva forma de comunicar: aut\u00e9ntica, abierta y transparente<\/p>\n\n\n\n<p>Oaxaca de Ju\u00e1rez, Oax. 3 de julio de 2023.- La apertura, el contacto directo, el respeto total a la libertad de expresi\u00f3n y de opini\u00f3n, son el cambio radical en la nueva forma de comunicar del Gobierno de Salom\u00f3n Jara Cruz: una comunicaci\u00f3n sin opacidad, sin mentiras y sin censura, afirm\u00f3 la coordinadora de Comunicaci\u00f3n Social del Gobierno del Estado Elizabeth \u00c1lvarez Acosta.<\/p>\n\n\n\n<p><br \/>Al participar en la conferencia semanal, la responsable de la comunicaci\u00f3n oficial destac\u00f3 que este ejercicio semanal de contacto directo con las comunicadoras y comunicadores es un puente muy importante para mantener informada a la poblaci\u00f3n y el espacio emblem\u00e1tico de la nueva forma de comunicar: aut\u00e9ntica, abierta y transparente.<\/p>\n\n\n\n<p><br \/>Destac\u00f3 que en siete meses se han realizado 30 conferencias encabezadas por el Mandatario estatal en las que han tenido participaci\u00f3n en 224 ocasiones servidores p\u00fablicos del Gabinete Legal y ampliado para informar y responder los cuestionamientos de las y los representantes de los medios de comunicaci\u00f3n.<\/p>\n\n\n\n<p><br \/>Explic\u00f3 que las y los comunicadores han participado 572 veces en las conferencias con absoluta libertad, orden y equidad.<\/p>\n\n\n\n<p><br \/>\u00c1lvarez Acosta destac\u00f3 tambi\u00e9n que se abri\u00f3 el espacio de comunicaci\u00f3n de las conferencias del Gabinete de Seguridad para informar a la ciudadan\u00eda sobre uno de los temas que m\u00e1s le preocupan y a la fecha se han realizado 21, a las que han asistido 528 veces quienes representan a los medios.<\/p>\n\n\n\n<p><br \/>Adem\u00e1s, en el mes de abril se inici\u00f3 un ciclo de conferencias sobre la Guelaguetza 2023 y a la fecha se han realizado seis con 135 participaciones de comunicadoras, comunicadores y creadores de contenido.<\/p>\n\n\n\n<p><br \/>Asimismo, para informar las acciones en materia de combate a la corrupci\u00f3n, se han realizado dos conferencias sobre temas legales de este gobierno con 48 participaciones de los medios de comunicaci\u00f3n y se han agendado mil 228 entrevistas con medios locales, regionales, nacionales e internacionales para mantener una relaci\u00f3n estrecha de las personas servidoras p\u00fablicas del gabinete legal y ampliado con la ciudadan\u00eda.<\/p>\n\n\n\n<p><br \/>Destac\u00f3 que la sociedad oaxaque\u00f1a puede acceder libremente a la informaci\u00f3n sobre las decisiones, acciones, posturas y resultados de gobierno que les permiten formarse una opini\u00f3n sobre lo que sucede en el estado y la administraci\u00f3n estatal y ampliar el di\u00e1logo para mejorar el trabajo y los resultados del Gobierno que encabeza Salom\u00f3n Jara Cruz.<\/p>\n\n\n\n<p><br \/>\u201cEsta es la nueva cara del Gobierno del pueblo, que habla de frente y respeta totalmente la libertad de prensa y opini\u00f3n\u201d para que se cumpla la rendici\u00f3n de cuentas de manera permanente abonando al trabajo que transforma, concluy\u00f3.<\/p>\n","protected":false},"excerpt":{"rendered":"<p>\u2022 En 7 meses se han realizado 30 conferencias de prensa encabezadas por el Gobernador&#8230;<\/p>\n","protected":false},"author":4,"featured_media":15492,"comment_status":"closed","ping_status":"open","sticky":false,"template":"","format":"standard","meta":{"footnotes":""},"categories":[9],"tags":[],"jetpack_sharing_enabled":true,"featured_image_urls":{"full":["https:\/\/contextoanalisisperiodistico.com\/wp-content\/uploads\/2023\/07\/IMG-20230703-WA0065.jpg",1024,682,false],"thumbnail":["https:\/\/contextoanalisisperiodistico.com\/wp-content\/uploads\/2023\/07\/IMG-20230703-WA0065-150x150.jpg",150,150,true],"medium":["https:\/\/contextoanalisisperiodistico.com\/wp-content\/uploads\/2023\/07\/IMG-20230703-WA0065-300x200.jpg",300,200,true],"medium_large":["https:\/\/contextoanalisisperiodistico.com\/wp-content\/uploads\/2023\/07\/IMG-20230703-WA0065-768x512.jpg",640,427,true],"large":["https:\/\/contextoanalisisperiodistico.com\/wp-content\/uploads\/2023\/07\/IMG-20230703-WA0065.jpg",640,426,false],"1536x1536":["https:\/\/contextoanalisisperiodistico.com\/wp-content\/uploads\/2023\/07\/IMG-20230703-WA0065.jpg",1024,682,false],"2048x2048":["https:\/\/contextoanalisisperiodistico.com\/wp-content\/uploads\/2023\/07\/IMG-20230703-WA0065.jpg",1024,682,false],"covernews-slider-full":["https:\/\/contextoanalisisperiodistico.com\/wp-content\/uploads\/2023\/07\/IMG-20230703-WA0065.jpg",1024,682,false],"covernews-slider-center":["https:\/\/contextoanalisisperiodistico.com\/wp-content\/uploads\/2023\/07\/IMG-20230703-WA0065-800x500.jpg",800,500,true],"covernews-featured":["https:\/\/contextoanalisisperiodistico.com\/wp-content\/uploads\/2023\/07\/IMG-20230703-WA0065.jpg",1024,682,false],"covernews-medium":["https:\/\/contextoanalisisperiodistico.com\/wp-content\/uploads\/2023\/07\/IMG-20230703-WA0065-540x340.jpg",540,340,true],"covernews-medium-square":["https:\/\/contextoanalisisperiodistico.com\/wp-content\/uploads\/2023\/07\/IMG-20230703-WA0065-400x250.jpg",400,250,true]},"author_info":{"display_name":"Mario Gir\u00f3n","author_link":"https:\/\/contextoanalisisperiodistico.com\/index.php\/author\/director\/"},"category_info":"<a href=\"https:\/\/contextoanalisisperiodistico.com\/index.php\/category\/politica\/\" rel=\"category tag\">Pol\u00edtica<\/a>","tag_info":"Pol\u00edtica","comment_count":"0","jetpack_featured_media_url":"https:\/\/contextoanalisisperiodistico.com\/wp-content\/uploads\/2023\/07\/IMG-20230703-WA0065.jpg","_links":{"self":[{"href":"https:\/\/contextoanalisisperiodistico.com\/index.php\/wp-json\/wp\/v2\/posts\/15491"}],"collection":[{"href":"https:\/\/contextoanalisisperiodistico.com\/index.php\/wp-json\/wp\/v2\/posts"}],"about":[{"href":"https:\/\/contextoanalisisperiodistico.com\/index.php\/wp-json\/wp\/v2\/types\/post"}],"author":[{"embeddable":true,"href":"https:\/\/contextoanalisisperiodistico.com\/index.php\/wp-json\/wp\/v2\/users\/4"}],"replies":[{"embeddable":true,"href":"https:\/\/contextoanalisisperiodistico.com\/index.php\/wp-json\/wp\/v2\/comments?post=15491"}],"version-history":[{"count":2,"href":"https:\/\/contextoanalisisperiodistico.com\/index.php\/wp-json\/wp\/v2\/posts\/15491\/revisions"}],"predecessor-version":[{"id":15494,"href":"https:\/\/contextoanalisisperiodistico.com\/index.php\/wp-json\/wp\/v2\/posts\/15491\/revisions\/15494"}],"wp:featuredmedia":[{"embeddable":true,"href":"https:\/\/contextoanalisisperiodistico.com\/index.php\/wp-json\/wp\/v2\/media\/15492"}],"wp:attachment":[{"href":"https:\/\/contextoanalisisperiodistico.com\/index.php\/wp-json\/wp\/v2\/media?parent=15491"}],"wp:term":[{"taxonomy":"category","embeddable":true,"href":"https:\/\/contextoanalisisperiodistico.com\/index.php\/wp-json\/wp\/v2\/categories?post=15491"},{"taxonomy":"post_tag","embeddable":true,"href":"https:\/\/contextoanalisisperiodistico.com\/index.php\/wp-json\/wp\/v2\/tags?post=15491"}],"curies":[{"name":"wp","href":"https:\/\/api.w.org\/{rel}","templated":true}]}}