{"id":15479,"date":"2023-07-03T13:18:47","date_gmt":"2023-07-03T19:18:47","guid":{"rendered":"https:\/\/contextoanalisisperiodistico.com\/?p=15479"},"modified":"2023-07-03T13:18:57","modified_gmt":"2023-07-03T19:18:57","slug":"mujeres-de-la-costa-fortalecen-la-erradicacion-de-la-violencia-de-genero","status":"publish","type":"post","link":"https:\/\/contextoanalisisperiodistico.com\/index.php\/2023\/07\/03\/mujeres-de-la-costa-fortalecen-la-erradicacion-de-la-violencia-de-genero\/","title":{"rendered":"Mujeres de la Costa fortalecen la erradicaci\u00f3n de la violencia de g\u00e9nero"},"content":{"rendered":"<div id=\"fb-root\"><\/div>\n\n<p>\u2022 En la S\u00e9ptima Jornada de Paz y Justicia para Mujeres, Adolescentes y Ni\u00f1as se brindaron cuatro mil 501 atenciones en los municipios de Villa de Tututepec, Santa Mar\u00eda Tonameca y San Pedro Pochutla<\/p>\n\n\n\n<p>Oaxaca de Ju\u00e1rez, Oax. 3 de julio de 2023.- A lo largo de tres d\u00edas, la S\u00e9ptima Jornada de Paz y Justicia para Mujeres, Adolescentes y Ni\u00f1as recorri\u00f3 los municipios de Villa de Tututepec, Santa Mar\u00eda Tonameca y San Pedro Pochutla en la Costa oaxaque\u00f1a, en la que se brindaron en territorio cuatro mil 501 atenciones.<\/p>\n\n\n\n<p>En este importante programa gubernamental coordinado por el Secretariado Ejecutivo del Sistema Estatal de Seguridad P\u00fablica (SESESP) y la Secretar\u00eda de las Mujeres, m\u00e1s de 25 instituciones llevaron atenci\u00f3n para incentivar la participaci\u00f3n de las oaxaque\u00f1as en la lucha contra la violencia de g\u00e9nero.<\/p>\n\n\n\n<p>En la agencia de R\u00edo Grande del municipio de Villa de Tututepec se brindaron mil 385 atenciones; en Santa Mar\u00eda Tonameca 588 y en San Pedro Pochutla dos mil 528.<\/p>\n\n\n\n<p>En este sentido se otorg\u00f3 asesor\u00eda psicol\u00f3gica y jur\u00eddica a v\u00edctimas de violencia de g\u00e9nero, adem\u00e1s de capacitaci\u00f3n laboral con el fin de fortalecer la autonom\u00eda financiera de las mujeres, ya que uno de los factores de la violencia de g\u00e9nero es la dependencia econ\u00f3mica.<\/p>\n\n\n\n<p>A trav\u00e9s de esta jornada, el SESESP tambi\u00e9n brind\u00f3 informaci\u00f3n de programas para la prevenci\u00f3n de la violencia como la Red Mujeres Constructoras de Paz (Mucpaz), y Somos Comunidad, Arte y Cultura por la Paz; en tanto la Secretar\u00eda de Seguridad y Protecci\u00f3n Ciudadana (SSPC) promueve Mujer Segura y Prevenci\u00f3n para Construcci\u00f3n de Paz, entre otros.<\/p>\n\n\n\n<p>Asimismo, se capacit\u00f3 a ni\u00f1as, ni\u00f1os y j\u00f3venes en edad escolar sobre temas para la prevenci\u00f3n del acoso sexual infantil, adicciones, discriminaci\u00f3n, riesgos en internet, entre otros, con lo que se promovi\u00f3 la participaci\u00f3n de este sector en la construcci\u00f3n de la paz con justicia en Oaxaca.<\/p>\n\n\n\n<p>Hasta esta fecha las Jornadas de Paz y Justicia para Mujeres, Adolescentes y Ni\u00f1as han brindado 62 mil 134 atenciones directas en 25 municipios del estado, lo que refrenda el compromiso de la actual administraci\u00f3n estatal por generar condiciones que propicien el pleno desarrollo de las oaxaque\u00f1as.<\/p>\n\n\n\n<figure class=\"wp-block-image size-large\"><img fetchpriority=\"high\" decoding=\"async\" width=\"1024\" height=\"682\" src=\"https:\/\/contextoanalisisperiodistico.com\/wp-content\/uploads\/2023\/07\/img-20230703-wa00558440180046855602332-1024x682.jpg\" alt=\"\" class=\"wp-image-15481\" srcset=\"https:\/\/contextoanalisisperiodistico.com\/wp-content\/uploads\/2023\/07\/img-20230703-wa00558440180046855602332-1024x682.jpg 1024w, https:\/\/contextoanalisisperiodistico.com\/wp-content\/uploads\/2023\/07\/img-20230703-wa00558440180046855602332-300x200.jpg 300w, https:\/\/contextoanalisisperiodistico.com\/wp-content\/uploads\/2023\/07\/img-20230703-wa00558440180046855602332-768x512.jpg 768w, https:\/\/contextoanalisisperiodistico.com\/wp-content\/uploads\/2023\/07\/img-20230703-wa00558440180046855602332-1536x1023.jpg 1536w, https:\/\/contextoanalisisperiodistico.com\/wp-content\/uploads\/2023\/07\/img-20230703-wa00558440180046855602332.jpg 1600w\" sizes=\"(max-width: 1024px) 100vw, 1024px\" \/><\/figure>\n\n\n\n<figure class=\"wp-block-image\"><img decoding=\"async\" width=\"1024\" height=\"682\" src=\"https:\/\/contextoanalisisperiodistico.com\/wp-content\/uploads\/2023\/07\/img-20230703-wa00567239229650375280265-1024x682.jpg\" alt=\"\" class=\"wp-image-15483\" srcset=\"https:\/\/contextoanalisisperiodistico.com\/wp-content\/uploads\/2023\/07\/img-20230703-wa00567239229650375280265-1024x682.jpg 1024w, https:\/\/contextoanalisisperiodistico.com\/wp-content\/uploads\/2023\/07\/img-20230703-wa00567239229650375280265-300x200.jpg 300w, https:\/\/contextoanalisisperiodistico.com\/wp-content\/uploads\/2023\/07\/img-20230703-wa00567239229650375280265-768x512.jpg 768w, https:\/\/contextoanalisisperiodistico.com\/wp-content\/uploads\/2023\/07\/img-20230703-wa00567239229650375280265-1536x1023.jpg 1536w, https:\/\/contextoanalisisperiodistico.com\/wp-content\/uploads\/2023\/07\/img-20230703-wa00567239229650375280265.jpg 1600w\" sizes=\"(max-width: 1024px) 100vw, 1024px\" \/><\/figure>\n\n\n\n<figure class=\"wp-block-image\"><img decoding=\"async\" width=\"1024\" height=\"682\" src=\"https:\/\/contextoanalisisperiodistico.com\/wp-content\/uploads\/2023\/07\/img-20230703-wa00576500850135477390803-1024x682.jpg\" alt=\"\" class=\"wp-image-15482\" srcset=\"https:\/\/contextoanalisisperiodistico.com\/wp-content\/uploads\/2023\/07\/img-20230703-wa00576500850135477390803-1024x682.jpg 1024w, https:\/\/contextoanalisisperiodistico.com\/wp-content\/uploads\/2023\/07\/img-20230703-wa00576500850135477390803-300x200.jpg 300w, https:\/\/contextoanalisisperiodistico.com\/wp-content\/uploads\/2023\/07\/img-20230703-wa00576500850135477390803-768x512.jpg 768w, https:\/\/contextoanalisisperiodistico.com\/wp-content\/uploads\/2023\/07\/img-20230703-wa00576500850135477390803.jpg 1280w\" sizes=\"(max-width: 1024px) 100vw, 1024px\" \/><\/figure>\n","protected":false},"excerpt":{"rendered":"<p>\u2022 En la S\u00e9ptima Jornada de Paz y Justicia para Mujeres, Adolescentes y Ni\u00f1as se&#8230;<\/p>\n","protected":false},"author":4,"featured_media":15480,"comment_status":"closed","ping_status":"open","sticky":false,"template":"","format":"standard","meta":{"footnotes":""},"categories":[9],"tags":[],"jetpack_sharing_enabled":true,"featured_image_urls":{"full":["https:\/\/contextoanalisisperiodistico.com\/wp-content\/uploads\/2023\/07\/IMG-20230703-WA0054.jpg",1600,1066,false],"thumbnail":["https:\/\/contextoanalisisperiodistico.com\/wp-content\/uploads\/2023\/07\/IMG-20230703-WA0054-150x150.jpg",150,150,true],"medium":["https:\/\/contextoanalisisperiodistico.com\/wp-content\/uploads\/2023\/07\/IMG-20230703-WA0054-300x200.jpg",300,200,true],"medium_large":["https:\/\/contextoanalisisperiodistico.com\/wp-content\/uploads\/2023\/07\/IMG-20230703-WA0054-768x512.jpg",640,427,true],"large":["https:\/\/contextoanalisisperiodistico.com\/wp-content\/uploads\/2023\/07\/IMG-20230703-WA0054-1024x682.jpg",640,426,true],"1536x1536":["https:\/\/contextoanalisisperiodistico.com\/wp-content\/uploads\/2023\/07\/IMG-20230703-WA0054-1536x1023.jpg",1536,1023,true],"2048x2048":["https:\/\/contextoanalisisperiodistico.com\/wp-content\/uploads\/2023\/07\/IMG-20230703-WA0054.jpg",1600,1066,false],"covernews-slider-full":["https:\/\/contextoanalisisperiodistico.com\/wp-content\/uploads\/2023\/07\/IMG-20230703-WA0054-1115x715.jpg",1115,715,true],"covernews-slider-center":["https:\/\/contextoanalisisperiodistico.com\/wp-content\/uploads\/2023\/07\/IMG-20230703-WA0054-800x500.jpg",800,500,true],"covernews-featured":["https:\/\/contextoanalisisperiodistico.com\/wp-content\/uploads\/2023\/07\/IMG-20230703-WA0054-1024x682.jpg",1024,682,true],"covernews-medium":["https:\/\/contextoanalisisperiodistico.com\/wp-content\/uploads\/2023\/07\/IMG-20230703-WA0054-540x340.jpg",540,340,true],"covernews-medium-square":["https:\/\/contextoanalisisperiodistico.com\/wp-content\/uploads\/2023\/07\/IMG-20230703-WA0054-400x250.jpg",400,250,true]},"author_info":{"display_name":"Mario Gir\u00f3n","author_link":"https:\/\/contextoanalisisperiodistico.com\/index.php\/author\/director\/"},"category_info":"<a href=\"https:\/\/contextoanalisisperiodistico.com\/index.php\/category\/politica\/\" rel=\"category tag\">Pol\u00edtica<\/a>","tag_info":"Pol\u00edtica","comment_count":"0","jetpack_featured_media_url":"https:\/\/contextoanalisisperiodistico.com\/wp-content\/uploads\/2023\/07\/IMG-20230703-WA0054.jpg","_links":{"self":[{"href":"https:\/\/contextoanalisisperiodistico.com\/index.php\/wp-json\/wp\/v2\/posts\/15479"}],"collection":[{"href":"https:\/\/contextoanalisisperiodistico.com\/index.php\/wp-json\/wp\/v2\/posts"}],"about":[{"href":"https:\/\/contextoanalisisperiodistico.com\/index.php\/wp-json\/wp\/v2\/types\/post"}],"author":[{"embeddable":true,"href":"https:\/\/contextoanalisisperiodistico.com\/index.php\/wp-json\/wp\/v2\/users\/4"}],"replies":[{"embeddable":true,"href":"https:\/\/contextoanalisisperiodistico.com\/index.php\/wp-json\/wp\/v2\/comments?post=15479"}],"version-history":[{"count":1,"href":"https:\/\/contextoanalisisperiodistico.com\/index.php\/wp-json\/wp\/v2\/posts\/15479\/revisions"}],"predecessor-version":[{"id":15484,"href":"https:\/\/contextoanalisisperiodistico.com\/index.php\/wp-json\/wp\/v2\/posts\/15479\/revisions\/15484"}],"wp:featuredmedia":[{"embeddable":true,"href":"https:\/\/contextoanalisisperiodistico.com\/index.php\/wp-json\/wp\/v2\/media\/15480"}],"wp:attachment":[{"href":"https:\/\/contextoanalisisperiodistico.com\/index.php\/wp-json\/wp\/v2\/media?parent=15479"}],"wp:term":[{"taxonomy":"category","embeddable":true,"href":"https:\/\/contextoanalisisperiodistico.com\/index.php\/wp-json\/wp\/v2\/categories?post=15479"},{"taxonomy":"post_tag","embeddable":true,"href":"https:\/\/contextoanalisisperiodistico.com\/index.php\/wp-json\/wp\/v2\/tags?post=15479"}],"curies":[{"name":"wp","href":"https:\/\/api.w.org\/{rel}","templated":true}]}}