{"id":1535,"date":"2022-03-22T21:11:30","date_gmt":"2022-03-23T03:11:30","guid":{"rendered":"http:\/\/contextoanalisisperiodistico.com.mx\/2022\/03\/22\/avala-ieepco-eleccion-en-san-miguel-tulancingo\/"},"modified":"2022-03-22T21:11:30","modified_gmt":"2022-03-23T03:11:30","slug":"avala-ieepco-eleccion-en-san-miguel-tulancingo","status":"publish","type":"post","link":"https:\/\/contextoanalisisperiodistico.com\/index.php\/2022\/03\/22\/avala-ieepco-eleccion-en-san-miguel-tulancingo\/","title":{"rendered":"Avala IEEPCO elecci\u00f3n en San Miguel Tulancingo"},"content":{"rendered":"<div id=\"fb-root\"><\/div>\n\n<p>(*) Asamblea General Comunitaria cumple con el principio de paridad&nbsp;&nbsp;<\/p>\n\n\n\n<p>El Consejo General del Instituto Estatal Electoral y de Participaci\u00f3n Ciudadana de Oaxaca (IEEPCO) calific\u00f3 como jur\u00eddicamente v\u00e1lida la elecci\u00f3n extraordinaria de las concejal\u00edas del ayuntamiento de San Miguel Tulancingo, mismo que se rige por Sistemas Normativos Ind\u00edgenas, en cumplimiento a la sentencia emitida por el Tribunal Electoral del Estado de Oaxaca en el expediente JNI\/20\/2021.&nbsp;&nbsp;<\/p>\n\n\n\n<p>Lo anterior en sesi\u00f3n extraordinaria urgente donde estuvieron presentes la consejera presidenta Elizabeth S\u00e1nchez Gonz\u00e1lez; las consejeras electorales Carmelita Sibaja Ochoa, Jessica Jazibe Hern\u00e1ndez Garc\u00eda, Nayma Enr\u00edquez Estrada y Zaira Alhel\u00ed Hip\u00f3lito L\u00f3pez; as\u00ed como los consejeros electorales Alejandro Carrasco Sampedro y Wilfrido Lulio Almaraz Santib\u00e1\u00f1ez.&nbsp;&nbsp;<\/p>\n\n\n\n<p>Dicha elecci\u00f3n se llev\u00f3 a cabo mediante Asamblea General Comunitaria el pasado veintisiete de febrero del dos mil veintid\u00f3s, misma en la que se cumpli\u00f3 con el principio de paridad de g\u00e9nero tal y como lo estipula la normatividad electoral.&nbsp;&nbsp;<\/p>\n\n\n\n<p>Por lo anterior se solicit\u00f3 expedir la constancia respectiva a las personas que obtuvieron la mayor\u00eda de votos y que integrar\u00e1n el ayuntamiento para fungir lo que resta del per\u00edodo hasta el 31 de diciembre de 2022.&nbsp;&nbsp;<\/p>\n\n\n\n<p>El Consejo General del IEEPCO reconoci\u00f3 que el municipio de San Miguel Tulancingo ha adoptado medidas que garantizan a las mujeres ejercer su derecho de votar, as\u00ed como de acceder a cargos de elecci\u00f3n popular en condiciones de igualdad, haciendo tangible el principio de paridad.&nbsp;<\/p>\n\n\n\n<p>No obstante, hizo un respetuoso exhorto a las autoridades electas, a la Asamblea General y a la comunidad, para que contin\u00faen garantizando la participaci\u00f3n de las mujeres en el Cabildo Municipal de forma paritaria, en condiciones de igualdad y libre de violencia en la pr\u00f3xima elecci\u00f3n ordinaria.<\/p>\n","protected":false},"excerpt":{"rendered":"<p>(*) Asamblea General Comunitaria cumple con el principio de paridad&nbsp;&nbsp; El Consejo General del Instituto&#8230;<\/p>\n","protected":false},"author":2,"featured_media":1534,"comment_status":"open","ping_status":"open","sticky":false,"template":"","format":"standard","meta":{"footnotes":""},"categories":[7,9],"tags":[],"jetpack_sharing_enabled":true,"featured_image_urls":{"full":"","thumbnail":"","medium":"","medium_large":"","large":"","1536x1536":"","2048x2048":"","covernews-slider-full":"","covernews-slider-center":"","covernews-featured":"","covernews-medium":"","covernews-medium-square":""},"author_info":{"display_name":"Miguel","author_link":"https:\/\/contextoanalisisperiodistico.com\/index.php\/author\/editor\/"},"category_info":"<a href=\"https:\/\/contextoanalisisperiodistico.com\/index.php\/category\/municipios\/\" rel=\"category tag\">Municipios<\/a> <a href=\"https:\/\/contextoanalisisperiodistico.com\/index.php\/category\/politica\/\" rel=\"category tag\">Pol\u00edtica<\/a>","tag_info":"Pol\u00edtica","comment_count":"0","jetpack_featured_media_url":"","_links":{"self":[{"href":"https:\/\/contextoanalisisperiodistico.com\/index.php\/wp-json\/wp\/v2\/posts\/1535"}],"collection":[{"href":"https:\/\/contextoanalisisperiodistico.com\/index.php\/wp-json\/wp\/v2\/posts"}],"about":[{"href":"https:\/\/contextoanalisisperiodistico.com\/index.php\/wp-json\/wp\/v2\/types\/post"}],"author":[{"embeddable":true,"href":"https:\/\/contextoanalisisperiodistico.com\/index.php\/wp-json\/wp\/v2\/users\/2"}],"replies":[{"embeddable":true,"href":"https:\/\/contextoanalisisperiodistico.com\/index.php\/wp-json\/wp\/v2\/comments?post=1535"}],"version-history":[{"count":0,"href":"https:\/\/contextoanalisisperiodistico.com\/index.php\/wp-json\/wp\/v2\/posts\/1535\/revisions"}],"wp:featuredmedia":[{"embeddable":true,"href":"https:\/\/contextoanalisisperiodistico.com\/index.php\/wp-json\/"}],"wp:attachment":[{"href":"https:\/\/contextoanalisisperiodistico.com\/index.php\/wp-json\/wp\/v2\/media?parent=1535"}],"wp:term":[{"taxonomy":"category","embeddable":true,"href":"https:\/\/contextoanalisisperiodistico.com\/index.php\/wp-json\/wp\/v2\/categories?post=1535"},{"taxonomy":"post_tag","embeddable":true,"href":"https:\/\/contextoanalisisperiodistico.com\/index.php\/wp-json\/wp\/v2\/tags?post=1535"}],"curies":[{"name":"wp","href":"https:\/\/api.w.org\/{rel}","templated":true}]}}