{"id":1533,"date":"2022-03-22T19:11:42","date_gmt":"2022-03-23T01:11:42","guid":{"rendered":"http:\/\/contextoanalisisperiodistico.com.mx\/2022\/03\/22\/respaldan-barrio-el-rosario-y-col-reforma-agraria-a-chente-castellanos\/"},"modified":"2022-03-22T19:11:42","modified_gmt":"2022-03-23T01:11:42","slug":"respaldan-barrio-el-rosario-y-col-reforma-agraria-a-chente-castellanos","status":"publish","type":"post","link":"https:\/\/contextoanalisisperiodistico.com\/index.php\/2022\/03\/22\/respaldan-barrio-el-rosario-y-col-reforma-agraria-a-chente-castellanos\/","title":{"rendered":"Respaldan Barrio El Rosario y col. Reforma Agraria a Chente Castellanos"},"content":{"rendered":"<div id=\"fb-root\"><\/div>\n\n<p>(*) Piden un gobierno de paz y de desarrollo para todas y todos; conf\u00edan en que \u00e9l volver\u00e1 a ganar este 27 de marzo<\/p>\n\n\n\n<p>SANTA CRUZ XOXOCOTL\u00c1N, OAX.- El Doctor Inocente Castellanos Alejos, candidato a la Presidencia Municipal de Santa Cruz Xoxocotl\u00e1n por los partidos PRI, PAN, PRD y Nueva Alianza, contin\u00faa llevando sus propuestas de casa en casa.<\/p>\n\n\n\n<p>En el Barrio El Rosario fue recibido por vecinas y vecinos que le pidieron atender los problemas que les impiden tener una mejor calidad de vida, pues est\u00e1n seguros que \u00e9l volver\u00e1 a ganar las elecciones este 27 de marzo.<\/p>\n\n\n\n<p>Las y los vecinos lamentaron que en d\u00edas pasados este barrio haya sido amenazado por la violencia, poniendo en riesgo a sus familias, por lo que dieron su total respaldo a Chente Castellanos, ya que en todo momento antepuso la seguridad del pueblo, suspendiendo la convivencia que ten\u00edan programada, pidi\u00e9ndoles que se resguardaran.<\/p>\n\n\n\n<p>Una vez pasados estos lamentables hechos, vecinas y vecinos acompa\u00f1aron al Doctor a recorrer las calles y llevar sus propuestas de puerta en puerta, para construir un gobierno de paz, con seguridad, agua potable y casas de salud en funci\u00f3n y con servicios m\u00e9dicos de calidad.<\/p>\n\n\n\n<p>*\u00a1EN LA REFORMA AGRARIA YA DECIDIERON!*<\/p>\n\n\n\n<p>Debido a que son muchas las necesidades de las y los xoxe\u00f1os, el Doctor Chente Castellanos regres\u00f3 a la colonia Reforma Agraria, donde escuch\u00f3 a vecinas y vecinos quejarse por el mal estado de sus vialidades, el p\u00e9simo servicio de recolecci\u00f3n de basura, de agua potable, drenaje, entre otros que no han sido atendidos en los \u00faltimos a\u00f1os.<\/p>\n\n\n\n<p>El candidato por los partidos PRI, PAN, PRD y Nueva Alianza, dijo que en su gobierno se establecer\u00e1n las rutas para rescatar del rezago a las colonias que han sido marginadas, pues se trabajar\u00e1n con cinco ejes primordiales, como son la seguridad, la salud, los servicios municipales, obras de impacto y el impulso al desarrollo econ\u00f3mico.<\/p>\n\n\n\n<figure class=\"wp-block-image size-large\"><img decoding=\"async\" src=\"https:\/\/contextoinformacionyanalisisperiodistico.files.wordpress.com\/2022\/03\/img-20220322-wa0033.jpg\" alt=\"\" class=\"wp-image-1531\"><\/figure>\n\n\n\n<figure class=\"wp-block-image\"><img decoding=\"async\" src=\"https:\/\/contextoinformacionyanalisisperiodistico.files.wordpress.com\/2022\/03\/img-20220322-wa0031.jpg\" alt=\"\" class=\"wp-image-1532\"><\/figure>\n\n\n\n<figure class=\"wp-block-image\"><img decoding=\"async\" src=\"https:\/\/contextoinformacionyanalisisperiodistico.files.wordpress.com\/2022\/03\/img-20220322-wa0030.jpg\" alt=\"\" class=\"wp-image-1529\" \/><\/figure>\n\n\n\n<figure class=\"wp-block-image\"><img decoding=\"async\" src=\"https:\/\/contextoinformacionyanalisisperiodistico.files.wordpress.com\/2022\/03\/img-20220322-wa0034.jpg\" alt=\"\" class=\"wp-image-1530\"><\/figure>\n","protected":false},"excerpt":{"rendered":"<p>(*) Piden un gobierno de paz y de desarrollo para todas y todos; conf\u00edan en&#8230;<\/p>\n","protected":false},"author":2,"featured_media":1528,"comment_status":"open","ping_status":"open","sticky":false,"template":"","format":"standard","meta":{"footnotes":""},"categories":[7,9],"tags":[],"jetpack_sharing_enabled":true,"featured_image_urls":{"full":"","thumbnail":"","medium":"","medium_large":"","large":"","1536x1536":"","2048x2048":"","covernews-slider-full":"","covernews-slider-center":"","covernews-featured":"","covernews-medium":"","covernews-medium-square":""},"author_info":{"display_name":"Miguel","author_link":"https:\/\/contextoanalisisperiodistico.com\/index.php\/author\/editor\/"},"category_info":"<a href=\"https:\/\/contextoanalisisperiodistico.com\/index.php\/category\/municipios\/\" rel=\"category tag\">Municipios<\/a> <a href=\"https:\/\/contextoanalisisperiodistico.com\/index.php\/category\/politica\/\" rel=\"category tag\">Pol\u00edtica<\/a>","tag_info":"Pol\u00edtica","comment_count":"0","jetpack_featured_media_url":"","_links":{"self":[{"href":"https:\/\/contextoanalisisperiodistico.com\/index.php\/wp-json\/wp\/v2\/posts\/1533"}],"collection":[{"href":"https:\/\/contextoanalisisperiodistico.com\/index.php\/wp-json\/wp\/v2\/posts"}],"about":[{"href":"https:\/\/contextoanalisisperiodistico.com\/index.php\/wp-json\/wp\/v2\/types\/post"}],"author":[{"embeddable":true,"href":"https:\/\/contextoanalisisperiodistico.com\/index.php\/wp-json\/wp\/v2\/users\/2"}],"replies":[{"embeddable":true,"href":"https:\/\/contextoanalisisperiodistico.com\/index.php\/wp-json\/wp\/v2\/comments?post=1533"}],"version-history":[{"count":0,"href":"https:\/\/contextoanalisisperiodistico.com\/index.php\/wp-json\/wp\/v2\/posts\/1533\/revisions"}],"wp:featuredmedia":[{"embeddable":true,"href":"https:\/\/contextoanalisisperiodistico.com\/index.php\/wp-json\/"}],"wp:attachment":[{"href":"https:\/\/contextoanalisisperiodistico.com\/index.php\/wp-json\/wp\/v2\/media?parent=1533"}],"wp:term":[{"taxonomy":"category","embeddable":true,"href":"https:\/\/contextoanalisisperiodistico.com\/index.php\/wp-json\/wp\/v2\/categories?post=1533"},{"taxonomy":"post_tag","embeddable":true,"href":"https:\/\/contextoanalisisperiodistico.com\/index.php\/wp-json\/wp\/v2\/tags?post=1533"}],"curies":[{"name":"wp","href":"https:\/\/api.w.org\/{rel}","templated":true}]}}