{"id":15306,"date":"2023-06-28T18:49:45","date_gmt":"2023-06-29T00:49:45","guid":{"rendered":"https:\/\/contextoanalisisperiodistico.com\/?p=15306"},"modified":"2023-06-28T18:50:31","modified_gmt":"2023-06-29T00:50:31","slug":"conoce-aprendeinea-plataforma-para-concluir-tu-educacion-en-linea","status":"publish","type":"post","link":"https:\/\/contextoanalisisperiodistico.com\/index.php\/2023\/06\/28\/conoce-aprendeinea-plataforma-para-concluir-tu-educacion-en-linea\/","title":{"rendered":"Conoce AprendeINEA, plataforma para concluir tu educaci\u00f3n en l\u00ednea"},"content":{"rendered":"<div id=\"fb-root\"><\/div>\n\n<p>\u2022 La herramienta es gratuita y puedes consultar el material desde cualquier dispositivo que tenga o no acceso a internet<\/p>\n\n\n\n<p>Oaxaca de Ju\u00e1rez, Oax. 28 de junio de 2023.- Con la finalidad de que las personas adultas mayores de 15 a\u00f1os cuenten con una herramienta que les permita iniciar, continuar o concluir su primaria y\/o secundaria sin importar su lugar de residencia, el Instituto Estatal de Educaci\u00f3n para Adultos (IEEA) invita a conocer \u201cAprendeINEA\u201d, una plataforma digital educativa gratuita.<\/p>\n\n\n\n<p>El titular del IEEA Reynaldo Maga\u00f1a Garc\u00eda, expres\u00f3 que este portal y modelo de aprendizaje que se da a conocer a trav\u00e9s del Instituto Nacional para la Educaci\u00f3n de los Adultos (INEA) y la Secretar\u00eda de Educaci\u00f3n P\u00fablica federal se puede estudiar a trav\u00e9s de cualquier dispositivo con acceso a internet como computadora, tel\u00e9fonos celulares y tabletas electr\u00f3nicas.<\/p>\n\n\n\n<p>Expres\u00f3 que esta plataforma es gratuita y de libre acceso, por lo que la persona interesada debe abrir una cuenta siempre y cuando cuente con un correo electr\u00f3nico v\u00e1lido, de ese modo los contenidos educativos estar\u00e1n a su disposici\u00f3n a trav\u00e9s de Internet.<\/p>\n\n\n\n<p>Para realizar estudios de primaria o secundaria y obtener el respectivo certificado de estudios, deber\u00e1n cumplir con los siguientes requisitos:<\/p>\n\n\n\n<ol>\n<li>Tener 15 a\u00f1os cumplidos.<\/li>\n\n\n\n<li>Haber concluido y acreditado el estudio, las actividades y la evaluaci\u00f3n final de todos los m\u00f3dulos del nivel correspondiente.<\/li>\n\n\n\n<li>Llenar el formulario de solicitud de certificado disponible en la p\u00e1gina http:\/\/aprendeinea.inea.gob.mx y subir en el mismo formulario la documentaci\u00f3n requerida.<\/li>\n\n\n\n<li>Subir una fotograf\u00eda de la persona registrada como educanda de acuerdo a las instrucciones del propio formulario.<\/li>\n<\/ol>\n\n\n\n<p>Cabe destacar que todo el proceso se realiza completamente en l\u00ednea, desde el registro, la evaluaci\u00f3n de los contenidos, hasta la certificaci\u00f3n. Una vez que las y los educandos acrediten todos los m\u00f3dulos, podr\u00e1n solicitar el certificado con validez oficial, tambi\u00e9n en l\u00ednea dentro de la misma plataforma.<\/p>\n\n\n\n<p>La persona educanda podr\u00e1 estudiar los m\u00f3dulos a su propio ritmo, no existe plazo para concluir los niveles de AprendeINEA, siempre y cuando mantenga una actividad constante en la plataforma.<\/p>\n\n\n\n<p>Para resolver dudas sobre cualquier dificultad t\u00e9cnica en el uso de la plataforma o respecto al contenido de los m\u00f3dulos, podr\u00e1 enviar un mensaje a los responsables de la plataforma, quienes responder\u00e1 en breve para resolver cualquier incertidumbre que pueda surgir en el proceso de aprendizaje.<\/p>\n\n\n\n<p>La plataforma tambi\u00e9n cuenta con diversos tutoriales y videos que explican paso a paso como realizar el registro y la consulta de las herramientas disponibles de AprendeINEA.<\/p>\n","protected":false},"excerpt":{"rendered":"<p>\u2022 La herramienta es gratuita y puedes consultar el material desde cualquier dispositivo que tenga&#8230;<\/p>\n","protected":false},"author":4,"featured_media":15307,"comment_status":"closed","ping_status":"open","sticky":false,"template":"","format":"standard","meta":{"footnotes":""},"categories":[91],"tags":[],"jetpack_sharing_enabled":true,"featured_image_urls":{"full":["https:\/\/contextoanalisisperiodistico.com\/wp-content\/uploads\/2023\/06\/IMG-20230628-WA0081.jpg",1600,1066,false],"thumbnail":["https:\/\/contextoanalisisperiodistico.com\/wp-content\/uploads\/2023\/06\/IMG-20230628-WA0081-150x150.jpg",150,150,true],"medium":["https:\/\/contextoanalisisperiodistico.com\/wp-content\/uploads\/2023\/06\/IMG-20230628-WA0081-300x200.jpg",300,200,true],"medium_large":["https:\/\/contextoanalisisperiodistico.com\/wp-content\/uploads\/2023\/06\/IMG-20230628-WA0081-768x512.jpg",640,427,true],"large":["https:\/\/contextoanalisisperiodistico.com\/wp-content\/uploads\/2023\/06\/IMG-20230628-WA0081-1024x682.jpg",640,426,true],"1536x1536":["https:\/\/contextoanalisisperiodistico.com\/wp-content\/uploads\/2023\/06\/IMG-20230628-WA0081-1536x1023.jpg",1536,1023,true],"2048x2048":["https:\/\/contextoanalisisperiodistico.com\/wp-content\/uploads\/2023\/06\/IMG-20230628-WA0081.jpg",1600,1066,false],"covernews-slider-full":["https:\/\/contextoanalisisperiodistico.com\/wp-content\/uploads\/2023\/06\/IMG-20230628-WA0081-1115x715.jpg",1115,715,true],"covernews-slider-center":["https:\/\/contextoanalisisperiodistico.com\/wp-content\/uploads\/2023\/06\/IMG-20230628-WA0081-800x500.jpg",800,500,true],"covernews-featured":["https:\/\/contextoanalisisperiodistico.com\/wp-content\/uploads\/2023\/06\/IMG-20230628-WA0081-1024x682.jpg",1024,682,true],"covernews-medium":["https:\/\/contextoanalisisperiodistico.com\/wp-content\/uploads\/2023\/06\/IMG-20230628-WA0081-540x340.jpg",540,340,true],"covernews-medium-square":["https:\/\/contextoanalisisperiodistico.com\/wp-content\/uploads\/2023\/06\/IMG-20230628-WA0081-400x250.jpg",400,250,true]},"author_info":{"display_name":"Mario Gir\u00f3n","author_link":"https:\/\/contextoanalisisperiodistico.com\/index.php\/author\/director\/"},"category_info":"<a href=\"https:\/\/contextoanalisisperiodistico.com\/index.php\/category\/educacion\/\" rel=\"category tag\">Educaci\u00f3n<\/a>","tag_info":"Educaci\u00f3n","comment_count":"0","jetpack_featured_media_url":"https:\/\/contextoanalisisperiodistico.com\/wp-content\/uploads\/2023\/06\/IMG-20230628-WA0081.jpg","_links":{"self":[{"href":"https:\/\/contextoanalisisperiodistico.com\/index.php\/wp-json\/wp\/v2\/posts\/15306"}],"collection":[{"href":"https:\/\/contextoanalisisperiodistico.com\/index.php\/wp-json\/wp\/v2\/posts"}],"about":[{"href":"https:\/\/contextoanalisisperiodistico.com\/index.php\/wp-json\/wp\/v2\/types\/post"}],"author":[{"embeddable":true,"href":"https:\/\/contextoanalisisperiodistico.com\/index.php\/wp-json\/wp\/v2\/users\/4"}],"replies":[{"embeddable":true,"href":"https:\/\/contextoanalisisperiodistico.com\/index.php\/wp-json\/wp\/v2\/comments?post=15306"}],"version-history":[{"count":1,"href":"https:\/\/contextoanalisisperiodistico.com\/index.php\/wp-json\/wp\/v2\/posts\/15306\/revisions"}],"predecessor-version":[{"id":15308,"href":"https:\/\/contextoanalisisperiodistico.com\/index.php\/wp-json\/wp\/v2\/posts\/15306\/revisions\/15308"}],"wp:featuredmedia":[{"embeddable":true,"href":"https:\/\/contextoanalisisperiodistico.com\/index.php\/wp-json\/wp\/v2\/media\/15307"}],"wp:attachment":[{"href":"https:\/\/contextoanalisisperiodistico.com\/index.php\/wp-json\/wp\/v2\/media?parent=15306"}],"wp:term":[{"taxonomy":"category","embeddable":true,"href":"https:\/\/contextoanalisisperiodistico.com\/index.php\/wp-json\/wp\/v2\/categories?post=15306"},{"taxonomy":"post_tag","embeddable":true,"href":"https:\/\/contextoanalisisperiodistico.com\/index.php\/wp-json\/wp\/v2\/tags?post=15306"}],"curies":[{"name":"wp","href":"https:\/\/api.w.org\/{rel}","templated":true}]}}