{"id":15227,"date":"2023-06-26T19:47:19","date_gmt":"2023-06-27T01:47:19","guid":{"rendered":"https:\/\/contextoanalisisperiodistico.com\/?p=15227"},"modified":"2023-06-26T19:48:49","modified_gmt":"2023-06-27T01:48:49","slug":"trabajara-secretaria-de-las-culturas-con-diosa-centeotl-2023-en-revitalizacion-del-chatino","status":"publish","type":"post","link":"https:\/\/contextoanalisisperiodistico.com\/index.php\/2023\/06\/26\/trabajara-secretaria-de-las-culturas-con-diosa-centeotl-2023-en-revitalizacion-del-chatino\/","title":{"rendered":"Trabajar\u00e1 Secretar\u00eda de las Culturas con Diosa Cent\u00e9otl 2023 en revitalizaci\u00f3n del chatino"},"content":{"rendered":"<div id=\"fb-root\"><\/div>\n\n<p>\u2022 Leticia Santiago Guzm\u00e1n recorrer\u00e1 las comunidades de la zona chatina promoviendo acciones para revitalizar esta lengua<\/p>\n\n\n\n<p><br>\u2022 Impulsar\u00e1n acciones del programa Culturas Vivas: Lenguas y Artes<\/p>\n\n\n\n<figure class=\"wp-block-image size-large\"><img fetchpriority=\"high\" decoding=\"async\" width=\"1024\" height=\"682\" src=\"https:\/\/contextoanalisisperiodistico.com\/wp-content\/uploads\/2023\/06\/img-20230626-wa01644821355491053209466-1024x682.jpg\" alt=\"\" class=\"wp-image-15229\" srcset=\"https:\/\/contextoanalisisperiodistico.com\/wp-content\/uploads\/2023\/06\/img-20230626-wa01644821355491053209466-1024x682.jpg 1024w, https:\/\/contextoanalisisperiodistico.com\/wp-content\/uploads\/2023\/06\/img-20230626-wa01644821355491053209466-300x200.jpg 300w, https:\/\/contextoanalisisperiodistico.com\/wp-content\/uploads\/2023\/06\/img-20230626-wa01644821355491053209466-768x512.jpg 768w, https:\/\/contextoanalisisperiodistico.com\/wp-content\/uploads\/2023\/06\/img-20230626-wa01644821355491053209466-1536x1023.jpg 1536w, https:\/\/contextoanalisisperiodistico.com\/wp-content\/uploads\/2023\/06\/img-20230626-wa01644821355491053209466.jpg 1600w\" sizes=\"(max-width: 1024px) 100vw, 1024px\" \/><\/figure>\n\n\n\n<p>Oaxaca de Ju\u00e1rez, Oax. 26 de junio de 2023.- El titular de la Secretar\u00eda de las Culturas y Artes en Oaxaca, V\u00edctor Cata, anunci\u00f3 que la representante de la Diosa Cent\u00e9otl 2023, Leticia Santiago Guzm\u00e1n, oriunda de Santiago Yaitepec, colaborar\u00e1 en el programa Culturas Vivas: Lenguas y Artes para la revitalizaci\u00f3n de su lengua: el chatino.<\/p>\n\n\n\n<p>El funcionario inform\u00f3 que en pr\u00f3ximos d\u00edas, la representante de la deidad del ma\u00edz emprender\u00e1 una gira de trabajo por la zona chatina de Oaxaca, junto con integrantes del jurado calificador responsables del proceso de selecci\u00f3n de la figura que encabeza la m\u00e1xima fiesta de las y los oaxaque\u00f1os.<\/p>\n\n\n\n<p>V\u00edctor Cata resalt\u00f3 la importancia de que la Diosa Cent\u00e9otl deje de concebirse como una figura simb\u00f3lica, y que Leticia Santiago Guzm\u00e1n, coadyuve a garantizar los derechos ling\u00fc\u00edsticos de las y los hablantes chatinos de su comunidad y de otros pueblos.<\/p>\n\n\n\n<p>\u201cLa elecci\u00f3n de la Diosa Cent\u00e9otl es un punto importante para destacar la labor de las mujeres oaxaque\u00f1as en la construcci\u00f3n de la identidad, no solamente como portadoras de conocimientos, sino como transmisoras de saberes ancestrales\u201d, agreg\u00f3.<\/p>\n\n\n\n<p>De acuerdo con datos del Atlas de los Pueblos Ind\u00edgenas de M\u00e9xico del Instituto Nacional de los Pueblos Ind\u00edgenas (INPI), la zona chatina comprende el suroeste del estado de Oaxaca. Sus asentamientos abarcan una parte de la franja costera y otra de la Sierra Sur, asimismo una porci\u00f3n al Oriente del distrito de Juquila, con ocho municipios de considerable poblaci\u00f3n chatina, y una parte sur-occidental del distrito de Sola, donde \u00fanicamente el municipio Santa Cruz Zenzontepec es chatino.<\/p>\n\n\n\n<p>En este sentido, V\u00edctor Cata abund\u00f3 que a trav\u00e9s del programa Culturas Vivas: Lenguas y Artes, la Secretar\u00eda de las Culturas y Artes encabeza acciones para la revitalizaci\u00f3n de las lenguas, a trav\u00e9s de Talleres de Lengua y Pensamiento Ind\u00edgena; as\u00ed como de las Caravanas Culturales, en las que se brindan cursos de teatro, en lengua.<\/p>\n\n\n\n<p>De esta forma, dijo, se fortalecen las acciones para que el uso de la lengua se siga transmitiendo, se impulsan las pr\u00e1cticas culturales comunitarias y se reactivan los espacios dedicados al arte y la cultura que se ubican en los pueblos de las diferentes regiones del estado.<\/p>\n\n\n\n<p>De esta manera, destac\u00f3 la participaci\u00f3n de las y los integrantes del jurado que se han sumado a esta iniciativa como la activista afromexicana, Yolanda Camacho Calleja, de Villa de Tututepec; la cocinera tradicional, Abigail Mendoza Ruiz, de Teotitl\u00e1n del Valle; la fundadora y presidenta de la Asociaci\u00f3n Civil Mujeres Emprendedoras de Tlapazola, Emerenciana Mart\u00ednez Aquino; la acad\u00e9mica de la Universidad Tecnol\u00f3gica de la Mixteca (UTM), Ofelia Pineda Ortiz; y la directora y fundadora de la primera banda femenil regional Mujeres del Viento Florido, de Santa Mar\u00eda Tlahuitoltepec.<\/p>\n\n\n\n<p>Expres\u00f3 que las estrategias del programa \u201cest\u00e1n orientadas a construir territorios de paz y erradicar la violencia contra las mujeres\u201d, y se enmarcan en dos ejes fundamentales del Gobierno del Estado: la Reparaci\u00f3n Hist\u00f3rica de los Pueblos y el Nuevo Pacto Social para la Convivencia Pac\u00edfica y Segura, que ponen en el centro a las comunidades ind\u00edgenas del estado.<\/p>\n","protected":false},"excerpt":{"rendered":"<p>\u2022 Leticia Santiago Guzm\u00e1n recorrer\u00e1 las comunidades de la zona chatina promoviendo acciones para revitalizar&#8230;<\/p>\n","protected":false},"author":4,"featured_media":15228,"comment_status":"closed","ping_status":"open","sticky":false,"template":"","format":"standard","meta":{"footnotes":""},"categories":[9],"tags":[],"jetpack_sharing_enabled":true,"featured_image_urls":{"full":["https:\/\/contextoanalisisperiodistico.com\/wp-content\/uploads\/2023\/06\/IMG-20230626-WA0165.jpg",1600,1066,false],"thumbnail":["https:\/\/contextoanalisisperiodistico.com\/wp-content\/uploads\/2023\/06\/IMG-20230626-WA0165-150x150.jpg",150,150,true],"medium":["https:\/\/contextoanalisisperiodistico.com\/wp-content\/uploads\/2023\/06\/IMG-20230626-WA0165-300x200.jpg",300,200,true],"medium_large":["https:\/\/contextoanalisisperiodistico.com\/wp-content\/uploads\/2023\/06\/IMG-20230626-WA0165-768x512.jpg",640,427,true],"large":["https:\/\/contextoanalisisperiodistico.com\/wp-content\/uploads\/2023\/06\/IMG-20230626-WA0165-1024x682.jpg",640,426,true],"1536x1536":["https:\/\/contextoanalisisperiodistico.com\/wp-content\/uploads\/2023\/06\/IMG-20230626-WA0165-1536x1023.jpg",1536,1023,true],"2048x2048":["https:\/\/contextoanalisisperiodistico.com\/wp-content\/uploads\/2023\/06\/IMG-20230626-WA0165.jpg",1600,1066,false],"covernews-slider-full":["https:\/\/contextoanalisisperiodistico.com\/wp-content\/uploads\/2023\/06\/IMG-20230626-WA0165-1115x715.jpg",1115,715,true],"covernews-slider-center":["https:\/\/contextoanalisisperiodistico.com\/wp-content\/uploads\/2023\/06\/IMG-20230626-WA0165-800x500.jpg",800,500,true],"covernews-featured":["https:\/\/contextoanalisisperiodistico.com\/wp-content\/uploads\/2023\/06\/IMG-20230626-WA0165-1024x682.jpg",1024,682,true],"covernews-medium":["https:\/\/contextoanalisisperiodistico.com\/wp-content\/uploads\/2023\/06\/IMG-20230626-WA0165-540x340.jpg",540,340,true],"covernews-medium-square":["https:\/\/contextoanalisisperiodistico.com\/wp-content\/uploads\/2023\/06\/IMG-20230626-WA0165-400x250.jpg",400,250,true]},"author_info":{"display_name":"Mario Gir\u00f3n","author_link":"https:\/\/contextoanalisisperiodistico.com\/index.php\/author\/director\/"},"category_info":"<a href=\"https:\/\/contextoanalisisperiodistico.com\/index.php\/category\/politica\/\" rel=\"category tag\">Pol\u00edtica<\/a>","tag_info":"Pol\u00edtica","comment_count":"0","jetpack_featured_media_url":"https:\/\/contextoanalisisperiodistico.com\/wp-content\/uploads\/2023\/06\/IMG-20230626-WA0165.jpg","_links":{"self":[{"href":"https:\/\/contextoanalisisperiodistico.com\/index.php\/wp-json\/wp\/v2\/posts\/15227"}],"collection":[{"href":"https:\/\/contextoanalisisperiodistico.com\/index.php\/wp-json\/wp\/v2\/posts"}],"about":[{"href":"https:\/\/contextoanalisisperiodistico.com\/index.php\/wp-json\/wp\/v2\/types\/post"}],"author":[{"embeddable":true,"href":"https:\/\/contextoanalisisperiodistico.com\/index.php\/wp-json\/wp\/v2\/users\/4"}],"replies":[{"embeddable":true,"href":"https:\/\/contextoanalisisperiodistico.com\/index.php\/wp-json\/wp\/v2\/comments?post=15227"}],"version-history":[{"count":1,"href":"https:\/\/contextoanalisisperiodistico.com\/index.php\/wp-json\/wp\/v2\/posts\/15227\/revisions"}],"predecessor-version":[{"id":15230,"href":"https:\/\/contextoanalisisperiodistico.com\/index.php\/wp-json\/wp\/v2\/posts\/15227\/revisions\/15230"}],"wp:featuredmedia":[{"embeddable":true,"href":"https:\/\/contextoanalisisperiodistico.com\/index.php\/wp-json\/wp\/v2\/media\/15228"}],"wp:attachment":[{"href":"https:\/\/contextoanalisisperiodistico.com\/index.php\/wp-json\/wp\/v2\/media?parent=15227"}],"wp:term":[{"taxonomy":"category","embeddable":true,"href":"https:\/\/contextoanalisisperiodistico.com\/index.php\/wp-json\/wp\/v2\/categories?post=15227"},{"taxonomy":"post_tag","embeddable":true,"href":"https:\/\/contextoanalisisperiodistico.com\/index.php\/wp-json\/wp\/v2\/tags?post=15227"}],"curies":[{"name":"wp","href":"https:\/\/api.w.org\/{rel}","templated":true}]}}