{"id":1520,"date":"2022-03-22T13:54:01","date_gmt":"2022-03-22T19:54:01","guid":{"rendered":"http:\/\/contextoanalisisperiodistico.com.mx\/2022\/03\/22\/nosotros-los-panistas-queremos-paz-no-pobreza-ni-marginacion-naty-diaz\/"},"modified":"2022-03-22T13:54:01","modified_gmt":"2022-03-22T19:54:01","slug":"nosotros-los-panistas-queremos-paz-no-pobreza-ni-marginacion-naty-diaz","status":"publish","type":"post","link":"https:\/\/contextoanalisisperiodistico.com\/index.php\/2022\/03\/22\/nosotros-los-panistas-queremos-paz-no-pobreza-ni-marginacion-naty-diaz\/","title":{"rendered":"\u00abNosotros los panistas queremos paz, no pobreza ni marginaci\u00f3n\u00bb: Naty D\u00edaz"},"content":{"rendered":"<div id=\"fb-root\"><\/div>\n\n<p>\ud83d\udce3\ud83d\udce3 Ante las declaraciones y se\u00f1alamientos del Gobernador Alejandro Murat en contra del Partido Acci\u00f3n Nacional y la amenaza de seguir desviando recursos para su gira que anuncia que realizar\u00e1 en toda la rep\u00fablica, la Consejera Nacional, Naty D\u00edaz emite el siguiente video. \u261d\ud83c\udffc<\/p>\n\n\n\n<figure class=\"wp-block-video\"><video controls src=\"https:\/\/contextoinformacionyanalisisperiodistico.files.wordpress.com\/2022\/03\/vid-20220322-wa0014-1.mp4\"><\/video><\/figure>\n","protected":false},"excerpt":{"rendered":"<p>\ud83d\udce3\ud83d\udce3 Ante las declaraciones y se\u00f1alamientos del Gobernador Alejandro Murat en contra del Partido Acci\u00f3n&#8230;<\/p>\n","protected":false},"author":2,"featured_media":0,"comment_status":"open","ping_status":"open","sticky":false,"template":"","format":"standard","meta":{"footnotes":""},"categories":[3,7,9],"tags":[],"jetpack_sharing_enabled":true,"featured_image_urls":{"full":"","thumbnail":"","medium":"","medium_large":"","large":"","1536x1536":"","2048x2048":"","covernews-slider-full":"","covernews-slider-center":"","covernews-featured":"","covernews-medium":"","covernews-medium-square":""},"author_info":{"display_name":"Miguel","author_link":"https:\/\/contextoanalisisperiodistico.com\/index.php\/author\/editor\/"},"category_info":"<a href=\"https:\/\/contextoanalisisperiodistico.com\/index.php\/category\/ciudad\/\" rel=\"category tag\">Ciudad<\/a> <a href=\"https:\/\/contextoanalisisperiodistico.com\/index.php\/category\/municipios\/\" rel=\"category tag\">Municipios<\/a> <a href=\"https:\/\/contextoanalisisperiodistico.com\/index.php\/category\/politica\/\" rel=\"category tag\">Pol\u00edtica<\/a>","tag_info":"Pol\u00edtica","comment_count":"0","jetpack_featured_media_url":"","_links":{"self":[{"href":"https:\/\/contextoanalisisperiodistico.com\/index.php\/wp-json\/wp\/v2\/posts\/1520"}],"collection":[{"href":"https:\/\/contextoanalisisperiodistico.com\/index.php\/wp-json\/wp\/v2\/posts"}],"about":[{"href":"https:\/\/contextoanalisisperiodistico.com\/index.php\/wp-json\/wp\/v2\/types\/post"}],"author":[{"embeddable":true,"href":"https:\/\/contextoanalisisperiodistico.com\/index.php\/wp-json\/wp\/v2\/users\/2"}],"replies":[{"embeddable":true,"href":"https:\/\/contextoanalisisperiodistico.com\/index.php\/wp-json\/wp\/v2\/comments?post=1520"}],"version-history":[{"count":0,"href":"https:\/\/contextoanalisisperiodistico.com\/index.php\/wp-json\/wp\/v2\/posts\/1520\/revisions"}],"wp:attachment":[{"href":"https:\/\/contextoanalisisperiodistico.com\/index.php\/wp-json\/wp\/v2\/media?parent=1520"}],"wp:term":[{"taxonomy":"category","embeddable":true,"href":"https:\/\/contextoanalisisperiodistico.com\/index.php\/wp-json\/wp\/v2\/categories?post=1520"},{"taxonomy":"post_tag","embeddable":true,"href":"https:\/\/contextoanalisisperiodistico.com\/index.php\/wp-json\/wp\/v2\/tags?post=1520"}],"curies":[{"name":"wp","href":"https:\/\/api.w.org\/{rel}","templated":true}]}}