{"id":1509,"date":"2022-03-22T13:08:00","date_gmt":"2022-03-22T19:08:00","guid":{"rendered":"http:\/\/contextoanalisisperiodistico.com.mx\/2022\/03\/22\/invita-fdd-cocei-a-la-asamblea-informativa-sobre-reforma-electrica-para-el-domingo-27-en-juchitan\/"},"modified":"2022-03-22T13:08:00","modified_gmt":"2022-03-22T19:08:00","slug":"invita-fdd-cocei-a-la-asamblea-informativa-sobre-reforma-electrica-para-el-domingo-27-en-juchitan","status":"publish","type":"post","link":"https:\/\/contextoanalisisperiodistico.com\/index.php\/2022\/03\/22\/invita-fdd-cocei-a-la-asamblea-informativa-sobre-reforma-electrica-para-el-domingo-27-en-juchitan\/","title":{"rendered":"INVITA FDD-COCEI A LA ASAMBLEA INFORMATIVA SOBRE REFORMA ELECTRICA, PARA EL DOMINGO 27 EN JUCHIT\u00c1N"},"content":{"rendered":"<div id=\"fb-root\"><\/div>\n\n<p>El Frente por la Democracia y el Desarrollo (FDD-COCEI), que dirigen el Ingeniero H\u00e9ctor S\u00e1nchez y la licenciada Gloria S\u00e1nchez, invita a sus comit\u00e9s de base de esta ciudad, de las agencias municipales y de los pueblos vecinos, as\u00ed como a la sociedad en general, a estar presentes en la asamblea informativa sobre la Reforma El\u00e9ctrica que se celebrar\u00e1 este domingo 27 de marzo; para ello cita a todos a las 11:30 hrs en el comit\u00e9 central de la COCEI de esta ciudad, para marchar juntos al lugar donde se llevar\u00e1 a cabo el evento.<\/p>\n\n\n\n<p>La Reforma El\u00e9ctrica busca evitar una crisis energ\u00e9tica en el futuro del pa\u00eds, por eso, la COCEI encabeza esta intensa movilizaci\u00f3n a lado del Presidente Andr\u00e9s Manuel L\u00f3pez Obrador, para devolver la rector\u00eda de los recursos energ\u00e9ticos a M\u00e9xico.<\/p>\n\n\n\n<p>Al evento que han organizado las expresiones pol\u00edticas de la COCEI, asistir\u00e1n Roc\u00edo Nahle Secretaria de Energ\u00eda, la Jefa de gobierno de la Ciudad de M\u00e9xico Claudia Sheinbaum, as\u00ed como las gobernadoras de Campeche y Tlaxcala, Layda Sansores y Lorena Cuellar, respectivamente, para ofrecer una amplia informaci\u00f3n sobre el tema de la Reforma Electrica.<\/p>\n\n\n\n<figure class=\"wp-block-image size-large\"><img decoding=\"async\" src=\"https:\/\/contextoinformacionyanalisisperiodistico.files.wordpress.com\/2022\/03\/img-20220322-wa0011.jpg?w=960\" alt=\"\" class=\"wp-image-1508\" \/><\/figure>\n","protected":false},"excerpt":{"rendered":"<p>El Frente por la Democracia y el Desarrollo (FDD-COCEI), que dirigen el Ingeniero H\u00e9ctor S\u00e1nchez&#8230;<\/p>\n","protected":false},"author":2,"featured_media":0,"comment_status":"open","ping_status":"open","sticky":false,"template":"","format":"standard","meta":{"footnotes":""},"categories":[7],"tags":[],"jetpack_sharing_enabled":true,"featured_image_urls":{"full":"","thumbnail":"","medium":"","medium_large":"","large":"","1536x1536":"","2048x2048":"","covernews-slider-full":"","covernews-slider-center":"","covernews-featured":"","covernews-medium":"","covernews-medium-square":""},"author_info":{"display_name":"Miguel","author_link":"https:\/\/contextoanalisisperiodistico.com\/index.php\/author\/editor\/"},"category_info":"<a href=\"https:\/\/contextoanalisisperiodistico.com\/index.php\/category\/municipios\/\" rel=\"category tag\">Municipios<\/a>","tag_info":"Municipios","comment_count":"0","jetpack_featured_media_url":"","_links":{"self":[{"href":"https:\/\/contextoanalisisperiodistico.com\/index.php\/wp-json\/wp\/v2\/posts\/1509"}],"collection":[{"href":"https:\/\/contextoanalisisperiodistico.com\/index.php\/wp-json\/wp\/v2\/posts"}],"about":[{"href":"https:\/\/contextoanalisisperiodistico.com\/index.php\/wp-json\/wp\/v2\/types\/post"}],"author":[{"embeddable":true,"href":"https:\/\/contextoanalisisperiodistico.com\/index.php\/wp-json\/wp\/v2\/users\/2"}],"replies":[{"embeddable":true,"href":"https:\/\/contextoanalisisperiodistico.com\/index.php\/wp-json\/wp\/v2\/comments?post=1509"}],"version-history":[{"count":0,"href":"https:\/\/contextoanalisisperiodistico.com\/index.php\/wp-json\/wp\/v2\/posts\/1509\/revisions"}],"wp:attachment":[{"href":"https:\/\/contextoanalisisperiodistico.com\/index.php\/wp-json\/wp\/v2\/media?parent=1509"}],"wp:term":[{"taxonomy":"category","embeddable":true,"href":"https:\/\/contextoanalisisperiodistico.com\/index.php\/wp-json\/wp\/v2\/categories?post=1509"},{"taxonomy":"post_tag","embeddable":true,"href":"https:\/\/contextoanalisisperiodistico.com\/index.php\/wp-json\/wp\/v2\/tags?post=1509"}],"curies":[{"name":"wp","href":"https:\/\/api.w.org\/{rel}","templated":true}]}}