{"id":15033,"date":"2023-06-21T20:56:10","date_gmt":"2023-06-22T02:56:10","guid":{"rendered":"https:\/\/contextoanalisisperiodistico.com\/?p=15033"},"modified":"2023-06-21T20:56:36","modified_gmt":"2023-06-22T02:56:36","slug":"cuatro-decadas-cautivando-presentan-donaji-la-leyenda-2023","status":"publish","type":"post","link":"https:\/\/contextoanalisisperiodistico.com\/index.php\/2023\/06\/21\/cuatro-decadas-cautivando-presentan-donaji-la-leyenda-2023\/","title":{"rendered":"Cuatro d\u00e9cadas cautivando: presentan Donaj\u00ed\u2026 La Leyenda 2023"},"content":{"rendered":"<div id=\"fb-root\"><\/div>\n\n<p>\u2022 Ha logrado cautivar a audiencias, convirti\u00e9ndose en el segundo espect\u00e1culo m\u00e1s visto en Oaxaca, solo despu\u00e9s de la Guelaguetza.<\/p>\n\n\n\n<p>Oaxaca de Ju\u00e1rez, Oax., a 21 de junio de 2023.- El espect\u00e1culo emblem\u00e1tico Donaj\u00ed\u2026 La Leyenda se prepara para encantar nuevamente los corazones de las y los oaxaque\u00f1os, as\u00ed como de visitantes locales y extranjeros, en su edici\u00f3n de este a\u00f1o.<\/p>\n\n\n\n<p> En conferencia de prensa se presentaron los detalles de esta producci\u00f3n que celebra su cuadrag\u00e9simo aniversario.<\/p>\n\n\n\n<p>El secretario de Fomento Tur\u00edstico, \u00c1ngel Osorio Morales, se\u00f1al\u00f3 que el municipio de Oaxaca de Ju\u00e1rez se enorgullece en invitar a todos los amantes del arte y la cultura a las funciones de Donaj\u00ed\u2026 La Leyenda 2023, que se llevar\u00e1n a cabo los domingos previos a la Guelaguetza, el 16 y 23 de julio, a las 20:00 horas, donde se espera la asistencia de m\u00e1s de 22 mil 322 personas.<\/p>\n\n\n\n<p>Asimismo destac\u00f3 que los boletos para este espect\u00e1culo est\u00e1n disponibles a partir de hoy en la plataforma de SuperBoletos:<\/p>\n\n\n\n<p> www.superboletos.com. Tambi\u00e9n podr\u00e1n ser adquiridos en el interior del palacio municipal de 9 a 17 horas, Casa Convite, Farmacias del Ahorro sucursal Melchor Ocampo y Agrado Market.<\/p>\n\n\n\n<p>Los costos de los boletos en el palco A es de $450 pesos, m\u00e1s 10% del uso de la plataforma y cargos por tarjetas bancarias, palco B: $400 pesos, m\u00e1s 10% del uso de la plataforma y cargos por tarjetas bancarias, y las secciones C y D ser\u00e1n de acceso gratuito, beneficiando a 12 mil 626 espectadores que tendr\u00e1n la oportunidad de disfrutar de este incre\u00edble espect\u00e1culo.<\/p>\n\n\n\n<p>Asimismo, anunci\u00f3 que se llevar\u00e1 a cabo otros eventos adicionales como: los Convites Donaj\u00ed, al finalizar las presentaciones de Donaj\u00ed\u2026 La Leyenda, mismos que recorrer\u00e1n las escaleras y calles que llevan del auditorio al templo de Santo Domingo de Guzm\u00e1n y la presentaci\u00f3n del Cat\u00e1logo de Carteles Hist\u00f3ricos, mismos que han sido restaurados digitalmente y ser\u00e1n exhibidos por primera vez en un cat\u00e1logo impreso y digital, el jueves 13 de julio, a las 18:00 horas, en el patio del palacio municipal de Oaxaca de Ju\u00e1rez, mismo d\u00eda en que se llevar\u00e1 el lanzamiento oficial del micrositio web de la Secretar\u00eda de Fomento Tur\u00edstico, en colaboraci\u00f3n con la Direcci\u00f3n de Sistemas de Informaci\u00f3n.<\/p>\n\n\n\n<p>Acompa\u00f1ado del coordinador del Ballet Folkl\u00f3rico de Oaxaca, Fernando Rosales, la regidora de Gobierno y de Espect\u00e1culos y de Turismo, Adriana Morales S\u00e1nchez, el secretario de Fomento Tur\u00edstico, \u00c1ngel Osorio Morales, as\u00ed como de Karla Platas, quien interpretar\u00e1 a Donaj\u00ed \u201cAlma Grande\u00bb, y Mois\u00e9s Chicatti N\u00fa\u00f1ez, quien interpretar\u00e1 a Nucano \u201cFuego Salvaje\u201d, el presidente municipal de Oaxaca de Ju\u00e1rez, Francisco Mart\u00ednez Neri, destac\u00f3 que Oaxaca de Ju\u00e1rez est\u00e1 listo para llevar a cabo esta serie de actividades, en el marco de la Guelaguetza. \u201cDonaj\u00ed\u2026 La Leyenda ser\u00e1 un evento que los cautivara\u201d, finaliz\u00f3.<\/p>\n\n\n\n<figure class=\"wp-block-image size-large\"><img fetchpriority=\"high\" decoding=\"async\" width=\"1024\" height=\"682\" src=\"https:\/\/contextoanalisisperiodistico.com\/wp-content\/uploads\/2023\/06\/img-20230621-wa01245148203920091328890-1024x682.jpg\" alt=\"\" class=\"wp-image-15036\" srcset=\"https:\/\/contextoanalisisperiodistico.com\/wp-content\/uploads\/2023\/06\/img-20230621-wa01245148203920091328890-1024x682.jpg 1024w, https:\/\/contextoanalisisperiodistico.com\/wp-content\/uploads\/2023\/06\/img-20230621-wa01245148203920091328890-300x200.jpg 300w, https:\/\/contextoanalisisperiodistico.com\/wp-content\/uploads\/2023\/06\/img-20230621-wa01245148203920091328890-768x512.jpg 768w, https:\/\/contextoanalisisperiodistico.com\/wp-content\/uploads\/2023\/06\/img-20230621-wa01245148203920091328890-1536x1023.jpg 1536w, https:\/\/contextoanalisisperiodistico.com\/wp-content\/uploads\/2023\/06\/img-20230621-wa01245148203920091328890.jpg 1600w\" sizes=\"(max-width: 1024px) 100vw, 1024px\" \/><\/figure>\n\n\n\n<figure class=\"wp-block-image\"><img decoding=\"async\" width=\"1024\" height=\"819\" src=\"https:\/\/contextoanalisisperiodistico.com\/wp-content\/uploads\/2023\/06\/img-20230621-wa01227871161462158422385-1024x819.jpg\" alt=\"\" class=\"wp-image-15038\" srcset=\"https:\/\/contextoanalisisperiodistico.com\/wp-content\/uploads\/2023\/06\/img-20230621-wa01227871161462158422385-1024x819.jpg 1024w, https:\/\/contextoanalisisperiodistico.com\/wp-content\/uploads\/2023\/06\/img-20230621-wa01227871161462158422385-300x240.jpg 300w, https:\/\/contextoanalisisperiodistico.com\/wp-content\/uploads\/2023\/06\/img-20230621-wa01227871161462158422385-768x614.jpg 768w, https:\/\/contextoanalisisperiodistico.com\/wp-content\/uploads\/2023\/06\/img-20230621-wa01227871161462158422385-1536x1228.jpg 1536w, https:\/\/contextoanalisisperiodistico.com\/wp-content\/uploads\/2023\/06\/img-20230621-wa01227871161462158422385.jpg 1600w\" sizes=\"(max-width: 1024px) 100vw, 1024px\" \/><\/figure>\n\n\n\n<figure class=\"wp-block-image\"><img decoding=\"async\" width=\"1024\" height=\"682\" src=\"https:\/\/contextoanalisisperiodistico.com\/wp-content\/uploads\/2023\/06\/img-20230621-wa01236995798261684548786-1024x682.jpg\" alt=\"\" class=\"wp-image-15037\" srcset=\"https:\/\/contextoanalisisperiodistico.com\/wp-content\/uploads\/2023\/06\/img-20230621-wa01236995798261684548786-1024x682.jpg 1024w, https:\/\/contextoanalisisperiodistico.com\/wp-content\/uploads\/2023\/06\/img-20230621-wa01236995798261684548786-300x200.jpg 300w, https:\/\/contextoanalisisperiodistico.com\/wp-content\/uploads\/2023\/06\/img-20230621-wa01236995798261684548786-768x512.jpg 768w, https:\/\/contextoanalisisperiodistico.com\/wp-content\/uploads\/2023\/06\/img-20230621-wa01236995798261684548786-1536x1023.jpg 1536w, https:\/\/contextoanalisisperiodistico.com\/wp-content\/uploads\/2023\/06\/img-20230621-wa01236995798261684548786.jpg 1600w\" sizes=\"(max-width: 1024px) 100vw, 1024px\" \/><\/figure>\n\n\n\n<figure class=\"wp-block-image\"><img loading=\"lazy\" decoding=\"async\" width=\"1024\" height=\"683\" src=\"https:\/\/contextoanalisisperiodistico.com\/wp-content\/uploads\/2023\/06\/img-20230621-wa01216598064471441359875-1024x683.jpg\" alt=\"\" class=\"wp-image-15035\" srcset=\"https:\/\/contextoanalisisperiodistico.com\/wp-content\/uploads\/2023\/06\/img-20230621-wa01216598064471441359875-1024x683.jpg 1024w, https:\/\/contextoanalisisperiodistico.com\/wp-content\/uploads\/2023\/06\/img-20230621-wa01216598064471441359875-300x200.jpg 300w, https:\/\/contextoanalisisperiodistico.com\/wp-content\/uploads\/2023\/06\/img-20230621-wa01216598064471441359875-768x512.jpg 768w, https:\/\/contextoanalisisperiodistico.com\/wp-content\/uploads\/2023\/06\/img-20230621-wa01216598064471441359875-1536x1024.jpg 1536w, https:\/\/contextoanalisisperiodistico.com\/wp-content\/uploads\/2023\/06\/img-20230621-wa01216598064471441359875.jpg 1600w\" sizes=\"(max-width: 1024px) 100vw, 1024px\" \/><\/figure>\n","protected":false},"excerpt":{"rendered":"<p>\u2022 Ha logrado cautivar a audiencias, convirti\u00e9ndose en el segundo espect\u00e1culo m\u00e1s visto en Oaxaca,&#8230;<\/p>\n","protected":false},"author":4,"featured_media":15034,"comment_status":"closed","ping_status":"open","sticky":false,"template":"","format":"standard","meta":{"footnotes":""},"categories":[9],"tags":[],"jetpack_sharing_enabled":true,"featured_image_urls":{"full":["https:\/\/contextoanalisisperiodistico.com\/wp-content\/uploads\/2023\/06\/IMG-20230621-WA0120.jpg",1066,1600,false],"thumbnail":["https:\/\/contextoanalisisperiodistico.com\/wp-content\/uploads\/2023\/06\/IMG-20230621-WA0120-150x150.jpg",150,150,true],"medium":["https:\/\/contextoanalisisperiodistico.com\/wp-content\/uploads\/2023\/06\/IMG-20230621-WA0120-200x300.jpg",200,300,true],"medium_large":["https:\/\/contextoanalisisperiodistico.com\/wp-content\/uploads\/2023\/06\/IMG-20230621-WA0120-768x1153.jpg",640,961,true],"large":["https:\/\/contextoanalisisperiodistico.com\/wp-content\/uploads\/2023\/06\/IMG-20230621-WA0120-682x1024.jpg",640,961,true],"1536x1536":["https:\/\/contextoanalisisperiodistico.com\/wp-content\/uploads\/2023\/06\/IMG-20230621-WA0120-1023x1536.jpg",1023,1536,true],"2048x2048":["https:\/\/contextoanalisisperiodistico.com\/wp-content\/uploads\/2023\/06\/IMG-20230621-WA0120.jpg",1066,1600,false],"covernews-slider-full":["https:\/\/contextoanalisisperiodistico.com\/wp-content\/uploads\/2023\/06\/IMG-20230621-WA0120-1066x715.jpg",1066,715,true],"covernews-slider-center":["https:\/\/contextoanalisisperiodistico.com\/wp-content\/uploads\/2023\/06\/IMG-20230621-WA0120-800x500.jpg",800,500,true],"covernews-featured":["https:\/\/contextoanalisisperiodistico.com\/wp-content\/uploads\/2023\/06\/IMG-20230621-WA0120-1024x1537.jpg",1024,1537,true],"covernews-medium":["https:\/\/contextoanalisisperiodistico.com\/wp-content\/uploads\/2023\/06\/IMG-20230621-WA0120-540x340.jpg",540,340,true],"covernews-medium-square":["https:\/\/contextoanalisisperiodistico.com\/wp-content\/uploads\/2023\/06\/IMG-20230621-WA0120-400x250.jpg",400,250,true]},"author_info":{"display_name":"Mario Gir\u00f3n","author_link":"https:\/\/contextoanalisisperiodistico.com\/index.php\/author\/director\/"},"category_info":"<a href=\"https:\/\/contextoanalisisperiodistico.com\/index.php\/category\/politica\/\" rel=\"category tag\">Pol\u00edtica<\/a>","tag_info":"Pol\u00edtica","comment_count":"0","jetpack_featured_media_url":"https:\/\/contextoanalisisperiodistico.com\/wp-content\/uploads\/2023\/06\/IMG-20230621-WA0120.jpg","_links":{"self":[{"href":"https:\/\/contextoanalisisperiodistico.com\/index.php\/wp-json\/wp\/v2\/posts\/15033"}],"collection":[{"href":"https:\/\/contextoanalisisperiodistico.com\/index.php\/wp-json\/wp\/v2\/posts"}],"about":[{"href":"https:\/\/contextoanalisisperiodistico.com\/index.php\/wp-json\/wp\/v2\/types\/post"}],"author":[{"embeddable":true,"href":"https:\/\/contextoanalisisperiodistico.com\/index.php\/wp-json\/wp\/v2\/users\/4"}],"replies":[{"embeddable":true,"href":"https:\/\/contextoanalisisperiodistico.com\/index.php\/wp-json\/wp\/v2\/comments?post=15033"}],"version-history":[{"count":1,"href":"https:\/\/contextoanalisisperiodistico.com\/index.php\/wp-json\/wp\/v2\/posts\/15033\/revisions"}],"predecessor-version":[{"id":15039,"href":"https:\/\/contextoanalisisperiodistico.com\/index.php\/wp-json\/wp\/v2\/posts\/15033\/revisions\/15039"}],"wp:featuredmedia":[{"embeddable":true,"href":"https:\/\/contextoanalisisperiodistico.com\/index.php\/wp-json\/wp\/v2\/media\/15034"}],"wp:attachment":[{"href":"https:\/\/contextoanalisisperiodistico.com\/index.php\/wp-json\/wp\/v2\/media?parent=15033"}],"wp:term":[{"taxonomy":"category","embeddable":true,"href":"https:\/\/contextoanalisisperiodistico.com\/index.php\/wp-json\/wp\/v2\/categories?post=15033"},{"taxonomy":"post_tag","embeddable":true,"href":"https:\/\/contextoanalisisperiodistico.com\/index.php\/wp-json\/wp\/v2\/tags?post=15033"}],"curies":[{"name":"wp","href":"https:\/\/api.w.org\/{rel}","templated":true}]}}