{"id":15024,"date":"2023-06-21T19:32:20","date_gmt":"2023-06-22T01:32:20","guid":{"rendered":"https:\/\/contextoanalisisperiodistico.com\/?p=15024"},"modified":"2023-06-21T19:32:33","modified_gmt":"2023-06-22T01:32:33","slug":"la-guelaguetza-2023-es-historica-e-incluyente","status":"publish","type":"post","link":"https:\/\/contextoanalisisperiodistico.com\/index.php\/2023\/06\/21\/la-guelaguetza-2023-es-historica-e-incluyente\/","title":{"rendered":"La Guelaguetza 2023 es hist\u00f3rica e incluyente"},"content":{"rendered":"<div id=\"fb-root\"><\/div>\n\n<p>\u25cf Retoma su origen popular y ra\u00edces de los  pueblos de las 8 regiones<\/p>\n\n\n\n<p>\u2022 Titulares de las secretar\u00edas de Turismo, Pueblos Ind\u00edgenas y Afromexicano y de las Culturas y Artes dieron a conocer las delegaciones que participar\u00e1n en el Lunes del Cerro y la Octava en las ediciones matutinas y vespertinas<\/p>\n\n\n\n<p>\u2022 Ser\u00e1 una aut\u00e9ntica fiesta para el disfrute de las y los oaxaque\u00f1os con expresiones art\u00edsticas que invadir\u00e1n el espacio p\u00fablico de la capital y diversos municipios de Valles Centrales<\/p>\n\n\n\n<p>\u2022 Este jueves 22 y viernes 23 de junio se elegir\u00e1 a la Diosa Cent\u00e9otl 2023 a partir de las 6 de la tarde en la Plaza de la Danza con la participaci\u00f3n de 46 mujeres de las 8 regiones<\/p>\n\n\n\n<p>Oaxaca de Ju\u00e1rez, Oax. 21 de junio de 2023.- Por primera vez desde hace muchos a\u00f1os, en su edici\u00f3n 91, la Guelaguetza 2023 ser\u00e1 hist\u00f3rica e incluyente, con la participaci\u00f3n de 55 delegaciones de 14 culturas, y los pueblos afromexicano y mestizos, que presentar\u00e1n sus danzas y tradiciones en el Lunes del Cerro y la Octava, en sus ediciones matutina y vespertina en el auditorio del Cerro del Fort\u00edn.<br \/>La m\u00e1xima fiesta de los pueblos de Oaxaca retomar\u00e1 su origen y ra\u00edces populares para invadir con sus expresiones art\u00edsticas, musicales y danc\u00edsticas los espacios p\u00fablicos de la capital con el programa Expresiones Art\u00edsticas y Culturales, en el que participar\u00e1n diversas delegaciones.<br \/>Titulares de las secretar\u00edas de Turismo, Saymi Pineda Velasco; de Interculturalidad, Pueblos y Comunidades Ind\u00edgenas y Afromexicanas (SIPCIA), Berta Ruth Arreola Ru\u00edz y de las Culturas y Artes, V\u00edctor Cata, informaron sobre las diversas actividades que se realizar\u00e1n en Julio Mes de la Guelaguetza.<br \/>Destacaron que las delegaciones que se presentar\u00e1n en el Auditorio Guelaguetza son resultado de un proceso de elecci\u00f3n definido por personas aut\u00e9nticas conocedoras de las tradiciones y pueblos de Oaxaca y que recorrieron los municipios de las ocho regiones, quienes integran los Consejos Interculturales.<br \/>En la edici\u00f3n matutina del 17 de julio se presentar\u00e1n las siguientes delegaciones:<\/p>\n\n\n\n<ol>\n<li>Las Chinas Oaxaque\u00f1as con el tradicional Jarabe del Valle, delegaci\u00f3n originaria de los Valles Centrales.<\/li>\n\n\n\n<li>La delegaci\u00f3n de Huautla de Jim\u00e9nez de la regi\u00f3n de la Sierra de Flores Mag\u00f3n con el Recibimiento de los Novios.<\/li>\n\n\n\n<li>La delegaci\u00f3n de San Sebasti\u00e1n Tutla de los Valles Centrales con la Rendida de Culto, Calenda y Mayordom\u00eda.<\/li>\n\n\n\n<li>La delegaci\u00f3n de San Lucas Ojitl\u00e1n, de la Cuenca del Papaloapan con la Vida del Hombre y la Mujer en el Campo.<\/li>\n\n\n\n<li>La delegaci\u00f3n de Santa Catarina Juquila, de la Costa con Chilenas, Sones y Juegos de Santa Catarina Juquila.<\/li>\n\n\n\n<li>La delegaci\u00f3n de San Melchor Betaza de la Sierra de Ju\u00e1rez con Sones y Jarabes de Betaza.<\/li>\n\n\n\n<li>La delegaci\u00f3n de San Francisco del Mar del Istmo de Tehuantepec con Homenaje luctuoso y Martes Santo.<\/li>\n\n\n\n<li>La delegaci\u00f3n de Santa Mar\u00eda Tonameca de la regi\u00f3n de la Costa con Mayordom\u00eda de la Bandera del 12 de mayo y 16 de agosto.<\/li>\n\n\n\n<li>La delegaci\u00f3n de Huajuapan de Le\u00f3n con el Jarabe Mixteco.<\/li>\n\n\n\n<li>La delegaci\u00f3n de la Villa de Zaachila de los Valles Centrales con la Danza de la Pluma.<\/li>\n\n\n\n<li>La delegaci\u00f3n de Collantes de la regi\u00f3n de la Costa con la Danza de los Diablos.<\/li>\n\n\n\n<li>La delegaci\u00f3n de Santa Mar\u00eda Teopoxco de la regi\u00f3n Sierra de Flores Mag\u00f3n con el Rito del Matrimonio.<\/li>\n\n\n\n<li>La delegaci\u00f3n de Santo Domingo Tehuantepec del Istmo de Tehuantepec con Vela Sandunga.<\/li>\n\n\n\n<li>La delegaci\u00f3n de San Juan Bautista Tuxtepec de la Cuenca del Papaloapan con el Baile Flor de Pi\u00f1a.<\/li>\n\n\n\n<li>La delegaci\u00f3n de Ejutla de Crespo de los Valles Centrales con el Jarabe Ejuteco.<\/li>\n\n\n\n<li>La delegaci\u00f3n de Santiago Pinotepa Nacional de la Costa con Chilenas, Sones y Juegos de Pinotepa Nacional.<\/li>\n<\/ol>\n\n\n\n<p>Las delegaciones seleccionadas para la presentaci\u00f3n vespertina del Lunes del Cerro del 17 de julio, son:<\/p>\n\n\n\n<ol>\n<li>La delegaci\u00f3n de las Chinas Oaxaque\u00f1as de los Valles Centrales con Jarabe del Valle.<\/li>\n\n\n\n<li>La delegaci\u00f3n de Teotongo de la regi\u00f3n Mixteca con Sones Chocholtecos de Santiago Teotongo.<\/li>\n\n\n\n<li>La delegaci\u00f3n de Santiago Llano Grande de la regi\u00f3n de la Costa con la Danza de los Diablos.<\/li>\n\n\n\n<li>La delegaci\u00f3n de San Vicente Coatl\u00e1n de los Valles Centrales con el Jarabe Chente\u00f1o.<\/li>\n\n\n\n<li>La delegaci\u00f3n de San Pedro Amuzgos de la Sierra Sur con Mayordom\u00eda al Se\u00f1or San Pedro y Fandango Amuzgo.<\/li>\n\n\n\n<li>La delegaci\u00f3n de San Carlos Yautepec de la Sierra Sur con Fandango y Jarabe Carle\u00f1o.<\/li>\n\n\n\n<li>La delegaci\u00f3n de Asunci\u00f3n Ixtaltepec del Istmo de Tehuantepec con la Fiesta Patronal en Honor a la Asunci\u00f3n de la Virgen Mar\u00eda.<\/li>\n\n\n\n<li>La delegaci\u00f3n de Santo Tom\u00e1s Ocotepec de la regi\u00f3n Mixteca con el Baile de la Aguja.<\/li>\n\n\n\n<li>La delegaci\u00f3n de Heroica Ciudad de Huajuapan de Le\u00f3n de la regi\u00f3n Mixteca con el Jarabe Mixteco.<\/li>\n\n\n\n<li>La delegaci\u00f3n de la Heroica Ciudad de Juchit\u00e1n de Zaragoza del Istmo de Tehuantepec con Guidxi guie\u00b4 yooxho\u00b4 xtinne, Mi Antiguo Juchit\u00e1n.<\/li>\n\n\n\n<li>La delegaci\u00f3n de Santiago Juxtlahuaca de la regi\u00f3n Mixteca con la Danza de los Rubios.<\/li>\n\n\n\n<li>La delegaci\u00f3n de Trinidad de Zaachila de los Valles Centrales con la Danza de la Pluma.<\/li>\n\n\n\n<li>La delegaci\u00f3n de Santa Mar\u00eda Tlahuitoltepec de la Sierra de Ju\u00e1rez con Rito, Festividad y Sones Mixes de Tlahuitoltepec.<\/li>\n\n\n\n<li>La delegaci\u00f3n de San Juan Bautista Tuxtepec de la Cuenca del Papaloapan con el baile Flor de Pi\u00f1a.<\/li>\n\n\n\n<li>La delegaci\u00f3n de Santiago Jamiltepec de la Costa con Sones, Juegos y Chilenas.<\/li>\n\n\n\n<li>La delegaci\u00f3n de Putla Villa de Guerrero de la Sierra Sur con Calenda, Sones, Chilenas y Comparsas del Carnaval.<\/li>\n<\/ol>\n\n\n\n<p>Las delegaciones seleccionadas para la Octava el 24 de julio son:<\/p>\n\n\n\n<ol>\n<li>La delegaci\u00f3n de Cuil\u00e1pam de Guerrero de los Valles Centrales con Danza de la Pluma.<\/li>\n\n\n\n<li>La delegaci\u00f3n de San Jos\u00e9 Tenango de la regi\u00f3n de la Sierra de Flores Mag\u00f3n con Sones Mazatecos.<\/li>\n\n\n\n<li>La delegaci\u00f3n de Santa Luc\u00eda Ocotl\u00e1n de los Valles Centrales con Jarabe del Tiznado.<\/li>\n\n\n\n<li>La delegaci\u00f3n de Santa Mar\u00eda Zacatepec de la Sierra Sur con Boda, Fandango y Carnaval Tacuate.<\/li>\n\n\n\n<li>La delegaci\u00f3n de San Mateo Macuilx\u00f3chitl de Artigas Carranza de los Valles Centrales con la Mayordom\u00eda de San Mateo Ap\u00f3stol y Evangelista.<\/li>\n\n\n\n<li>La delegaci\u00f3n de San Sebasti\u00e1n Tecomaxtlahuaca de la regi\u00f3n Mixteca con la Danza de los Diablos de San Sebasti\u00e1n Tecomaxtlahuaca.<\/li>\n\n\n\n<li>La delegaci\u00f3n de San Pedro Tapanatepec del Istmo de Tehuantepec con Lavada y Planchada de la Ropa de San Pedro Ap\u00f3stol.<\/li>\n\n\n\n<li>La delegaci\u00f3n de San Andr\u00e9s Huaxpaltepec de la Costa con Fandango de Caj\u00f3n en la Mayordom\u00eda de San Andr\u00e9s.<\/li>\n\n\n\n<li>La delegaci\u00f3n de la Heroica Villa de San Blas Atempa del Istmo de Tehuantepec con la Fiesta Patronal de San Blas Obispo.<\/li>\n\n\n\n<li>La delegaci\u00f3n de Santa Mar\u00eda Huatulco de la regi\u00f3n de la Costa con Sones y Chilenas de Santa Mar\u00eda Huatulco.<\/li>\n\n\n\n<li>La delegaci\u00f3n de San Felipe Jalapa de D\u00edaz de la Cuenca del Papaloapan con las Pastoras.<\/li>\n\n\n\n<li>La delegaci\u00f3n de Huajuapan de Le\u00f3n con el Jarabe Mixteco.<\/li>\n\n\n\n<li>La delegaci\u00f3n de Santos Reyes Nopala de la Costa con la Boda Chatina.<\/li>\n\n\n\n<li>La delegaci\u00f3n de San Juan Bautista Tuxtepec de la Cuenca del Papaloapan con Baile Flor de Pi\u00f1a.<\/li>\n\n\n\n<li>La delegaci\u00f3n de San Miguel Villa Sola de Vega de la Sierra Sur con la Boda Solteca.<\/li>\n\n\n\n<li>Las Chinas Oaxaque\u00f1as de los Valles Centrales con el Jarabe del Valle.<\/li>\n<\/ol>\n\n\n\n<p>Las delegaciones seleccionadas para la funci\u00f3n vespertina de la Octava del 24 de julio son:<\/p>\n\n\n\n<ol>\n<li>La delegaci\u00f3n de Tlacolula de Matamoros de los Valles Centrales con la mayordom\u00eda del Se\u00f1or de Tlacolula.<\/li>\n\n\n\n<li>La delegaci\u00f3n de San Juan Copala de la regi\u00f3n Mixteca con la Calandria, El Colibr\u00ed y la Tortolita.<\/li>\n\n\n\n<li>La delegaci\u00f3n de Ciudad Ixtepec del Istmo de Tehuantepec con Ciudad Ixtepec, El Emporio Jerome\u00f1o.<\/li>\n\n\n\n<li>La delegaci\u00f3n de Miahuatl\u00e1n de Porfirio D\u00edaz de los Valles Centrales con Sones, Jarabes y Fandango Miahuateco.<\/li>\n\n\n\n<li>La delegaci\u00f3n de Ejutla de Crespo de los Valles Centrales con el Jarabe Ejuteco.<\/li>\n\n\n\n<li>La delegaci\u00f3n de Villa de Tututepec de la Costa con la Mayordom\u00eda, y Fandango de Varitas de la Villa de Tututepec.<\/li>\n\n\n\n<li>La delegaci\u00f3n de Tlaxiaco de la regi\u00f3n Mixteca con Sones y Jarabes de Tlaxiaco.<\/li>\n\n\n\n<li>San Francisco Ixhuat\u00e1n del Istmo de Tehuantepec con Ixhuat\u00e1n Canta (Guidxiyaza Ruunda).<\/li>\n\n\n\n<li>La delegaci\u00f3n de Teotitl\u00e1n del Valle de los Valles Centrales con la Danza de la Pluma de Promesa 2022-2024.<\/li>\n\n\n\n<li>La delegaci\u00f3n de Huajuapan de la regi\u00f3n Mixteca con el Jarabe Mixteco.<\/li>\n\n\n\n<li>La delegaci\u00f3n de San Pedro Pochutla de la Costa con Sones de Pochutla.<\/li>\n\n\n\n<li>La delegaci\u00f3n de San Francisco Sola de la Sierra Sur con Jarabe de la Rosa y Chilenas de San Francisco Sola.<\/li>\n\n\n\n<li>La delegaci\u00f3n de San Pablo Macuiltianguis de la Sierra de Ju\u00e1rez con el Torito Serrano.<\/li>\n\n\n\n<li>La delegaci\u00f3n de San Juan Bautista Tuxtepec de la Cuenca del Papaloapan con Baile Flor de Pi\u00f1a.<\/li>\n\n\n\n<li>La delegaci\u00f3n de Santiago Pinotepa Nacional de la Costa con Chilenas, Sones y Juegos de Pinotepa Nacional.<\/li>\n\n\n\n<li>Las Chinas Oaxaque\u00f1as de los Valles Centrales con Jarabe del Valle.<\/li>\n<\/ol>\n\n\n\n<p>Elegir\u00e1n a la Diosa Cent\u00e9otl en la Plaza de la Danza<br \/>Asimismo, se inform\u00f3 que la elecci\u00f3n de la Diosa Cent\u00e9otl 2023 se llevar\u00e1 a cabo los d\u00edas jueves 22 y el viernes 23 de junio a partir de las 18:00 horas en la Plaza de la Danza. Para ello se inscribieron 46 mujeres de las 8 regiones del estado.<br \/>Las edades de las participantes van desde los 18 a 57 a\u00f1os y representan a las culturas Mazateca, Nahua, Chatina, Mixteca, Chinanteca, Zoque, Ikoot, Zapoteca, Mixe y Mestizo.<br \/>Las participantes abordar\u00e1n y expondr\u00e1n temas relacionados con el contexto social y territorial de su municipio, identidad cultural y tradiciones, acciones o valores culturales que realizan en beneficio de su comunidad, organizaci\u00f3n social y valores comunitarios, lenguas ind\u00edgenas originarias de su municipio y su contexto social, patrimonio cultural material e inmaterial de su municipio.<br \/>El jurado calificador lo conforman Yolanda Camacho Callejas (activista de los pueblos afromexicanos), Abigail Mendoza Ruiz (cocinera tradicional), Emerenciana Mart\u00ednez Aquino (artesana), Ofelia Pineda Ortiz (acad\u00e9mica) y Leticia Gallardo Mart\u00ednez (m\u00fasica).<br \/>En el dise\u00f1o y elaboraci\u00f3n del cetro participaron los artesanos y artesanas de Santa Ana Zegache: M\u00f3nica Galv\u00e1n Cruz, Antonio Ambrosio Salvador, Erick Galv\u00e1n Peralta y Juan Manuel P\u00e9rez, Mar\u00eda Benito Guatemala, Sabina Chompa Ambrosio, Paula Montes Lorenzo y la escenograf\u00eda estar\u00e1 a cargo de la artista visual Jade Midori.<\/p>\n\n\n\n<p>Guelaguetza para el disfrute de las y los oaxaque\u00f1os<br \/>En la conferencia de prensa se inform\u00f3 que las delegaciones tambi\u00e9n estar\u00e1n presentes en los distintos escenarios donde todas y todos los oaxaque\u00f1os tendr\u00e1n cabida. V\u00edctor Cata reconoci\u00f3 y agradeci\u00f3 a nombre del Comit\u00e9 Interinstitucional a las y los consejeros interculturales que durante tres fines de semana recorrieron las diversas comunidades del estado.<br \/>Se destac\u00f3 que por primera vez en las 91 ediciones de la Guelaguetza estar\u00e1n presentes por primera vez 14 culturas del estado m\u00e1s el pueblo afromexicano y los pueblos mestizos \u201clo que hace a esta Guelaguetza una fiesta hist\u00f3rica que abraza a la mayor\u00eda de las delegaciones\u201d.<\/p>\n\n\n\n<p>Expresiones y manifestaciones culturales, reconocimiento a las delegaciones<br \/>En su oportunidad, la secretaria Berta Ruth Arreola Ruiz recalc\u00f3 que la Guelaguetza 2023 es la mejor expresi\u00f3n de la interculturalidad con la participaci\u00f3n de todas las etnias que conviven y comparten su historia y sabidur\u00eda.<br \/>Por ello el Gobierno encabezado por Salom\u00f3n Jara Cruz reconoce a todas las delegaciones que se postularon para participar y lograr la reparaci\u00f3n hist\u00f3rica de los pueblos y comunidades ind\u00edgenas.<br \/>Dijo que el programa Expresiones Art\u00edsticas y Culturales de la Guelaguetza 2023 abre espacios para las manifestaciones de los pueblos ind\u00edgenas, mestizos y afromexicano. Se recalc\u00f3 que todas las delegaciones que desfilar\u00e1n tendr\u00e1n un trato digno, sin distinciones.<br \/>La secretaria de Turismo, Saymi Pineda Velasco explic\u00f3 que se iniciar\u00e1 un operativo especial de seguridad con la participaci\u00f3n de m\u00e1s de 700 elementos de las corporaciones estatales a los que se sumar\u00e1n las corporaciones federales para brindar protecci\u00f3n a las y los oaxaque\u00f1os, visitantes nacionales e internacionales.<br \/>Asimismo, para las presentaciones de los Lunes del Cerro de manera coordinada con el Sistema para el Desarrollo Integral de la Familia (DIF) Oaxaca se implementar\u00e1n acciones para trasladar a las personas con alguna discapacidad con sillas de ruedas.<br \/>Abund\u00f3 que se calcula recibir a 127 mil turistas para las dos ediciones y una derrama econ\u00f3mica aproximada de 432 millones de pesos adem\u00e1s de que se logr\u00f3 la llegada de cuatro vuelos de Volaris a partir del 11 de Julio.<br \/>Destac\u00f3 que como parte del programa Oaxaca Camina se instalar\u00e1n artesan\u00edas monumentales de siete mujeres y un hombre en el Centro Hist\u00f3rico de la capital y se instalar\u00e1n cinco escenarios en diferentes puntos de la capital para presentar las actividades del programa Expresiones Art\u00edsticas y Culturales de la Guelaguetza 2023.<\/p>\n\n\n\n<figure class=\"wp-block-image size-large\"><img fetchpriority=\"high\" decoding=\"async\" width=\"1024\" height=\"682\" src=\"https:\/\/contextoanalisisperiodistico.com\/wp-content\/uploads\/2023\/06\/img-20230621-wa01004134168546226979062-1024x682.jpg\" alt=\"\" class=\"wp-image-15027\" srcset=\"https:\/\/contextoanalisisperiodistico.com\/wp-content\/uploads\/2023\/06\/img-20230621-wa01004134168546226979062-1024x682.jpg 1024w, https:\/\/contextoanalisisperiodistico.com\/wp-content\/uploads\/2023\/06\/img-20230621-wa01004134168546226979062-300x200.jpg 300w, https:\/\/contextoanalisisperiodistico.com\/wp-content\/uploads\/2023\/06\/img-20230621-wa01004134168546226979062-768x512.jpg 768w, https:\/\/contextoanalisisperiodistico.com\/wp-content\/uploads\/2023\/06\/img-20230621-wa01004134168546226979062.jpg 1280w\" sizes=\"(max-width: 1024px) 100vw, 1024px\" \/><\/figure>\n\n\n\n<figure class=\"wp-block-image\"><img decoding=\"async\" width=\"1024\" height=\"682\" src=\"https:\/\/contextoanalisisperiodistico.com\/wp-content\/uploads\/2023\/06\/img-20230621-wa01026930373673765286094-1024x682.jpg\" alt=\"\" class=\"wp-image-15029\" srcset=\"https:\/\/contextoanalisisperiodistico.com\/wp-content\/uploads\/2023\/06\/img-20230621-wa01026930373673765286094-1024x682.jpg 1024w, https:\/\/contextoanalisisperiodistico.com\/wp-content\/uploads\/2023\/06\/img-20230621-wa01026930373673765286094-300x200.jpg 300w, https:\/\/contextoanalisisperiodistico.com\/wp-content\/uploads\/2023\/06\/img-20230621-wa01026930373673765286094-768x512.jpg 768w, https:\/\/contextoanalisisperiodistico.com\/wp-content\/uploads\/2023\/06\/img-20230621-wa01026930373673765286094.jpg 1280w\" sizes=\"(max-width: 1024px) 100vw, 1024px\" \/><\/figure>\n\n\n\n<figure class=\"wp-block-image\"><img decoding=\"async\" width=\"240\" height=\"300\" src=\"https:\/\/contextoanalisisperiodistico.com\/wp-content\/uploads\/2023\/06\/img-20230621-wa01036005085904123654571-240x300.jpg\" alt=\"\" class=\"wp-image-15028\" srcset=\"https:\/\/contextoanalisisperiodistico.com\/wp-content\/uploads\/2023\/06\/img-20230621-wa01036005085904123654571-240x300.jpg 240w, https:\/\/contextoanalisisperiodistico.com\/wp-content\/uploads\/2023\/06\/img-20230621-wa01036005085904123654571-768x960.jpg 768w, https:\/\/contextoanalisisperiodistico.com\/wp-content\/uploads\/2023\/06\/img-20230621-wa01036005085904123654571.jpg 819w\" sizes=\"(max-width: 240px) 100vw, 240px\" \/><\/figure>\n\n\n\n<figure class=\"wp-block-image\"><img loading=\"lazy\" decoding=\"async\" width=\"240\" height=\"300\" src=\"https:\/\/contextoanalisisperiodistico.com\/wp-content\/uploads\/2023\/06\/img-20230621-wa01052965161596080297164-240x300.jpg\" alt=\"\" class=\"wp-image-15026\" srcset=\"https:\/\/contextoanalisisperiodistico.com\/wp-content\/uploads\/2023\/06\/img-20230621-wa01052965161596080297164-240x300.jpg 240w, https:\/\/contextoanalisisperiodistico.com\/wp-content\/uploads\/2023\/06\/img-20230621-wa01052965161596080297164-768x960.jpg 768w, https:\/\/contextoanalisisperiodistico.com\/wp-content\/uploads\/2023\/06\/img-20230621-wa01052965161596080297164.jpg 819w\" sizes=\"(max-width: 240px) 100vw, 240px\" \/><\/figure>\n\n\n\n<figure class=\"wp-block-image\"><img loading=\"lazy\" decoding=\"async\" width=\"240\" height=\"300\" src=\"https:\/\/contextoanalisisperiodistico.com\/wp-content\/uploads\/2023\/06\/img-20230621-wa01047496196553193910496-240x300.jpg\" alt=\"\" class=\"wp-image-15030\" srcset=\"https:\/\/contextoanalisisperiodistico.com\/wp-content\/uploads\/2023\/06\/img-20230621-wa01047496196553193910496-240x300.jpg 240w, https:\/\/contextoanalisisperiodistico.com\/wp-content\/uploads\/2023\/06\/img-20230621-wa01047496196553193910496-768x960.jpg 768w, https:\/\/contextoanalisisperiodistico.com\/wp-content\/uploads\/2023\/06\/img-20230621-wa01047496196553193910496.jpg 819w\" sizes=\"(max-width: 240px) 100vw, 240px\" \/><\/figure>\n\n\n\n<figure class=\"wp-block-image\"><img loading=\"lazy\" decoding=\"async\" width=\"818\" height=\"1024\" src=\"https:\/\/contextoanalisisperiodistico.com\/wp-content\/uploads\/2023\/06\/img-20230621-wa01066571016807494719915-818x1024.jpg\" alt=\"\" class=\"wp-image-15031\" srcset=\"https:\/\/contextoanalisisperiodistico.com\/wp-content\/uploads\/2023\/06\/img-20230621-wa01066571016807494719915-818x1024.jpg 818w, https:\/\/contextoanalisisperiodistico.com\/wp-content\/uploads\/2023\/06\/img-20230621-wa01066571016807494719915-240x300.jpg 240w, https:\/\/contextoanalisisperiodistico.com\/wp-content\/uploads\/2023\/06\/img-20230621-wa01066571016807494719915-768x961.jpg 768w, https:\/\/contextoanalisisperiodistico.com\/wp-content\/uploads\/2023\/06\/img-20230621-wa01066571016807494719915.jpg 1023w\" sizes=\"(max-width: 818px) 100vw, 818px\" \/><\/figure>\n","protected":false},"excerpt":{"rendered":"<p>\u25cf Retoma su origen popular y ra\u00edces de los pueblos de las 8 regiones \u2022&#8230;<\/p>\n","protected":false},"author":4,"featured_media":15025,"comment_status":"closed","ping_status":"open","sticky":false,"template":"","format":"standard","meta":{"footnotes":""},"categories":[9],"tags":[],"jetpack_sharing_enabled":true,"featured_image_urls":{"full":["https:\/\/contextoanalisisperiodistico.com\/wp-content\/uploads\/2023\/06\/IMG-20230621-WA0097.jpg",1280,853,false],"thumbnail":["https:\/\/contextoanalisisperiodistico.com\/wp-content\/uploads\/2023\/06\/IMG-20230621-WA0097-150x150.jpg",150,150,true],"medium":["https:\/\/contextoanalisisperiodistico.com\/wp-content\/uploads\/2023\/06\/IMG-20230621-WA0097-300x200.jpg",300,200,true],"medium_large":["https:\/\/contextoanalisisperiodistico.com\/wp-content\/uploads\/2023\/06\/IMG-20230621-WA0097-768x512.jpg",640,427,true],"large":["https:\/\/contextoanalisisperiodistico.com\/wp-content\/uploads\/2023\/06\/IMG-20230621-WA0097-1024x682.jpg",640,426,true],"1536x1536":["https:\/\/contextoanalisisperiodistico.com\/wp-content\/uploads\/2023\/06\/IMG-20230621-WA0097.jpg",1280,853,false],"2048x2048":["https:\/\/contextoanalisisperiodistico.com\/wp-content\/uploads\/2023\/06\/IMG-20230621-WA0097.jpg",1280,853,false],"covernews-slider-full":["https:\/\/contextoanalisisperiodistico.com\/wp-content\/uploads\/2023\/06\/IMG-20230621-WA0097-1115x715.jpg",1115,715,true],"covernews-slider-center":["https:\/\/contextoanalisisperiodistico.com\/wp-content\/uploads\/2023\/06\/IMG-20230621-WA0097-800x500.jpg",800,500,true],"covernews-featured":["https:\/\/contextoanalisisperiodistico.com\/wp-content\/uploads\/2023\/06\/IMG-20230621-WA0097-1024x682.jpg",1024,682,true],"covernews-medium":["https:\/\/contextoanalisisperiodistico.com\/wp-content\/uploads\/2023\/06\/IMG-20230621-WA0097-540x340.jpg",540,340,true],"covernews-medium-square":["https:\/\/contextoanalisisperiodistico.com\/wp-content\/uploads\/2023\/06\/IMG-20230621-WA0097-400x250.jpg",400,250,true]},"author_info":{"display_name":"Mario Gir\u00f3n","author_link":"https:\/\/contextoanalisisperiodistico.com\/index.php\/author\/director\/"},"category_info":"<a href=\"https:\/\/contextoanalisisperiodistico.com\/index.php\/category\/politica\/\" rel=\"category tag\">Pol\u00edtica<\/a>","tag_info":"Pol\u00edtica","comment_count":"0","jetpack_featured_media_url":"https:\/\/contextoanalisisperiodistico.com\/wp-content\/uploads\/2023\/06\/IMG-20230621-WA0097.jpg","_links":{"self":[{"href":"https:\/\/contextoanalisisperiodistico.com\/index.php\/wp-json\/wp\/v2\/posts\/15024"}],"collection":[{"href":"https:\/\/contextoanalisisperiodistico.com\/index.php\/wp-json\/wp\/v2\/posts"}],"about":[{"href":"https:\/\/contextoanalisisperiodistico.com\/index.php\/wp-json\/wp\/v2\/types\/post"}],"author":[{"embeddable":true,"href":"https:\/\/contextoanalisisperiodistico.com\/index.php\/wp-json\/wp\/v2\/users\/4"}],"replies":[{"embeddable":true,"href":"https:\/\/contextoanalisisperiodistico.com\/index.php\/wp-json\/wp\/v2\/comments?post=15024"}],"version-history":[{"count":1,"href":"https:\/\/contextoanalisisperiodistico.com\/index.php\/wp-json\/wp\/v2\/posts\/15024\/revisions"}],"predecessor-version":[{"id":15032,"href":"https:\/\/contextoanalisisperiodistico.com\/index.php\/wp-json\/wp\/v2\/posts\/15024\/revisions\/15032"}],"wp:featuredmedia":[{"embeddable":true,"href":"https:\/\/contextoanalisisperiodistico.com\/index.php\/wp-json\/wp\/v2\/media\/15025"}],"wp:attachment":[{"href":"https:\/\/contextoanalisisperiodistico.com\/index.php\/wp-json\/wp\/v2\/media?parent=15024"}],"wp:term":[{"taxonomy":"category","embeddable":true,"href":"https:\/\/contextoanalisisperiodistico.com\/index.php\/wp-json\/wp\/v2\/categories?post=15024"},{"taxonomy":"post_tag","embeddable":true,"href":"https:\/\/contextoanalisisperiodistico.com\/index.php\/wp-json\/wp\/v2\/tags?post=15024"}],"curies":[{"name":"wp","href":"https:\/\/api.w.org\/{rel}","templated":true}]}}