{"id":15019,"date":"2023-06-21T18:56:48","date_gmt":"2023-06-22T00:56:48","guid":{"rendered":"https:\/\/contextoanalisisperiodistico.com\/?p=15019"},"modified":"2023-06-21T18:56:59","modified_gmt":"2023-06-22T00:56:59","slug":"capacita-ieea-sobre-nuevo-modelo-educativo-para-acreditar-estudios-en-menos-tiempo","status":"publish","type":"post","link":"https:\/\/contextoanalisisperiodistico.com\/index.php\/2023\/06\/21\/capacita-ieea-sobre-nuevo-modelo-educativo-para-acreditar-estudios-en-menos-tiempo\/","title":{"rendered":"Capacita IEEA sobre nuevo modelo educativo para acreditar estudios en menos tiempo"},"content":{"rendered":"<div id=\"fb-root\"><\/div>\n\n<p>\u2022 Se imparten 152 talleres con la asistencia de mil 853 Personas Voluntarias Beneficiarias del Subsidio (PVBS) que apoyan como asesoras y aplicadoras de examen<\/p>\n\n\n\n<p>Oaxaca de Ju\u00e1rez, Oax. 21 de junio de 2023.- Como parte de las estrategias que realiza el Instituto Estatal de Educaci\u00f3n para Adultos (IEEA) Oaxaca para combatir el rezago educativo, se lleva a cabo del 12 del 30 de junio la sexta fase de la tercera etapa del Modelo de Educaci\u00f3n para la Vida AprendeINEA (MEV) para capacitar mediante 152 talleres a mil 853 Personas Voluntarias Beneficiarias del Subsidio (PVBS) que apoyan como asesoras y aplicadoras de examen a quienes aprenden a leer y escribir.<\/p>\n\n\n\n<p>Esta capacitaci\u00f3n se realiza previo a la aplicaci\u00f3n de este nuevo modelo educativo que se implementar\u00e1 a partir del 1 de julio y que se realizar\u00e1 de manera simult\u00e1nea en todos los Institutos Estatales de Educaci\u00f3n para Adultos y las Unidades de Operaci\u00f3n del pa\u00eds, incluido Oaxaca; orientado por los principios de los derechos humanos, tomando en cuenta las diferentes necesidades e intereses de personas j\u00f3venes y adultas, reconociendo sus saberes y promoviendo el aprendizaje que han adquirido a lo largo de la vida.<\/p>\n\n\n\n<p>Por lo que se brindan conocimientos actualizados a las PVBS sobre este Modelo de Educaci\u00f3n para la Vida AprendeINEA (MEV).<\/p>\n\n\n\n<p>\u201cLo que conocemos como MEV sustituir\u00e1 al Modelo de Educaci\u00f3n para la Vida y el Trabajo (MEVyT), mediante el cual las personas podr\u00e1n concluir la primaria con seis m\u00f3dulos y la secundaria con nueve m\u00f3dulos, con el apoyo de libros gratuitos, al igual que todos servicios que se ofrecen\u201d, explic\u00f3 el director general del IEEA, Reynaldo Maga\u00f1a Garc\u00eda.<\/p>\n\n\n\n<p>Explic\u00f3 que anteriormente eran nueve m\u00f3dulos para primaria y 12 para secundaria, cuya reducci\u00f3n no significa que la informaci\u00f3n sea menos, sino que se presenta de manera sintetizada para que los educandos puedan acreditar los niveles a su propio ritmo y de ellos depende qu\u00e9 tan r\u00e1pido quieran concluir, adem\u00e1s los periodos de evaluaci\u00f3n estar\u00e1n sujetos a su decisi\u00f3n, cuyo proceso lo podr\u00e1n hacer en menos tiempo.<\/p>\n\n\n\n<p>Este taller forma parte de la sexta fase de la tercera etapa del Plan Nacional de Formaci\u00f3n: MEV AprendeINEA 2023, el cual, a su t\u00e9rmino habr\u00e1 capacitado a todo el personal de las coordinaciones de zona, t\u00e9cnicos docentes, Personas Voluntarias Beneficiarias del Subsidio de Formaci\u00f3n, fijas, aplicadoras de ex\u00e1menes y quienes apoyan en asesor\u00edas.<\/p>\n\n\n\n<figure class=\"wp-block-image size-large\"><img fetchpriority=\"high\" decoding=\"async\" width=\"768\" height=\"1024\" src=\"https:\/\/contextoanalisisperiodistico.com\/wp-content\/uploads\/2023\/06\/img-20230621-wa00911326988499236770247-768x1024.jpg\" alt=\"\" class=\"wp-image-15022\" srcset=\"https:\/\/contextoanalisisperiodistico.com\/wp-content\/uploads\/2023\/06\/img-20230621-wa00911326988499236770247-768x1024.jpg 768w, https:\/\/contextoanalisisperiodistico.com\/wp-content\/uploads\/2023\/06\/img-20230621-wa00911326988499236770247-225x300.jpg 225w, https:\/\/contextoanalisisperiodistico.com\/wp-content\/uploads\/2023\/06\/img-20230621-wa00911326988499236770247.jpg 960w\" sizes=\"(max-width: 768px) 100vw, 768px\" \/><\/figure>\n\n\n\n<figure class=\"wp-block-image\"><img decoding=\"async\" width=\"1024\" height=\"684\" src=\"https:\/\/contextoanalisisperiodistico.com\/wp-content\/uploads\/2023\/06\/img-20230621-wa00841479214806626645396-1024x684.jpg\" alt=\"\" class=\"wp-image-15021\" srcset=\"https:\/\/contextoanalisisperiodistico.com\/wp-content\/uploads\/2023\/06\/img-20230621-wa00841479214806626645396-1024x684.jpg 1024w, https:\/\/contextoanalisisperiodistico.com\/wp-content\/uploads\/2023\/06\/img-20230621-wa00841479214806626645396-300x200.jpg 300w, https:\/\/contextoanalisisperiodistico.com\/wp-content\/uploads\/2023\/06\/img-20230621-wa00841479214806626645396-768x513.jpg 768w, https:\/\/contextoanalisisperiodistico.com\/wp-content\/uploads\/2023\/06\/img-20230621-wa00841479214806626645396-1536x1026.jpg 1536w, https:\/\/contextoanalisisperiodistico.com\/wp-content\/uploads\/2023\/06\/img-20230621-wa00841479214806626645396.jpg 1572w\" sizes=\"(max-width: 1024px) 100vw, 1024px\" \/><\/figure>\n","protected":false},"excerpt":{"rendered":"<p>\u2022 Se imparten 152 talleres con la asistencia de mil 853 Personas Voluntarias Beneficiarias del&#8230;<\/p>\n","protected":false},"author":4,"featured_media":15020,"comment_status":"closed","ping_status":"open","sticky":false,"template":"","format":"standard","meta":{"footnotes":""},"categories":[9],"tags":[],"jetpack_sharing_enabled":true,"featured_image_urls":{"full":["https:\/\/contextoanalisisperiodistico.com\/wp-content\/uploads\/2023\/06\/IMG-20230621-WA0093.jpg",1600,1200,false],"thumbnail":["https:\/\/contextoanalisisperiodistico.com\/wp-content\/uploads\/2023\/06\/IMG-20230621-WA0093-150x150.jpg",150,150,true],"medium":["https:\/\/contextoanalisisperiodistico.com\/wp-content\/uploads\/2023\/06\/IMG-20230621-WA0093-300x225.jpg",300,225,true],"medium_large":["https:\/\/contextoanalisisperiodistico.com\/wp-content\/uploads\/2023\/06\/IMG-20230621-WA0093-768x576.jpg",640,480,true],"large":["https:\/\/contextoanalisisperiodistico.com\/wp-content\/uploads\/2023\/06\/IMG-20230621-WA0093-1024x768.jpg",640,480,true],"1536x1536":["https:\/\/contextoanalisisperiodistico.com\/wp-content\/uploads\/2023\/06\/IMG-20230621-WA0093-1536x1152.jpg",1536,1152,true],"2048x2048":["https:\/\/contextoanalisisperiodistico.com\/wp-content\/uploads\/2023\/06\/IMG-20230621-WA0093.jpg",1600,1200,false],"covernews-slider-full":["https:\/\/contextoanalisisperiodistico.com\/wp-content\/uploads\/2023\/06\/IMG-20230621-WA0093-1115x715.jpg",1115,715,true],"covernews-slider-center":["https:\/\/contextoanalisisperiodistico.com\/wp-content\/uploads\/2023\/06\/IMG-20230621-WA0093-800x500.jpg",800,500,true],"covernews-featured":["https:\/\/contextoanalisisperiodistico.com\/wp-content\/uploads\/2023\/06\/IMG-20230621-WA0093-1024x768.jpg",1024,768,true],"covernews-medium":["https:\/\/contextoanalisisperiodistico.com\/wp-content\/uploads\/2023\/06\/IMG-20230621-WA0093-540x340.jpg",540,340,true],"covernews-medium-square":["https:\/\/contextoanalisisperiodistico.com\/wp-content\/uploads\/2023\/06\/IMG-20230621-WA0093-400x250.jpg",400,250,true]},"author_info":{"display_name":"Mario Gir\u00f3n","author_link":"https:\/\/contextoanalisisperiodistico.com\/index.php\/author\/director\/"},"category_info":"<a href=\"https:\/\/contextoanalisisperiodistico.com\/index.php\/category\/politica\/\" rel=\"category tag\">Pol\u00edtica<\/a>","tag_info":"Pol\u00edtica","comment_count":"0","jetpack_featured_media_url":"https:\/\/contextoanalisisperiodistico.com\/wp-content\/uploads\/2023\/06\/IMG-20230621-WA0093.jpg","_links":{"self":[{"href":"https:\/\/contextoanalisisperiodistico.com\/index.php\/wp-json\/wp\/v2\/posts\/15019"}],"collection":[{"href":"https:\/\/contextoanalisisperiodistico.com\/index.php\/wp-json\/wp\/v2\/posts"}],"about":[{"href":"https:\/\/contextoanalisisperiodistico.com\/index.php\/wp-json\/wp\/v2\/types\/post"}],"author":[{"embeddable":true,"href":"https:\/\/contextoanalisisperiodistico.com\/index.php\/wp-json\/wp\/v2\/users\/4"}],"replies":[{"embeddable":true,"href":"https:\/\/contextoanalisisperiodistico.com\/index.php\/wp-json\/wp\/v2\/comments?post=15019"}],"version-history":[{"count":1,"href":"https:\/\/contextoanalisisperiodistico.com\/index.php\/wp-json\/wp\/v2\/posts\/15019\/revisions"}],"predecessor-version":[{"id":15023,"href":"https:\/\/contextoanalisisperiodistico.com\/index.php\/wp-json\/wp\/v2\/posts\/15019\/revisions\/15023"}],"wp:featuredmedia":[{"embeddable":true,"href":"https:\/\/contextoanalisisperiodistico.com\/index.php\/wp-json\/wp\/v2\/media\/15020"}],"wp:attachment":[{"href":"https:\/\/contextoanalisisperiodistico.com\/index.php\/wp-json\/wp\/v2\/media?parent=15019"}],"wp:term":[{"taxonomy":"category","embeddable":true,"href":"https:\/\/contextoanalisisperiodistico.com\/index.php\/wp-json\/wp\/v2\/categories?post=15019"},{"taxonomy":"post_tag","embeddable":true,"href":"https:\/\/contextoanalisisperiodistico.com\/index.php\/wp-json\/wp\/v2\/tags?post=15019"}],"curies":[{"name":"wp","href":"https:\/\/api.w.org\/{rel}","templated":true}]}}