{"id":14964,"date":"2023-06-20T19:18:30","date_gmt":"2023-06-21T01:18:30","guid":{"rendered":"https:\/\/contextoanalisisperiodistico.com\/?p=14964"},"modified":"2023-06-20T19:18:36","modified_gmt":"2023-06-21T01:18:36","slug":"instala-gobernador-salomon-jara-cruz-junta-directiva-del-ieepo","status":"publish","type":"post","link":"https:\/\/contextoanalisisperiodistico.com\/index.php\/2023\/06\/20\/instala-gobernador-salomon-jara-cruz-junta-directiva-del-ieepo\/","title":{"rendered":"<em>Instala Gobernador Salom\u00f3n Jara Cruz Junta Directiva del IEEPO<\/em>"},"content":{"rendered":"<div id=\"fb-root\"><\/div>\n\n<p>\u2022 Integrantes de esta instancia, considerada la m\u00e1xima autoridad para la toma de decisiones de pol\u00edticas educativas, rindieron protesta ante el Mandatario Estatal<\/p>\n\n\n\n<p>Oaxaca de Ju\u00e1rez, Oax. 20 de junio de 2023.- En la suma de acciones que fortalezcan el Sistema Educativo Estatal en beneficio de ni\u00f1as, ni\u00f1os y adolescentes, como uno de los ejes prioritarios en su administraci\u00f3n, el Gobernador Salom\u00f3n Jara Cruz instal\u00f3 formalmente la Junta Directiva del Instituto Estatal de Educaci\u00f3n P\u00fablica de Oaxaca (IEEPO) y tom\u00f3 protesta a sus integrantes, entre ellos el director general, Emilio Montero P\u00e9rez, quien funge como secretario t\u00e9cnico.<\/p>\n\n\n\n<p>Como la m\u00e1xima autoridad para la toma de decisiones de pol\u00edticas educativas, la Junta Directiva tiene entre sus funciones la de aprobar los planes, programas y proyectos de trabajo; as\u00ed como los presupuestos para la operaci\u00f3n del servicio educativo a cargo del IEEPO y conjuntar las propuestas, estudios y opiniones de las y los trabajadores de la educaci\u00f3n, as\u00ed como de madres, padres de familia, alumnado y sociedad para canalizarlas a las \u00e1reas correspondientes.<\/p>\n\n\n\n<p>La integran, adem\u00e1s del Director General del IEEPO, las y los titulares de las Secretar\u00edas de Gobierno, Jes\u00fas Romero L\u00f3pez; de Finanzas, Farid Acevedo L\u00f3pez; de Administraci\u00f3n, Antonino Morales Toledo; de Salud, Alma Lilia Velasco Hern\u00e1ndez y de Bienestar, Tequio e Inclusi\u00f3n, Laura Estrada Mauro.<\/p>\n\n\n\n<p>Asimismo, el secretario de las Culturas y Artes, V\u00edctor Cata; el Enlace Educativo de la SEP en Oaxaca, Jos\u00e9 Miguel Navarro Mart\u00ednez y en calidad de Comisario, la titular de la Secretar\u00eda de Honestidad, Transparencia y Funci\u00f3n P\u00fablica, Leticia Elsa Reyes L\u00f3pez.<\/p>\n\n\n\n<p>En este marco, el Mandatario Estatal les exhort\u00f3 a trabajar y sumar esfuerzos por la transformaci\u00f3n educativa en la entidad, enfrentar los retos que se presentan en este tema e impulsar cambios de fondo en Oaxaca.<\/p>\n\n\n\n<p>Por su parte, el director general del IEEPO destac\u00f3 el compromiso de quienes integran la Junta Directiva para colaborar en acciones en beneficio de la educaci\u00f3n de ni\u00f1as, ni\u00f1os, adolescentes y j\u00f3venes de las ocho regiones del estado.<\/p>\n\n\n\n<figure class=\"wp-block-image size-large\"><img fetchpriority=\"high\" decoding=\"async\" width=\"1024\" height=\"682\" src=\"https:\/\/contextoanalisisperiodistico.com\/wp-content\/uploads\/2023\/06\/img-20230620-wa0090513727278555104994-1024x682.jpg\" alt=\"\" class=\"wp-image-14966\" srcset=\"https:\/\/contextoanalisisperiodistico.com\/wp-content\/uploads\/2023\/06\/img-20230620-wa0090513727278555104994-1024x682.jpg 1024w, https:\/\/contextoanalisisperiodistico.com\/wp-content\/uploads\/2023\/06\/img-20230620-wa0090513727278555104994-300x200.jpg 300w, https:\/\/contextoanalisisperiodistico.com\/wp-content\/uploads\/2023\/06\/img-20230620-wa0090513727278555104994-768x512.jpg 768w, https:\/\/contextoanalisisperiodistico.com\/wp-content\/uploads\/2023\/06\/img-20230620-wa0090513727278555104994-1536x1023.jpg 1536w, https:\/\/contextoanalisisperiodistico.com\/wp-content\/uploads\/2023\/06\/img-20230620-wa0090513727278555104994.jpg 1600w\" sizes=\"(max-width: 1024px) 100vw, 1024px\" \/><\/figure>\n","protected":false},"excerpt":{"rendered":"<p>\u2022 Integrantes de esta instancia, considerada la m\u00e1xima autoridad para la toma de decisiones de&#8230;<\/p>\n","protected":false},"author":4,"featured_media":14965,"comment_status":"closed","ping_status":"open","sticky":false,"template":"","format":"standard","meta":{"footnotes":""},"categories":[9],"tags":[],"jetpack_sharing_enabled":true,"featured_image_urls":{"full":["https:\/\/contextoanalisisperiodistico.com\/wp-content\/uploads\/2023\/06\/IMG-20230620-WA0089.jpg",1600,1066,false],"thumbnail":["https:\/\/contextoanalisisperiodistico.com\/wp-content\/uploads\/2023\/06\/IMG-20230620-WA0089-150x150.jpg",150,150,true],"medium":["https:\/\/contextoanalisisperiodistico.com\/wp-content\/uploads\/2023\/06\/IMG-20230620-WA0089-300x200.jpg",300,200,true],"medium_large":["https:\/\/contextoanalisisperiodistico.com\/wp-content\/uploads\/2023\/06\/IMG-20230620-WA0089-768x512.jpg",640,427,true],"large":["https:\/\/contextoanalisisperiodistico.com\/wp-content\/uploads\/2023\/06\/IMG-20230620-WA0089-1024x682.jpg",640,426,true],"1536x1536":["https:\/\/contextoanalisisperiodistico.com\/wp-content\/uploads\/2023\/06\/IMG-20230620-WA0089-1536x1023.jpg",1536,1023,true],"2048x2048":["https:\/\/contextoanalisisperiodistico.com\/wp-content\/uploads\/2023\/06\/IMG-20230620-WA0089.jpg",1600,1066,false],"covernews-slider-full":["https:\/\/contextoanalisisperiodistico.com\/wp-content\/uploads\/2023\/06\/IMG-20230620-WA0089-1115x715.jpg",1115,715,true],"covernews-slider-center":["https:\/\/contextoanalisisperiodistico.com\/wp-content\/uploads\/2023\/06\/IMG-20230620-WA0089-800x500.jpg",800,500,true],"covernews-featured":["https:\/\/contextoanalisisperiodistico.com\/wp-content\/uploads\/2023\/06\/IMG-20230620-WA0089-1024x682.jpg",1024,682,true],"covernews-medium":["https:\/\/contextoanalisisperiodistico.com\/wp-content\/uploads\/2023\/06\/IMG-20230620-WA0089-540x340.jpg",540,340,true],"covernews-medium-square":["https:\/\/contextoanalisisperiodistico.com\/wp-content\/uploads\/2023\/06\/IMG-20230620-WA0089-400x250.jpg",400,250,true]},"author_info":{"display_name":"Mario Gir\u00f3n","author_link":"https:\/\/contextoanalisisperiodistico.com\/index.php\/author\/director\/"},"category_info":"<a href=\"https:\/\/contextoanalisisperiodistico.com\/index.php\/category\/politica\/\" rel=\"category tag\">Pol\u00edtica<\/a>","tag_info":"Pol\u00edtica","comment_count":"0","jetpack_featured_media_url":"https:\/\/contextoanalisisperiodistico.com\/wp-content\/uploads\/2023\/06\/IMG-20230620-WA0089.jpg","_links":{"self":[{"href":"https:\/\/contextoanalisisperiodistico.com\/index.php\/wp-json\/wp\/v2\/posts\/14964"}],"collection":[{"href":"https:\/\/contextoanalisisperiodistico.com\/index.php\/wp-json\/wp\/v2\/posts"}],"about":[{"href":"https:\/\/contextoanalisisperiodistico.com\/index.php\/wp-json\/wp\/v2\/types\/post"}],"author":[{"embeddable":true,"href":"https:\/\/contextoanalisisperiodistico.com\/index.php\/wp-json\/wp\/v2\/users\/4"}],"replies":[{"embeddable":true,"href":"https:\/\/contextoanalisisperiodistico.com\/index.php\/wp-json\/wp\/v2\/comments?post=14964"}],"version-history":[{"count":1,"href":"https:\/\/contextoanalisisperiodistico.com\/index.php\/wp-json\/wp\/v2\/posts\/14964\/revisions"}],"predecessor-version":[{"id":14967,"href":"https:\/\/contextoanalisisperiodistico.com\/index.php\/wp-json\/wp\/v2\/posts\/14964\/revisions\/14967"}],"wp:featuredmedia":[{"embeddable":true,"href":"https:\/\/contextoanalisisperiodistico.com\/index.php\/wp-json\/wp\/v2\/media\/14965"}],"wp:attachment":[{"href":"https:\/\/contextoanalisisperiodistico.com\/index.php\/wp-json\/wp\/v2\/media?parent=14964"}],"wp:term":[{"taxonomy":"category","embeddable":true,"href":"https:\/\/contextoanalisisperiodistico.com\/index.php\/wp-json\/wp\/v2\/categories?post=14964"},{"taxonomy":"post_tag","embeddable":true,"href":"https:\/\/contextoanalisisperiodistico.com\/index.php\/wp-json\/wp\/v2\/tags?post=14964"}],"curies":[{"name":"wp","href":"https:\/\/api.w.org\/{rel}","templated":true}]}}