{"id":14848,"date":"2023-06-15T22:09:43","date_gmt":"2023-06-16T04:09:43","guid":{"rendered":"https:\/\/contextoanalisisperiodistico.com\/?p=14848"},"modified":"2023-06-15T22:10:03","modified_gmt":"2023-06-16T04:10:03","slug":"guelaguetza-oportunidad-de-mostrar-riquezas-y-culturas-de-oaxaca","status":"publish","type":"post","link":"https:\/\/contextoanalisisperiodistico.com\/index.php\/2023\/06\/15\/guelaguetza-oportunidad-de-mostrar-riquezas-y-culturas-de-oaxaca\/","title":{"rendered":"<em>Guelaguetza, oportunidad de mostrar riquezas y culturas de Oaxaca<\/em>"},"content":{"rendered":"<div id=\"fb-root\"><\/div>\n\n<p>Oaxaca de Ju\u00e1rez, Oax. 15 de junio de 2023.- El Gobernador del Estado Salom\u00f3n Jara Cruz afirm\u00f3 que la edici\u00f3n 2023 de la Guelaguetza ser\u00e1 la oportunidad de los pueblos y las comunidades originarias para mostrar a todo M\u00e9xico y el mundo las culturas y riquezas de Oaxaca.<\/p>\n\n\n\n<p>Durante la emisi\u00f3n del programa de televisi\u00f3n \u2018Jueves de Gozona\u2019 que se transmite a trav\u00e9s de la Corporaci\u00f3n Oaxaque\u00f1a de Radio y Televisi\u00f3n (Cortv), el Mandatario Estatal afirm\u00f3 que la m\u00e1xima fiesta de los y las oaxaque\u00f1as se difunde en diversas entidades de la rep\u00fablica con apoyo de las personas titulares de sus gubernaturas.<\/p>\n\n\n\n<p>Dijo que \u201cno existe ning\u00fan gobierno estatal que no reconozca la cultura de los y las oaxaque\u00f1as, sus destinos tur\u00edsticos y su gastronom\u00eda, por eso se realizan actividades de promoci\u00f3n de la Guelaguetza en cuatro estados, en diversos espacios p\u00fablicos y aeropuertos\u201d.<\/p>\n\n\n\n<p>Sostuvo que esta ser\u00e1 una Guelaguetza de culturas que llene las calles y los centros tur\u00edsticos de Oaxaca, con vialidades peatonalizadas para tener la presencia de danzas y las culturas de la entidad. Adem\u00e1s, se tendr\u00e1n Guelaguetzas alternas en distintos municipios de los Valles Centrales.<\/p>\n\n\n\n<p>En otro tema, inform\u00f3 que contin\u00faa visitando los municipios con m\u00e1s bajos \u00edndices de desarrollo, resultado del olvido de gobiernos anteriores; pero que en esta administraci\u00f3n han recibido beneficios que responden sus principales demandas.<\/p>\n\n\n\n<p>Explic\u00f3 que se puso en marcha la Estrategia de Atenci\u00f3n a Municipios Territorios Bienestar mediante el cual se focalizan esfuerzos gubernamentales en 100 localidades con mayor \u00edndice de rezago, sin que esto signifique desatender a los 470 municipios restantes.<\/p>\n\n\n\n<p>El titular del Poder Ejecutivo tambi\u00e9n expuso los trabajos de seguimiento y atenci\u00f3n al pliego petitorio de la Secci\u00f3n XXII del Sindicato Nacional de Trabajadores de la Educaci\u00f3n (SNTE), con quien se mantiene total respeto hacia su actuar.<\/p>\n\n\n\n<p>Asegur\u00f3 que este nuevo Gobierno siempre estar\u00e1 abierto y dispuesto a tomar los mejores acuerdos sin faltar el respeto al movimiento social.<\/p>\n\n\n\n<p>Respecto al bloqueo sobre la Carretera 190 en la regi\u00f3n del Istmo de Tehuantepec por parte de habitantes de comunidades de los Chimalapas, lament\u00f3 que gente ajena se inmiscuya y mal asesore a las personas, distorsionando la realidad y complicando los trabajos de atenci\u00f3n y cumplimiento a la sentencia de la Suprema Corte de Justicia de la Naci\u00f3n (SCJN) a favor de Oaxaca.<\/p>\n\n\n\n<p>En seguimiento al proyecto del Centro Integral de Revalorizaci\u00f3n de Residuos S\u00f3lidos Urbanos (CIRRSU) revel\u00f3 que cinco comunidades ya presentaron sus solicitudes para que esta infraestructura se instale en sus territorios; sin embargo, deber\u00e1 realizarse la evaluaci\u00f3n y selecci\u00f3n respectiva.<\/p>\n\n\n\n<p>En este mismo contexto, reiter\u00f3 que el Plan Estatal de Desarrollo (PED) 2022-2028 plantea la construcci\u00f3n de otros dos centros, uno en el Istmo y otro en la Costa, ya que son regiones en las que se visualizan importantes proyectos que lo ameritan.<\/p>\n\n\n\n<figure class=\"wp-block-image size-large\"><img fetchpriority=\"high\" decoding=\"async\" width=\"1024\" height=\"683\" src=\"https:\/\/contextoanalisisperiodistico.com\/wp-content\/uploads\/2023\/06\/img-20230615-wa01375759687355363474994-1024x683.jpg\" alt=\"\" class=\"wp-image-14850\" srcset=\"https:\/\/contextoanalisisperiodistico.com\/wp-content\/uploads\/2023\/06\/img-20230615-wa01375759687355363474994-1024x683.jpg 1024w, https:\/\/contextoanalisisperiodistico.com\/wp-content\/uploads\/2023\/06\/img-20230615-wa01375759687355363474994-300x200.jpg 300w, https:\/\/contextoanalisisperiodistico.com\/wp-content\/uploads\/2023\/06\/img-20230615-wa01375759687355363474994-768x512.jpg 768w, https:\/\/contextoanalisisperiodistico.com\/wp-content\/uploads\/2023\/06\/img-20230615-wa01375759687355363474994-1536x1024.jpg 1536w, https:\/\/contextoanalisisperiodistico.com\/wp-content\/uploads\/2023\/06\/img-20230615-wa01375759687355363474994.jpg 1599w\" sizes=\"(max-width: 1024px) 100vw, 1024px\" \/><\/figure>\n\n\n\n<figure class=\"wp-block-image\"><img decoding=\"async\" width=\"1024\" height=\"683\" src=\"https:\/\/contextoanalisisperiodistico.com\/wp-content\/uploads\/2023\/06\/img-20230615-wa01362117556444734300359-1024x683.jpg\" alt=\"\" class=\"wp-image-14851\" srcset=\"https:\/\/contextoanalisisperiodistico.com\/wp-content\/uploads\/2023\/06\/img-20230615-wa01362117556444734300359-1024x683.jpg 1024w, https:\/\/contextoanalisisperiodistico.com\/wp-content\/uploads\/2023\/06\/img-20230615-wa01362117556444734300359-300x200.jpg 300w, https:\/\/contextoanalisisperiodistico.com\/wp-content\/uploads\/2023\/06\/img-20230615-wa01362117556444734300359-768x512.jpg 768w, https:\/\/contextoanalisisperiodistico.com\/wp-content\/uploads\/2023\/06\/img-20230615-wa01362117556444734300359-1536x1024.jpg 1536w, https:\/\/contextoanalisisperiodistico.com\/wp-content\/uploads\/2023\/06\/img-20230615-wa01362117556444734300359.jpg 1599w\" sizes=\"(max-width: 1024px) 100vw, 1024px\" \/><\/figure>\n\n\n\n<figure class=\"wp-block-image\"><img decoding=\"async\" width=\"1024\" height=\"683\" src=\"https:\/\/contextoanalisisperiodistico.com\/wp-content\/uploads\/2023\/06\/img-20230615-wa01394820767523527975701-1024x683.jpg\" alt=\"\" class=\"wp-image-14852\" srcset=\"https:\/\/contextoanalisisperiodistico.com\/wp-content\/uploads\/2023\/06\/img-20230615-wa01394820767523527975701-1024x683.jpg 1024w, https:\/\/contextoanalisisperiodistico.com\/wp-content\/uploads\/2023\/06\/img-20230615-wa01394820767523527975701-300x200.jpg 300w, https:\/\/contextoanalisisperiodistico.com\/wp-content\/uploads\/2023\/06\/img-20230615-wa01394820767523527975701-768x512.jpg 768w, https:\/\/contextoanalisisperiodistico.com\/wp-content\/uploads\/2023\/06\/img-20230615-wa01394820767523527975701-1536x1024.jpg 1536w, https:\/\/contextoanalisisperiodistico.com\/wp-content\/uploads\/2023\/06\/img-20230615-wa01394820767523527975701.jpg 1599w\" sizes=\"(max-width: 1024px) 100vw, 1024px\" \/><\/figure>\n","protected":false},"excerpt":{"rendered":"<p>Oaxaca de Ju\u00e1rez, Oax. 15 de junio de 2023.- El Gobernador del Estado Salom\u00f3n Jara&#8230;<\/p>\n","protected":false},"author":4,"featured_media":14849,"comment_status":"closed","ping_status":"open","sticky":false,"template":"","format":"standard","meta":{"footnotes":""},"categories":[9],"tags":[],"jetpack_sharing_enabled":true,"featured_image_urls":{"full":["https:\/\/contextoanalisisperiodistico.com\/wp-content\/uploads\/2023\/06\/IMG-20230615-WA0138.jpg",1600,1066,false],"thumbnail":["https:\/\/contextoanalisisperiodistico.com\/wp-content\/uploads\/2023\/06\/IMG-20230615-WA0138-150x150.jpg",150,150,true],"medium":["https:\/\/contextoanalisisperiodistico.com\/wp-content\/uploads\/2023\/06\/IMG-20230615-WA0138-300x200.jpg",300,200,true],"medium_large":["https:\/\/contextoanalisisperiodistico.com\/wp-content\/uploads\/2023\/06\/IMG-20230615-WA0138-768x512.jpg",640,427,true],"large":["https:\/\/contextoanalisisperiodistico.com\/wp-content\/uploads\/2023\/06\/IMG-20230615-WA0138-1024x682.jpg",640,426,true],"1536x1536":["https:\/\/contextoanalisisperiodistico.com\/wp-content\/uploads\/2023\/06\/IMG-20230615-WA0138-1536x1023.jpg",1536,1023,true],"2048x2048":["https:\/\/contextoanalisisperiodistico.com\/wp-content\/uploads\/2023\/06\/IMG-20230615-WA0138.jpg",1600,1066,false],"covernews-slider-full":["https:\/\/contextoanalisisperiodistico.com\/wp-content\/uploads\/2023\/06\/IMG-20230615-WA0138-1115x715.jpg",1115,715,true],"covernews-slider-center":["https:\/\/contextoanalisisperiodistico.com\/wp-content\/uploads\/2023\/06\/IMG-20230615-WA0138-800x500.jpg",800,500,true],"covernews-featured":["https:\/\/contextoanalisisperiodistico.com\/wp-content\/uploads\/2023\/06\/IMG-20230615-WA0138-1024x682.jpg",1024,682,true],"covernews-medium":["https:\/\/contextoanalisisperiodistico.com\/wp-content\/uploads\/2023\/06\/IMG-20230615-WA0138-540x340.jpg",540,340,true],"covernews-medium-square":["https:\/\/contextoanalisisperiodistico.com\/wp-content\/uploads\/2023\/06\/IMG-20230615-WA0138-400x250.jpg",400,250,true]},"author_info":{"display_name":"Mario Gir\u00f3n","author_link":"https:\/\/contextoanalisisperiodistico.com\/index.php\/author\/director\/"},"category_info":"<a href=\"https:\/\/contextoanalisisperiodistico.com\/index.php\/category\/politica\/\" rel=\"category tag\">Pol\u00edtica<\/a>","tag_info":"Pol\u00edtica","comment_count":"0","jetpack_featured_media_url":"https:\/\/contextoanalisisperiodistico.com\/wp-content\/uploads\/2023\/06\/IMG-20230615-WA0138.jpg","_links":{"self":[{"href":"https:\/\/contextoanalisisperiodistico.com\/index.php\/wp-json\/wp\/v2\/posts\/14848"}],"collection":[{"href":"https:\/\/contextoanalisisperiodistico.com\/index.php\/wp-json\/wp\/v2\/posts"}],"about":[{"href":"https:\/\/contextoanalisisperiodistico.com\/index.php\/wp-json\/wp\/v2\/types\/post"}],"author":[{"embeddable":true,"href":"https:\/\/contextoanalisisperiodistico.com\/index.php\/wp-json\/wp\/v2\/users\/4"}],"replies":[{"embeddable":true,"href":"https:\/\/contextoanalisisperiodistico.com\/index.php\/wp-json\/wp\/v2\/comments?post=14848"}],"version-history":[{"count":1,"href":"https:\/\/contextoanalisisperiodistico.com\/index.php\/wp-json\/wp\/v2\/posts\/14848\/revisions"}],"predecessor-version":[{"id":14853,"href":"https:\/\/contextoanalisisperiodistico.com\/index.php\/wp-json\/wp\/v2\/posts\/14848\/revisions\/14853"}],"wp:featuredmedia":[{"embeddable":true,"href":"https:\/\/contextoanalisisperiodistico.com\/index.php\/wp-json\/wp\/v2\/media\/14849"}],"wp:attachment":[{"href":"https:\/\/contextoanalisisperiodistico.com\/index.php\/wp-json\/wp\/v2\/media?parent=14848"}],"wp:term":[{"taxonomy":"category","embeddable":true,"href":"https:\/\/contextoanalisisperiodistico.com\/index.php\/wp-json\/wp\/v2\/categories?post=14848"},{"taxonomy":"post_tag","embeddable":true,"href":"https:\/\/contextoanalisisperiodistico.com\/index.php\/wp-json\/wp\/v2\/tags?post=14848"}],"curies":[{"name":"wp","href":"https:\/\/api.w.org\/{rel}","templated":true}]}}