{"id":14840,"date":"2023-06-15T21:34:31","date_gmt":"2023-06-16T03:34:31","guid":{"rendered":"https:\/\/contextoanalisisperiodistico.com\/?p=14840"},"modified":"2023-06-15T21:34:55","modified_gmt":"2023-06-16T03:34:55","slug":"sin-danos-sismo-de-magnitud-5-3-con-epicentro-en-pochutla","status":"publish","type":"post","link":"https:\/\/contextoanalisisperiodistico.com\/index.php\/2023\/06\/15\/sin-danos-sismo-de-magnitud-5-3-con-epicentro-en-pochutla\/","title":{"rendered":"Sin da\u00f1os sismo de magnitud 5.3 con epicentro en Pochutla"},"content":{"rendered":"<div id=\"fb-root\"><\/div>\n\n<p>Oaxaca de Ju\u00e1rez, Oax. 15 de junio de 2023. El Gobierno del Estado a trav\u00e9s de la Coordinaci\u00f3n Estatal de Protecci\u00f3n Civil y Gesti\u00f3n de Riesgos (CEPCyGR), informa que de acuerdo con datos preliminares, no se presentan da\u00f1os por el sismo de magnitud 5.3 con epicentro a 46 kil\u00f3metros al sur de San Pedro Pochutla.<\/p>\n\n\n\n<p>El organismo indic\u00f3 que tras la percepci\u00f3n del movimiento registrado a las 20:03 horas de este jueves, se inici\u00f3 el protocolo para conocer la existencia de da\u00f1os o afectaciones.<\/p>\n\n\n\n<p>El sismo no amerit\u00f3 el sonido de alerta s\u00edsmica porque la estimaci\u00f3n de energ\u00eda en los primeros segundos, no super\u00f3 los niveles preestablecidos.<\/p>\n\n\n\n<p>Las brigadas en las regiones del Istmo, Mixteca, Cuenca del Papaloapan, Sierra de Flores Mag\u00f3n, Costa, Valles Centrales, Sierra de Ju\u00e1rez y Sierra Sur establecieron contacto con los presidentes municipales, quienes confirmaron que no se registraron da\u00f1os en sus zonas a consecuencia de este temblor.<\/p>\n\n\n\n<p>El monitoreo se mantiene en las regiones donde se registr\u00f3 mayor percepci\u00f3n como la Costa y Valles Centrales en caso de detectar alg\u00fan reporte en las pr\u00f3ximas horas.<\/p>\n","protected":false},"excerpt":{"rendered":"<p>Oaxaca de Ju\u00e1rez, Oax. 15 de junio de 2023. El Gobierno del Estado a trav\u00e9s&#8230;<\/p>\n","protected":false},"author":4,"featured_media":14841,"comment_status":"closed","ping_status":"open","sticky":false,"template":"","format":"standard","meta":{"footnotes":""},"categories":[9],"tags":[],"jetpack_sharing_enabled":true,"featured_image_urls":{"full":["https:\/\/contextoanalisisperiodistico.com\/wp-content\/uploads\/2023\/06\/IMG-20230612-WA0088.jpg",960,960,false],"thumbnail":["https:\/\/contextoanalisisperiodistico.com\/wp-content\/uploads\/2023\/06\/IMG-20230612-WA0088-150x150.jpg",150,150,true],"medium":["https:\/\/contextoanalisisperiodistico.com\/wp-content\/uploads\/2023\/06\/IMG-20230612-WA0088-300x300.jpg",300,300,true],"medium_large":["https:\/\/contextoanalisisperiodistico.com\/wp-content\/uploads\/2023\/06\/IMG-20230612-WA0088-768x768.jpg",640,640,true],"large":["https:\/\/contextoanalisisperiodistico.com\/wp-content\/uploads\/2023\/06\/IMG-20230612-WA0088.jpg",640,640,false],"1536x1536":["https:\/\/contextoanalisisperiodistico.com\/wp-content\/uploads\/2023\/06\/IMG-20230612-WA0088.jpg",960,960,false],"2048x2048":["https:\/\/contextoanalisisperiodistico.com\/wp-content\/uploads\/2023\/06\/IMG-20230612-WA0088.jpg",960,960,false],"covernews-slider-full":["https:\/\/contextoanalisisperiodistico.com\/wp-content\/uploads\/2023\/06\/IMG-20230612-WA0088-960x715.jpg",960,715,true],"covernews-slider-center":["https:\/\/contextoanalisisperiodistico.com\/wp-content\/uploads\/2023\/06\/IMG-20230612-WA0088-800x500.jpg",800,500,true],"covernews-featured":["https:\/\/contextoanalisisperiodistico.com\/wp-content\/uploads\/2023\/06\/IMG-20230612-WA0088.jpg",960,960,false],"covernews-medium":["https:\/\/contextoanalisisperiodistico.com\/wp-content\/uploads\/2023\/06\/IMG-20230612-WA0088-540x340.jpg",540,340,true],"covernews-medium-square":["https:\/\/contextoanalisisperiodistico.com\/wp-content\/uploads\/2023\/06\/IMG-20230612-WA0088-400x250.jpg",400,250,true]},"author_info":{"display_name":"Mario Gir\u00f3n","author_link":"https:\/\/contextoanalisisperiodistico.com\/index.php\/author\/director\/"},"category_info":"<a href=\"https:\/\/contextoanalisisperiodistico.com\/index.php\/category\/politica\/\" rel=\"category tag\">Pol\u00edtica<\/a>","tag_info":"Pol\u00edtica","comment_count":"0","jetpack_featured_media_url":"https:\/\/contextoanalisisperiodistico.com\/wp-content\/uploads\/2023\/06\/IMG-20230612-WA0088.jpg","_links":{"self":[{"href":"https:\/\/contextoanalisisperiodistico.com\/index.php\/wp-json\/wp\/v2\/posts\/14840"}],"collection":[{"href":"https:\/\/contextoanalisisperiodistico.com\/index.php\/wp-json\/wp\/v2\/posts"}],"about":[{"href":"https:\/\/contextoanalisisperiodistico.com\/index.php\/wp-json\/wp\/v2\/types\/post"}],"author":[{"embeddable":true,"href":"https:\/\/contextoanalisisperiodistico.com\/index.php\/wp-json\/wp\/v2\/users\/4"}],"replies":[{"embeddable":true,"href":"https:\/\/contextoanalisisperiodistico.com\/index.php\/wp-json\/wp\/v2\/comments?post=14840"}],"version-history":[{"count":1,"href":"https:\/\/contextoanalisisperiodistico.com\/index.php\/wp-json\/wp\/v2\/posts\/14840\/revisions"}],"predecessor-version":[{"id":14842,"href":"https:\/\/contextoanalisisperiodistico.com\/index.php\/wp-json\/wp\/v2\/posts\/14840\/revisions\/14842"}],"wp:featuredmedia":[{"embeddable":true,"href":"https:\/\/contextoanalisisperiodistico.com\/index.php\/wp-json\/wp\/v2\/media\/14841"}],"wp:attachment":[{"href":"https:\/\/contextoanalisisperiodistico.com\/index.php\/wp-json\/wp\/v2\/media?parent=14840"}],"wp:term":[{"taxonomy":"category","embeddable":true,"href":"https:\/\/contextoanalisisperiodistico.com\/index.php\/wp-json\/wp\/v2\/categories?post=14840"},{"taxonomy":"post_tag","embeddable":true,"href":"https:\/\/contextoanalisisperiodistico.com\/index.php\/wp-json\/wp\/v2\/tags?post=14840"}],"curies":[{"name":"wp","href":"https:\/\/api.w.org\/{rel}","templated":true}]}}