{"id":14832,"date":"2023-06-15T21:28:51","date_gmt":"2023-06-16T03:28:51","guid":{"rendered":"https:\/\/contextoanalisisperiodistico.com\/?p=14832"},"modified":"2023-06-15T21:30:37","modified_gmt":"2023-06-16T03:30:37","slug":"la-transformacion-llegara-a-los-municipios-territorios-bienestar-nino-morales","status":"publish","type":"post","link":"https:\/\/contextoanalisisperiodistico.com\/index.php\/2023\/06\/15\/la-transformacion-llegara-a-los-municipios-territorios-bienestar-nino-morales\/","title":{"rendered":"Transformaci\u00f3n llegar\u00e1 a municipios territorios bienestar: Nino Morales"},"content":{"rendered":"<div id=\"fb-root\"><\/div>\n\n<p>*Los municipios con extrema pobreza, hoy tendr\u00e1n la atenci\u00f3n que nunca antes hab\u00edan tenido, ante el abandono de gobiernos pasados, se\u00f1al\u00f3 el secretario de Administraci\u00f3n<\/p>\n\n\n\n<p>San Francisco Logueche.- 15 de Junio de 2023.- El gobernador Salom\u00f3n Jara Cruz, no le va a fallar a los pueblos y comunidades de Oaxaca, porque es un ser humano sensible que cumple con la palabra empe\u00f1ada, sostuvo el secretario de Administraci\u00f3n Antonino Morales Toledo, al acompa\u00f1ar al Mandatario en la gira Estrategia de Atenci\u00f3n a los 100 Municipios, Territorios Bienestar.<\/p>\n\n\n\n<p>Luego de visitar municipios de la Sierra Sur, junto al mandatario estatal y funcionarios del gabinete, el responsable de la pol\u00edtica administrativa estatal, se\u00f1al\u00f3 que los municipios con extrema pobreza, hoy tendr\u00e1n la atenci\u00f3n que nunca antes hab\u00edan tenido, ante el abandono de gobiernos pasados.<\/p>\n\n\n\n<p>Nino Morales, indic\u00f3 que la reparaci\u00f3n hist\u00f3rica de los pueblos, hoy, cobra sentido con resultados palpables que transformar\u00e1n la historia de las comunidades de Oaxaca.<\/p>\n\n\n\n<p>Cabe mencionar que el gobernador Salom\u00f3n Jara Cruz y secretarios que le acompa\u00f1aron informaron en los municipios que visitaron, sobre los diferentes apoyos que brindar\u00e1n en materia educativa, producci\u00f3n de alimentos b\u00e1sicos, apoyo a mujeres jefas de familia, vivienda, seguridad, salud, infraestructura, entre otros, todos, programas que buscan impactar en el bienestar de las familias que vivieron en el olvido de los gobiernos anteriores.<\/p>\n\n\n\n<p>La Estrategia de Atenci\u00f3n a Municipios Territorios Bienestar, visit\u00f3 Santa Catalina Quieri, San Jos\u00e9 Lachiguiri y San Francisco Logueche.<\/p>\n\n\n\n<figure class=\"wp-block-image size-large\"><img fetchpriority=\"high\" decoding=\"async\" width=\"1024\" height=\"637\" src=\"https:\/\/contextoanalisisperiodistico.com\/wp-content\/uploads\/2023\/06\/img-20230615-wa01336957372131927814287-1024x637.jpg\" alt=\"\" class=\"wp-image-14836\" srcset=\"https:\/\/contextoanalisisperiodistico.com\/wp-content\/uploads\/2023\/06\/img-20230615-wa01336957372131927814287-1024x637.jpg 1024w, https:\/\/contextoanalisisperiodistico.com\/wp-content\/uploads\/2023\/06\/img-20230615-wa01336957372131927814287-300x187.jpg 300w, https:\/\/contextoanalisisperiodistico.com\/wp-content\/uploads\/2023\/06\/img-20230615-wa01336957372131927814287-768x478.jpg 768w, https:\/\/contextoanalisisperiodistico.com\/wp-content\/uploads\/2023\/06\/img-20230615-wa01336957372131927814287-400x250.jpg 400w, https:\/\/contextoanalisisperiodistico.com\/wp-content\/uploads\/2023\/06\/img-20230615-wa01336957372131927814287.jpg 1172w\" sizes=\"(max-width: 1024px) 100vw, 1024px\" \/><\/figure>\n\n\n\n<figure class=\"wp-block-image\"><img decoding=\"async\" width=\"1024\" height=\"682\" src=\"https:\/\/contextoanalisisperiodistico.com\/wp-content\/uploads\/2023\/06\/img-20230615-wa0134249468617642670628-1024x682.jpg\" alt=\"\" class=\"wp-image-14835\" srcset=\"https:\/\/contextoanalisisperiodistico.com\/wp-content\/uploads\/2023\/06\/img-20230615-wa0134249468617642670628-1024x682.jpg 1024w, https:\/\/contextoanalisisperiodistico.com\/wp-content\/uploads\/2023\/06\/img-20230615-wa0134249468617642670628-300x200.jpg 300w, https:\/\/contextoanalisisperiodistico.com\/wp-content\/uploads\/2023\/06\/img-20230615-wa0134249468617642670628-768x512.jpg 768w, https:\/\/contextoanalisisperiodistico.com\/wp-content\/uploads\/2023\/06\/img-20230615-wa0134249468617642670628.jpg 1280w\" sizes=\"(max-width: 1024px) 100vw, 1024px\" \/><\/figure>\n\n\n\n<figure class=\"wp-block-image\"><img decoding=\"async\" width=\"1024\" height=\"682\" src=\"https:\/\/contextoanalisisperiodistico.com\/wp-content\/uploads\/2023\/06\/img-20230615-wa0131456797371101830479-1024x682.jpg\" alt=\"\" class=\"wp-image-14834\" srcset=\"https:\/\/contextoanalisisperiodistico.com\/wp-content\/uploads\/2023\/06\/img-20230615-wa0131456797371101830479-1024x682.jpg 1024w, https:\/\/contextoanalisisperiodistico.com\/wp-content\/uploads\/2023\/06\/img-20230615-wa0131456797371101830479-300x200.jpg 300w, https:\/\/contextoanalisisperiodistico.com\/wp-content\/uploads\/2023\/06\/img-20230615-wa0131456797371101830479-768x512.jpg 768w, https:\/\/contextoanalisisperiodistico.com\/wp-content\/uploads\/2023\/06\/img-20230615-wa0131456797371101830479.jpg 1280w\" sizes=\"(max-width: 1024px) 100vw, 1024px\" \/><\/figure>\n","protected":false},"excerpt":{"rendered":"<p>*Los municipios con extrema pobreza, hoy tendr\u00e1n la atenci\u00f3n que nunca antes hab\u00edan tenido, ante&#8230;<\/p>\n","protected":false},"author":4,"featured_media":14833,"comment_status":"closed","ping_status":"open","sticky":false,"template":"","format":"standard","meta":{"footnotes":""},"categories":[9],"tags":[],"jetpack_sharing_enabled":true,"featured_image_urls":{"full":["https:\/\/contextoanalisisperiodistico.com\/wp-content\/uploads\/2023\/06\/IMG-20230615-WA0132.jpg",953,735,false],"thumbnail":["https:\/\/contextoanalisisperiodistico.com\/wp-content\/uploads\/2023\/06\/IMG-20230615-WA0132-150x150.jpg",150,150,true],"medium":["https:\/\/contextoanalisisperiodistico.com\/wp-content\/uploads\/2023\/06\/IMG-20230615-WA0132-300x231.jpg",300,231,true],"medium_large":["https:\/\/contextoanalisisperiodistico.com\/wp-content\/uploads\/2023\/06\/IMG-20230615-WA0132-768x592.jpg",640,493,true],"large":["https:\/\/contextoanalisisperiodistico.com\/wp-content\/uploads\/2023\/06\/IMG-20230615-WA0132.jpg",640,494,false],"1536x1536":["https:\/\/contextoanalisisperiodistico.com\/wp-content\/uploads\/2023\/06\/IMG-20230615-WA0132.jpg",953,735,false],"2048x2048":["https:\/\/contextoanalisisperiodistico.com\/wp-content\/uploads\/2023\/06\/IMG-20230615-WA0132.jpg",953,735,false],"covernews-slider-full":["https:\/\/contextoanalisisperiodistico.com\/wp-content\/uploads\/2023\/06\/IMG-20230615-WA0132-953x715.jpg",953,715,true],"covernews-slider-center":["https:\/\/contextoanalisisperiodistico.com\/wp-content\/uploads\/2023\/06\/IMG-20230615-WA0132-800x500.jpg",800,500,true],"covernews-featured":["https:\/\/contextoanalisisperiodistico.com\/wp-content\/uploads\/2023\/06\/IMG-20230615-WA0132.jpg",953,735,false],"covernews-medium":["https:\/\/contextoanalisisperiodistico.com\/wp-content\/uploads\/2023\/06\/IMG-20230615-WA0132-540x340.jpg",540,340,true],"covernews-medium-square":["https:\/\/contextoanalisisperiodistico.com\/wp-content\/uploads\/2023\/06\/IMG-20230615-WA0132-400x250.jpg",400,250,true]},"author_info":{"display_name":"Mario Gir\u00f3n","author_link":"https:\/\/contextoanalisisperiodistico.com\/index.php\/author\/director\/"},"category_info":"<a href=\"https:\/\/contextoanalisisperiodistico.com\/index.php\/category\/politica\/\" rel=\"category tag\">Pol\u00edtica<\/a>","tag_info":"Pol\u00edtica","comment_count":"0","jetpack_featured_media_url":"https:\/\/contextoanalisisperiodistico.com\/wp-content\/uploads\/2023\/06\/IMG-20230615-WA0132.jpg","_links":{"self":[{"href":"https:\/\/contextoanalisisperiodistico.com\/index.php\/wp-json\/wp\/v2\/posts\/14832"}],"collection":[{"href":"https:\/\/contextoanalisisperiodistico.com\/index.php\/wp-json\/wp\/v2\/posts"}],"about":[{"href":"https:\/\/contextoanalisisperiodistico.com\/index.php\/wp-json\/wp\/v2\/types\/post"}],"author":[{"embeddable":true,"href":"https:\/\/contextoanalisisperiodistico.com\/index.php\/wp-json\/wp\/v2\/users\/4"}],"replies":[{"embeddable":true,"href":"https:\/\/contextoanalisisperiodistico.com\/index.php\/wp-json\/wp\/v2\/comments?post=14832"}],"version-history":[{"count":3,"href":"https:\/\/contextoanalisisperiodistico.com\/index.php\/wp-json\/wp\/v2\/posts\/14832\/revisions"}],"predecessor-version":[{"id":14839,"href":"https:\/\/contextoanalisisperiodistico.com\/index.php\/wp-json\/wp\/v2\/posts\/14832\/revisions\/14839"}],"wp:featuredmedia":[{"embeddable":true,"href":"https:\/\/contextoanalisisperiodistico.com\/index.php\/wp-json\/wp\/v2\/media\/14833"}],"wp:attachment":[{"href":"https:\/\/contextoanalisisperiodistico.com\/index.php\/wp-json\/wp\/v2\/media?parent=14832"}],"wp:term":[{"taxonomy":"category","embeddable":true,"href":"https:\/\/contextoanalisisperiodistico.com\/index.php\/wp-json\/wp\/v2\/categories?post=14832"},{"taxonomy":"post_tag","embeddable":true,"href":"https:\/\/contextoanalisisperiodistico.com\/index.php\/wp-json\/wp\/v2\/tags?post=14832"}],"curies":[{"name":"wp","href":"https:\/\/api.w.org\/{rel}","templated":true}]}}