{"id":14825,"date":"2023-06-15T11:28:19","date_gmt":"2023-06-15T17:28:19","guid":{"rendered":"https:\/\/contextoanalisisperiodistico.com\/index.php\/2023\/06\/15\/policia-municipal-aplico-la-ley-a-pesar-de-agresiones-a-uniformados\/"},"modified":"2023-06-15T11:28:19","modified_gmt":"2023-06-15T17:28:19","slug":"policia-municipal-aplico-la-ley-a-pesar-de-agresiones-a-uniformados","status":"publish","type":"post","link":"https:\/\/contextoanalisisperiodistico.com\/index.php\/2023\/06\/15\/policia-municipal-aplico-la-ley-a-pesar-de-agresiones-a-uniformados\/","title":{"rendered":"Polic\u00eda Municipal aplic\u00f3 la ley a pesar de agresiones a uniformados"},"content":{"rendered":"<div id=\"fb-root\"><\/div>\n\n<p>El d\u00eda de hoy, elementos policiacos adscritos al grupo \u00abBengala\u00bb de la Secretar\u00eda de Seguridad Ciudadana, Movilidad y Protecci\u00f3n Civil, dedicados a recuperar veh\u00edculos con reporte de robo, detectaron una motoneta con reporte de robo en inmediaciones de la calle Mercaderes, en el mercado de Abasto.<\/p>\n\n\n\n<p>Al aplicar el protocolo correspondiente y detener a los responsables para trasladarlos al cuartel de la Polic\u00eda Municipal, fueron interceptados por un grupo de aproximadamente 50 personas, quienes agredieron a los polic\u00edas con diversos objetos, incluidos punzo-cortantes, pretendiendo impedir se ejerciera la ley.<\/p>\n\n\n\n<p>Ante esta agresi\u00f3n y pretensi\u00f3n de ese grupo de personas, los uniformados los replegaron usando gas lacrim\u00f3geno, al mismo tiempo que solicitaron el apoyo de sus dem\u00e1s compa\u00f1eros, as\u00ed como de la Polic\u00eda Estatal.<\/p>\n\n\n\n<p>Finalmente se logr\u00f3 trasladar a uno de los implicados, as\u00ed como la recuperaci\u00f3n de la montoneta. El detenido ser\u00e1 remitido a la Fiscal\u00eda General del Estado de Oaxaca para el proceso correspondiente.<\/p>\n\n\n\n<p>De esta manera, la Secretar\u00eda de Seguridad Ciudadana, Movilidad y Protecci\u00f3n Civil, reafirma su compromiso de trabajar y velar por la ciudadan\u00eda.<\/p>\n\n\n\n<figure class=\"wp-block-image size-large\"><img fetchpriority=\"high\" decoding=\"async\" width=\"1024\" height=\"644\" src=\"https:\/\/contextoanalisisperiodistico.com\/wp-content\/uploads\/2023\/06\/img-20230615-wa00258972853372219905556-1024x644.jpg\" alt=\"\" class=\"wp-image-14824\" srcset=\"https:\/\/contextoanalisisperiodistico.com\/wp-content\/uploads\/2023\/06\/img-20230615-wa00258972853372219905556-1024x644.jpg 1024w, https:\/\/contextoanalisisperiodistico.com\/wp-content\/uploads\/2023\/06\/img-20230615-wa00258972853372219905556-300x189.jpg 300w, https:\/\/contextoanalisisperiodistico.com\/wp-content\/uploads\/2023\/06\/img-20230615-wa00258972853372219905556-768x483.jpg 768w, https:\/\/contextoanalisisperiodistico.com\/wp-content\/uploads\/2023\/06\/img-20230615-wa00258972853372219905556-540x340.jpg 540w, https:\/\/contextoanalisisperiodistico.com\/wp-content\/uploads\/2023\/06\/img-20230615-wa00258972853372219905556.jpg 1097w\" sizes=\"(max-width: 1024px) 100vw, 1024px\" \/><\/figure>\n","protected":false},"excerpt":{"rendered":"<p>El d\u00eda de hoy, elementos policiacos adscritos al grupo \u00abBengala\u00bb de la Secretar\u00eda de Seguridad&#8230;<\/p>\n","protected":false},"author":4,"featured_media":14823,"comment_status":"","ping_status":"open","sticky":false,"template":"","format":"standard","meta":{"footnotes":""},"categories":[9],"tags":[],"jetpack_sharing_enabled":true,"featured_image_urls":{"full":["https:\/\/contextoanalisisperiodistico.com\/wp-content\/uploads\/2023\/06\/IMG-20230615-WA0024.jpg",1080,1104,false],"thumbnail":["https:\/\/contextoanalisisperiodistico.com\/wp-content\/uploads\/2023\/06\/IMG-20230615-WA0024-150x150.jpg",150,150,true],"medium":["https:\/\/contextoanalisisperiodistico.com\/wp-content\/uploads\/2023\/06\/IMG-20230615-WA0024-293x300.jpg",293,300,true],"medium_large":["https:\/\/contextoanalisisperiodistico.com\/wp-content\/uploads\/2023\/06\/IMG-20230615-WA0024-768x785.jpg",640,654,true],"large":["https:\/\/contextoanalisisperiodistico.com\/wp-content\/uploads\/2023\/06\/IMG-20230615-WA0024-1002x1024.jpg",640,654,true],"1536x1536":["https:\/\/contextoanalisisperiodistico.com\/wp-content\/uploads\/2023\/06\/IMG-20230615-WA0024.jpg",1080,1104,false],"2048x2048":["https:\/\/contextoanalisisperiodistico.com\/wp-content\/uploads\/2023\/06\/IMG-20230615-WA0024.jpg",1080,1104,false],"covernews-slider-full":["https:\/\/contextoanalisisperiodistico.com\/wp-content\/uploads\/2023\/06\/IMG-20230615-WA0024-1080x715.jpg",1080,715,true],"covernews-slider-center":["https:\/\/contextoanalisisperiodistico.com\/wp-content\/uploads\/2023\/06\/IMG-20230615-WA0024-800x500.jpg",800,500,true],"covernews-featured":["https:\/\/contextoanalisisperiodistico.com\/wp-content\/uploads\/2023\/06\/IMG-20230615-WA0024-1024x1047.jpg",1024,1047,true],"covernews-medium":["https:\/\/contextoanalisisperiodistico.com\/wp-content\/uploads\/2023\/06\/IMG-20230615-WA0024-540x340.jpg",540,340,true],"covernews-medium-square":["https:\/\/contextoanalisisperiodistico.com\/wp-content\/uploads\/2023\/06\/IMG-20230615-WA0024-400x250.jpg",400,250,true]},"author_info":{"display_name":"Mario Gir\u00f3n","author_link":"https:\/\/contextoanalisisperiodistico.com\/index.php\/author\/director\/"},"category_info":"<a href=\"https:\/\/contextoanalisisperiodistico.com\/index.php\/category\/politica\/\" rel=\"category tag\">Pol\u00edtica<\/a>","tag_info":"Pol\u00edtica","comment_count":"0","jetpack_featured_media_url":"https:\/\/contextoanalisisperiodistico.com\/wp-content\/uploads\/2023\/06\/IMG-20230615-WA0024.jpg","_links":{"self":[{"href":"https:\/\/contextoanalisisperiodistico.com\/index.php\/wp-json\/wp\/v2\/posts\/14825"}],"collection":[{"href":"https:\/\/contextoanalisisperiodistico.com\/index.php\/wp-json\/wp\/v2\/posts"}],"about":[{"href":"https:\/\/contextoanalisisperiodistico.com\/index.php\/wp-json\/wp\/v2\/types\/post"}],"author":[{"embeddable":true,"href":"https:\/\/contextoanalisisperiodistico.com\/index.php\/wp-json\/wp\/v2\/users\/4"}],"replies":[{"embeddable":true,"href":"https:\/\/contextoanalisisperiodistico.com\/index.php\/wp-json\/wp\/v2\/comments?post=14825"}],"version-history":[{"count":0,"href":"https:\/\/contextoanalisisperiodistico.com\/index.php\/wp-json\/wp\/v2\/posts\/14825\/revisions"}],"wp:featuredmedia":[{"embeddable":true,"href":"https:\/\/contextoanalisisperiodistico.com\/index.php\/wp-json\/wp\/v2\/media\/14823"}],"wp:attachment":[{"href":"https:\/\/contextoanalisisperiodistico.com\/index.php\/wp-json\/wp\/v2\/media?parent=14825"}],"wp:term":[{"taxonomy":"category","embeddable":true,"href":"https:\/\/contextoanalisisperiodistico.com\/index.php\/wp-json\/wp\/v2\/categories?post=14825"},{"taxonomy":"post_tag","embeddable":true,"href":"https:\/\/contextoanalisisperiodistico.com\/index.php\/wp-json\/wp\/v2\/tags?post=14825"}],"curies":[{"name":"wp","href":"https:\/\/api.w.org\/{rel}","templated":true}]}}