{"id":14819,"date":"2023-06-15T10:17:29","date_gmt":"2023-06-15T16:17:29","guid":{"rendered":"https:\/\/contextoanalisisperiodistico.com\/?p=14819"},"modified":"2023-06-15T10:17:35","modified_gmt":"2023-06-15T16:17:35","slug":"alcanzan-sep-ieepo-y-seccion-xxii-acuerdos-en-la-revision-de-vacancias-disponibles-en-el-sistema-educativo-estatal","status":"publish","type":"post","link":"https:\/\/contextoanalisisperiodistico.com\/index.php\/2023\/06\/15\/alcanzan-sep-ieepo-y-seccion-xxii-acuerdos-en-la-revision-de-vacancias-disponibles-en-el-sistema-educativo-estatal\/","title":{"rendered":"Alcanzan SEP, IEEPO y Secci\u00f3n XXII acuerdos en la revisi\u00f3n de vacancias disponibles en el Sistema Educativo Estatal"},"content":{"rendered":"<div id=\"fb-root\"><\/div>\n\n<p>\u2022 Resultado de la mesa de trabajo tripartita se firm\u00f3 una Minuta de Acuerdos con los compromisos establecidos a favor de la educaci\u00f3n<\/p>\n\n\n\n<p>Oaxaca de Ju\u00e1rez, Oax. 15 de junio de 2023.- Muestra de la apertura y pol\u00edtica de di\u00e1logo de la administraci\u00f3n del Gobernador del Estado Salom\u00f3n Jara Cruz, se firm\u00f3 una Minuta de Acuerdos resultado de los trabajos de la mesa tripartita para la atenci\u00f3n a los diferentes niveles educativos entre la Secretar\u00eda de Educaci\u00f3n P\u00fablica (SEP) a nivel federal, el Instituto Estatal de Educaci\u00f3n P\u00fablica de Oaxaca (IEEPO) y la Secci\u00f3n XXII.<\/p>\n\n\n\n<p>Conscientes de las necesidades de personal en los centros educativos en la entidad, el director general del Instituto, Emilio Montero P\u00e9rez y el representante de la SEP, Sergio Gonz\u00e1lez Osorio, acordaron en un gesto de transparencia con el Comit\u00e9 Ejecutivo Seccional y la dirigencia sindical del magisterio, proporcionar, el 23 de junio pr\u00f3ximo, informaci\u00f3n desglosada de las vacancias por nivel educativo y categor\u00eda.<\/p>\n\n\n\n<p>Asimismo, comenzar\u00e1n los tr\u00e1mites relacionados de acuerdo con la disponibilidad de las plazas y de conformidad a las disposiciones pertinentes, para construir la educaci\u00f3n que merecen las ni\u00f1as y ni\u00f1os de Oaxaca.<\/p>\n\n\n\n<p>Otro de los compromisos fue que una vez agotada la vacancia en el estado, el IEEPO presentar\u00e1 un proyecto el d\u00eda 30 de junio pr\u00f3ximo, a la Secretar\u00eda de Educaci\u00f3n P\u00fablica, a efecto de gestionar los recursos justificados ante las instancias correspondientes y satisfacer la demanda presentada por los niveles educativos de la Secci\u00f3n XXII.<\/p>\n\n\n\n<p>En el documento, firmado la noche del mi\u00e9rcoles luego de varias horas de di\u00e1logo, se establece que todas las demandas de necesidades de recursos humanos ser\u00e1n revisadas e integradas en una base de datos, en un primer momento por las autoridades educativas del IEEPO y la Secci\u00f3n XXII, las cuales se presentar\u00e1n ante la SEP para su validaci\u00f3n y pago.<\/p>\n\n\n\n<p>Las partes coincidieron en que los logros educativos demandan la mayor satisfacci\u00f3n posible de las necesidades educativas, con el \u00e1nimo de atender en las mejores condiciones a ni\u00f1as, ni\u00f1os, j\u00f3venes, adolescentes y personas adultas del estado; por lo que, en este marco, aportan sus esfuerzos para llegar a acuerdos<\/p>\n\n\n\n<p>De esta manera, se garantiza tambi\u00e9n el cumplimiento del eje transversal del Gobierno del Estado respecto al Inter\u00e9s Superior de los ni\u00f1os, ni\u00f1as y adolescentes.<\/p>\n\n\n\n<p>En la mesa tripartita estuvieron presentes la secretaria general de la Secci\u00f3n XXII, Yenny Aracely P\u00e9rez Mart\u00ednez y dem\u00e1s integrantes del Comit\u00e9 Ejecutivo Seccional de la gremial.<\/p>\n\n\n\n<figure class=\"wp-block-image size-large\"><img fetchpriority=\"high\" decoding=\"async\" width=\"1024\" height=\"683\" src=\"https:\/\/contextoanalisisperiodistico.com\/wp-content\/uploads\/2023\/06\/img-20230615-wa00214477785559801722002.jpg\" alt=\"\" class=\"wp-image-14821\" srcset=\"https:\/\/contextoanalisisperiodistico.com\/wp-content\/uploads\/2023\/06\/img-20230615-wa00214477785559801722002.jpg 1024w, https:\/\/contextoanalisisperiodistico.com\/wp-content\/uploads\/2023\/06\/img-20230615-wa00214477785559801722002-300x200.jpg 300w, https:\/\/contextoanalisisperiodistico.com\/wp-content\/uploads\/2023\/06\/img-20230615-wa00214477785559801722002-768x512.jpg 768w\" sizes=\"(max-width: 1024px) 100vw, 1024px\" \/><\/figure>\n","protected":false},"excerpt":{"rendered":"<p>\u2022 Resultado de la mesa de trabajo tripartita se firm\u00f3 una Minuta de Acuerdos con&#8230;<\/p>\n","protected":false},"author":4,"featured_media":14820,"comment_status":"closed","ping_status":"open","sticky":false,"template":"","format":"standard","meta":{"footnotes":""},"categories":[9],"tags":[],"jetpack_sharing_enabled":true,"featured_image_urls":{"full":["https:\/\/contextoanalisisperiodistico.com\/wp-content\/uploads\/2023\/06\/IMG-20230615-WA0020.jpg",1024,683,false],"thumbnail":["https:\/\/contextoanalisisperiodistico.com\/wp-content\/uploads\/2023\/06\/IMG-20230615-WA0020-150x150.jpg",150,150,true],"medium":["https:\/\/contextoanalisisperiodistico.com\/wp-content\/uploads\/2023\/06\/IMG-20230615-WA0020-300x200.jpg",300,200,true],"medium_large":["https:\/\/contextoanalisisperiodistico.com\/wp-content\/uploads\/2023\/06\/IMG-20230615-WA0020-768x512.jpg",640,427,true],"large":["https:\/\/contextoanalisisperiodistico.com\/wp-content\/uploads\/2023\/06\/IMG-20230615-WA0020.jpg",640,427,false],"1536x1536":["https:\/\/contextoanalisisperiodistico.com\/wp-content\/uploads\/2023\/06\/IMG-20230615-WA0020.jpg",1024,683,false],"2048x2048":["https:\/\/contextoanalisisperiodistico.com\/wp-content\/uploads\/2023\/06\/IMG-20230615-WA0020.jpg",1024,683,false],"covernews-slider-full":["https:\/\/contextoanalisisperiodistico.com\/wp-content\/uploads\/2023\/06\/IMG-20230615-WA0020.jpg",1024,683,false],"covernews-slider-center":["https:\/\/contextoanalisisperiodistico.com\/wp-content\/uploads\/2023\/06\/IMG-20230615-WA0020-800x500.jpg",800,500,true],"covernews-featured":["https:\/\/contextoanalisisperiodistico.com\/wp-content\/uploads\/2023\/06\/IMG-20230615-WA0020.jpg",1024,683,false],"covernews-medium":["https:\/\/contextoanalisisperiodistico.com\/wp-content\/uploads\/2023\/06\/IMG-20230615-WA0020-540x340.jpg",540,340,true],"covernews-medium-square":["https:\/\/contextoanalisisperiodistico.com\/wp-content\/uploads\/2023\/06\/IMG-20230615-WA0020-400x250.jpg",400,250,true]},"author_info":{"display_name":"Mario Gir\u00f3n","author_link":"https:\/\/contextoanalisisperiodistico.com\/index.php\/author\/director\/"},"category_info":"<a href=\"https:\/\/contextoanalisisperiodistico.com\/index.php\/category\/politica\/\" rel=\"category tag\">Pol\u00edtica<\/a>","tag_info":"Pol\u00edtica","comment_count":"0","jetpack_featured_media_url":"https:\/\/contextoanalisisperiodistico.com\/wp-content\/uploads\/2023\/06\/IMG-20230615-WA0020.jpg","_links":{"self":[{"href":"https:\/\/contextoanalisisperiodistico.com\/index.php\/wp-json\/wp\/v2\/posts\/14819"}],"collection":[{"href":"https:\/\/contextoanalisisperiodistico.com\/index.php\/wp-json\/wp\/v2\/posts"}],"about":[{"href":"https:\/\/contextoanalisisperiodistico.com\/index.php\/wp-json\/wp\/v2\/types\/post"}],"author":[{"embeddable":true,"href":"https:\/\/contextoanalisisperiodistico.com\/index.php\/wp-json\/wp\/v2\/users\/4"}],"replies":[{"embeddable":true,"href":"https:\/\/contextoanalisisperiodistico.com\/index.php\/wp-json\/wp\/v2\/comments?post=14819"}],"version-history":[{"count":1,"href":"https:\/\/contextoanalisisperiodistico.com\/index.php\/wp-json\/wp\/v2\/posts\/14819\/revisions"}],"predecessor-version":[{"id":14822,"href":"https:\/\/contextoanalisisperiodistico.com\/index.php\/wp-json\/wp\/v2\/posts\/14819\/revisions\/14822"}],"wp:featuredmedia":[{"embeddable":true,"href":"https:\/\/contextoanalisisperiodistico.com\/index.php\/wp-json\/wp\/v2\/media\/14820"}],"wp:attachment":[{"href":"https:\/\/contextoanalisisperiodistico.com\/index.php\/wp-json\/wp\/v2\/media?parent=14819"}],"wp:term":[{"taxonomy":"category","embeddable":true,"href":"https:\/\/contextoanalisisperiodistico.com\/index.php\/wp-json\/wp\/v2\/categories?post=14819"},{"taxonomy":"post_tag","embeddable":true,"href":"https:\/\/contextoanalisisperiodistico.com\/index.php\/wp-json\/wp\/v2\/tags?post=14819"}],"curies":[{"name":"wp","href":"https:\/\/api.w.org\/{rel}","templated":true}]}}