{"id":14805,"date":"2023-06-14T20:20:47","date_gmt":"2023-06-15T02:20:47","guid":{"rendered":"https:\/\/contextoanalisisperiodistico.com\/?p=14805"},"modified":"2023-06-14T20:20:57","modified_gmt":"2023-06-15T02:20:57","slug":"juxtlahuaca-contara-con-caminos-viviendas-y-un-sistema-de-salud-digno","status":"publish","type":"post","link":"https:\/\/contextoanalisisperiodistico.com\/index.php\/2023\/06\/14\/juxtlahuaca-contara-con-caminos-viviendas-y-un-sistema-de-salud-digno\/","title":{"rendered":"<em>Juxtlahuaca contar\u00e1 con caminos, viviendas y un sistema de salud digno<\/em>"},"content":{"rendered":"<div id=\"fb-root\"><\/div>\n\n<p>\u2022 Anuncia Gobernador Salom\u00f3n Jara inversi\u00f3n superior a los 59 mdp<\/p>\n\n\n\n<p>Santiago Juxtlahuaca, Oax. 14 de junio de 2023.- Habitantes de esta municipalidad enclavada en la regi\u00f3n Mixteca se beneficiar\u00e1n con acciones de vivienda, caminos y servicios b\u00e1sicos dignos que representan una inversi\u00f3n de 59 millones 147 mil 914 pesos.<\/p>\n\n\n\n<p>Durante su estancia en Santiago Juxtlahuaca, el titular del Poder Ejecutivo Salom\u00f3n Jara Cruz inform\u00f3 que \u201ceste Gobierno dise\u00f1\u00f3 una estrategia de atenci\u00f3n a las comunidades con bajo \u00edndice de desarrollo, por eso no se har\u00e1 otra cosa que no sea trabajar en temas con mayor demanda como la seguridad social, vivienda, salud y educaci\u00f3n\u201d.<\/p>\n\n\n\n<p>El Gobernante Oaxaque\u00f1o exhort\u00f3 a la poblaci\u00f3n a mantener la unidad y el trabajo conjunto, ya que se trata de un elemento de importante valor para la construcci\u00f3n de la paz en esta zona de la entidad.<\/p>\n\n\n\n<p>Explic\u00f3 que como parte de los beneficios de la estrategia de Atenci\u00f3n a Municipios Territorio Bienestar que focaliza esfuerzos gubernamentales en 100 localidades con menor \u00edndice de desarrollo se destin\u00f3 una inversi\u00f3n superior a los 59 millones de pesos.<\/p>\n\n\n\n<p>De este presupuesto, 12 millones 230 mil pesos se destinar\u00e1n a cuatro comunidades en las cuales se han integrado proyectos el\u00e9ctricos, y 30 millones de pesos se ocupar\u00e1n para la construcci\u00f3n de pavimento de concreto hidr\u00e1ulico, acciones con las que se mejorar\u00e1 la calidad de vida de las y los habitantes.<\/p>\n\n\n\n<p>Para garantizar derechos fundamentales de la ni\u00f1ez y las juventudes, por conducto del Instituto Oaxaque\u00f1o Constructor de Infraestructura Educativa (Iocied) se invertir\u00e1n 3 millones 165 mil pesos en trabajos de construcci\u00f3n y equipamiento de cuatro centros educativos en el mismo n\u00famero de comunidades. Tambi\u00e9n, el Instituto Estatal de Educaci\u00f3n P\u00fablica de Oaxaca (IEEPO) invertir\u00e1 en mobiliario y equipo escolar, un mill\u00f3n 900 mil pesos.<\/p>\n\n\n\n<p>En materia de pol\u00edticas p\u00fablicas que garanticen el abasto seguro de ma\u00edz, el Gobierno del Estado ejercer\u00e1 un presupuesto superior a los 2 millones de pesos para favorecer a productoras y productores que cultivan en 160 hect\u00e1reas de mediano y alto rendimiento, con semillas mejoradas, fertilizantes y bioinsumos.<\/p>\n\n\n\n<p>En atenci\u00f3n a una de las demandas de mayor apremio por parte de las y los habitantes de Santiago Juxtlahuaca, se invertir\u00e1n m\u00e1s de 7 millones de pesos para el fortalecimiento del Sistema de Salud, adem\u00e1s se entregar\u00e1 una ambulancia para la comunidad. Asimismo, se aplicar\u00e1n 2 millones 900 mil pesos para mejorar las condiciones de vivienda a trav\u00e9s de 200 acciones de piso firme.<\/p>\n\n\n\n<p>El Sistema para el Desarrollo Integral de la Familia (DIF) Oaxaca dispersar\u00e1 un mill\u00f3n 200 mil pesos para la atenci\u00f3n a grupos prioritarios, comedores populares y alimentaci\u00f3n escolar. En tanto, se aplicar\u00e1n m\u00e1s de 2 millones de pesos mediante el programa Tarjeta Margarita Maza que impulsa la Secretar\u00eda de Bienestar, Tequio e Inclusi\u00f3n (Sebienti).<\/p>\n\n\n\n<p>El Gobierno Estatal tambi\u00e9n realizar\u00e1 una inversi\u00f3n superior a un mill\u00f3n de pesos para un plan de residuos s\u00f3lidos que desarrollar\u00e1 la Secretar\u00eda de Medio Ambiente, Biodiversidad, Energ\u00eda y Sostenibilidad.<\/p>\n\n\n\n<p>Asimismo, se anunci\u00f3 el inicio del programa de certificaci\u00f3n de polic\u00edas, y de capacitaci\u00f3n para el trabajo y credencializaci\u00f3n de personas artesanas.<\/p>\n\n\n\n<figure class=\"wp-block-image size-large\"><img fetchpriority=\"high\" decoding=\"async\" width=\"1024\" height=\"640\" src=\"https:\/\/contextoanalisisperiodistico.com\/wp-content\/uploads\/2023\/06\/img-20230614-wa01315254405301124437364-1024x640.jpg\" alt=\"\" class=\"wp-image-14808\" srcset=\"https:\/\/contextoanalisisperiodistico.com\/wp-content\/uploads\/2023\/06\/img-20230614-wa01315254405301124437364-1024x640.jpg 1024w, https:\/\/contextoanalisisperiodistico.com\/wp-content\/uploads\/2023\/06\/img-20230614-wa01315254405301124437364-300x188.jpg 300w, https:\/\/contextoanalisisperiodistico.com\/wp-content\/uploads\/2023\/06\/img-20230614-wa01315254405301124437364-768x480.jpg 768w, https:\/\/contextoanalisisperiodistico.com\/wp-content\/uploads\/2023\/06\/img-20230614-wa01315254405301124437364-1536x960.jpg 1536w, https:\/\/contextoanalisisperiodistico.com\/wp-content\/uploads\/2023\/06\/img-20230614-wa01315254405301124437364-800x500.jpg 800w, https:\/\/contextoanalisisperiodistico.com\/wp-content\/uploads\/2023\/06\/img-20230614-wa01315254405301124437364-400x250.jpg 400w, https:\/\/contextoanalisisperiodistico.com\/wp-content\/uploads\/2023\/06\/img-20230614-wa01315254405301124437364.jpg 1600w\" sizes=\"(max-width: 1024px) 100vw, 1024px\" \/><\/figure>\n\n\n\n<figure class=\"wp-block-image\"><img decoding=\"async\" width=\"1024\" height=\"682\" src=\"https:\/\/contextoanalisisperiodistico.com\/wp-content\/uploads\/2023\/06\/img-20230614-wa01274200711767537502341-1024x682.jpg\" alt=\"\" class=\"wp-image-14807\" srcset=\"https:\/\/contextoanalisisperiodistico.com\/wp-content\/uploads\/2023\/06\/img-20230614-wa01274200711767537502341-1024x682.jpg 1024w, https:\/\/contextoanalisisperiodistico.com\/wp-content\/uploads\/2023\/06\/img-20230614-wa01274200711767537502341-300x200.jpg 300w, https:\/\/contextoanalisisperiodistico.com\/wp-content\/uploads\/2023\/06\/img-20230614-wa01274200711767537502341-768x512.jpg 768w, https:\/\/contextoanalisisperiodistico.com\/wp-content\/uploads\/2023\/06\/img-20230614-wa01274200711767537502341-1536x1023.jpg 1536w, https:\/\/contextoanalisisperiodistico.com\/wp-content\/uploads\/2023\/06\/img-20230614-wa01274200711767537502341.jpg 1600w\" sizes=\"(max-width: 1024px) 100vw, 1024px\" \/><\/figure>\n","protected":false},"excerpt":{"rendered":"<p>\u2022 Anuncia Gobernador Salom\u00f3n Jara inversi\u00f3n superior a los 59 mdp Santiago Juxtlahuaca, Oax. 14&#8230;<\/p>\n","protected":false},"author":4,"featured_media":14806,"comment_status":"closed","ping_status":"open","sticky":false,"template":"","format":"standard","meta":{"footnotes":""},"categories":[9],"tags":[],"jetpack_sharing_enabled":true,"featured_image_urls":{"full":["https:\/\/contextoanalisisperiodistico.com\/wp-content\/uploads\/2023\/06\/IMG-20230614-WA0129.jpg",1600,1066,false],"thumbnail":["https:\/\/contextoanalisisperiodistico.com\/wp-content\/uploads\/2023\/06\/IMG-20230614-WA0129-150x150.jpg",150,150,true],"medium":["https:\/\/contextoanalisisperiodistico.com\/wp-content\/uploads\/2023\/06\/IMG-20230614-WA0129-300x200.jpg",300,200,true],"medium_large":["https:\/\/contextoanalisisperiodistico.com\/wp-content\/uploads\/2023\/06\/IMG-20230614-WA0129-768x512.jpg",640,427,true],"large":["https:\/\/contextoanalisisperiodistico.com\/wp-content\/uploads\/2023\/06\/IMG-20230614-WA0129-1024x682.jpg",640,426,true],"1536x1536":["https:\/\/contextoanalisisperiodistico.com\/wp-content\/uploads\/2023\/06\/IMG-20230614-WA0129-1536x1023.jpg",1536,1023,true],"2048x2048":["https:\/\/contextoanalisisperiodistico.com\/wp-content\/uploads\/2023\/06\/IMG-20230614-WA0129.jpg",1600,1066,false],"covernews-slider-full":["https:\/\/contextoanalisisperiodistico.com\/wp-content\/uploads\/2023\/06\/IMG-20230614-WA0129-1115x715.jpg",1115,715,true],"covernews-slider-center":["https:\/\/contextoanalisisperiodistico.com\/wp-content\/uploads\/2023\/06\/IMG-20230614-WA0129-800x500.jpg",800,500,true],"covernews-featured":["https:\/\/contextoanalisisperiodistico.com\/wp-content\/uploads\/2023\/06\/IMG-20230614-WA0129-1024x682.jpg",1024,682,true],"covernews-medium":["https:\/\/contextoanalisisperiodistico.com\/wp-content\/uploads\/2023\/06\/IMG-20230614-WA0129-540x340.jpg",540,340,true],"covernews-medium-square":["https:\/\/contextoanalisisperiodistico.com\/wp-content\/uploads\/2023\/06\/IMG-20230614-WA0129-400x250.jpg",400,250,true]},"author_info":{"display_name":"Mario Gir\u00f3n","author_link":"https:\/\/contextoanalisisperiodistico.com\/index.php\/author\/director\/"},"category_info":"<a href=\"https:\/\/contextoanalisisperiodistico.com\/index.php\/category\/politica\/\" rel=\"category tag\">Pol\u00edtica<\/a>","tag_info":"Pol\u00edtica","comment_count":"0","jetpack_featured_media_url":"https:\/\/contextoanalisisperiodistico.com\/wp-content\/uploads\/2023\/06\/IMG-20230614-WA0129.jpg","_links":{"self":[{"href":"https:\/\/contextoanalisisperiodistico.com\/index.php\/wp-json\/wp\/v2\/posts\/14805"}],"collection":[{"href":"https:\/\/contextoanalisisperiodistico.com\/index.php\/wp-json\/wp\/v2\/posts"}],"about":[{"href":"https:\/\/contextoanalisisperiodistico.com\/index.php\/wp-json\/wp\/v2\/types\/post"}],"author":[{"embeddable":true,"href":"https:\/\/contextoanalisisperiodistico.com\/index.php\/wp-json\/wp\/v2\/users\/4"}],"replies":[{"embeddable":true,"href":"https:\/\/contextoanalisisperiodistico.com\/index.php\/wp-json\/wp\/v2\/comments?post=14805"}],"version-history":[{"count":1,"href":"https:\/\/contextoanalisisperiodistico.com\/index.php\/wp-json\/wp\/v2\/posts\/14805\/revisions"}],"predecessor-version":[{"id":14809,"href":"https:\/\/contextoanalisisperiodistico.com\/index.php\/wp-json\/wp\/v2\/posts\/14805\/revisions\/14809"}],"wp:featuredmedia":[{"embeddable":true,"href":"https:\/\/contextoanalisisperiodistico.com\/index.php\/wp-json\/wp\/v2\/media\/14806"}],"wp:attachment":[{"href":"https:\/\/contextoanalisisperiodistico.com\/index.php\/wp-json\/wp\/v2\/media?parent=14805"}],"wp:term":[{"taxonomy":"category","embeddable":true,"href":"https:\/\/contextoanalisisperiodistico.com\/index.php\/wp-json\/wp\/v2\/categories?post=14805"},{"taxonomy":"post_tag","embeddable":true,"href":"https:\/\/contextoanalisisperiodistico.com\/index.php\/wp-json\/wp\/v2\/tags?post=14805"}],"curies":[{"name":"wp","href":"https:\/\/api.w.org\/{rel}","templated":true}]}}