{"id":14794,"date":"2023-06-14T16:13:13","date_gmt":"2023-06-14T22:13:13","guid":{"rendered":"https:\/\/contextoanalisisperiodistico.com\/?p=14794"},"modified":"2023-06-14T16:13:19","modified_gmt":"2023-06-14T22:13:19","slug":"invertira-gobierno-de-oaxaca-mas-de-31-mdp-en-san-juan-mixtepec","status":"publish","type":"post","link":"https:\/\/contextoanalisisperiodistico.com\/index.php\/2023\/06\/14\/invertira-gobierno-de-oaxaca-mas-de-31-mdp-en-san-juan-mixtepec\/","title":{"rendered":"<em>Invertir\u00e1 Gobierno de Oaxaca m\u00e1s de 31 mdp en San Juan Mixtepec<\/em>"},"content":{"rendered":"<div id=\"fb-root\"><\/div>\n\n<p>\u2022 El Gobernador Salom\u00f3n Jara Cruz anunci\u00f3 que la inversi\u00f3n ser\u00e1 para la compra de medicamentos, equipamiento de aulas, alimentaci\u00f3n, seguridad, entre otros rubros<\/p>\n\n\n\n<p>San Juan Mixtepec, Oax. 14 de junio de 2023.- Con un presupuesto superior a 31 millones de pesos, este municipio ubicado en el distrito de Juxtlahuaca, en la regi\u00f3n Mixteca, tendr\u00e1 la oportunidad de cambiar el rumbo de su historia mediante acciones de vivienda, salud, educaci\u00f3n, seguridad y mejoramiento de caminos que permitir\u00e1n mejorar las condiciones de vida de su poblaci\u00f3n.<\/p>\n\n\n\n<p>Como parte de la estrategia de atenci\u00f3n del Gobierno de Oaxaca a municipios con menor \u00edndice de desarrollo social, San Juan Mixtepec ser\u00e1 beneficiado con acciones cuyo monto asciende a 31 millones 904 mil 331 pesos.<\/p>\n\n\n\n<p>\u201cMe da mucho gusto informarles de los trabajos que haremos en San Juan Mixtepec, por eso venimos quienes formamos parte de este Gobierno para ponernos a las \u00f3rdenes del municipio y anunciarles este modelo que hemos dise\u00f1ado, esta ser\u00e1 una administraci\u00f3n sencilla, humilde y cercana a las comunidades\u201d, resalt\u00f3 el Gobernador del Estado Salom\u00f3n Jara Cruz.<\/p>\n\n\n\n<p>En este sentido, el Mandatario inform\u00f3 que a trav\u00e9s de Caminos Bienestar (antes CAO) se invertir\u00e1n 20 millones de pesos en infraestructura carretera para garantizar la movilidad y accesibilidad hacia esta municipalidad.<\/p>\n\n\n\n<p>A trav\u00e9s de los Servicios de Salud de Oaxaca (SSO) la administraci\u00f3n estatal aplicar\u00e1 7 millones 66 mil 396 pesos para la compra de insumos y medicamentos que se distribuir\u00e1n en los tres Centros de Salud, dos brigadas territoriales y 35 Casas de Salud ubicadas en el municipio. Asimismo, mediante el Sistema para el Desarrollo Integral de la Familia (DIF) Oaxaca se invertir\u00e1n 2 millones 670 mil pesos para programas de comedores comunitarios, escolares y grupos prioritarios.<\/p>\n\n\n\n<p>Como parte de las acciones para la Reparaci\u00f3n Hist\u00f3rica de los Pueblos, habitantes de Mixtepec ser\u00e1n beneficiados, en una primera etapa, con 100 acciones de piso firme, con una inversi\u00f3n de un mill\u00f3n 450 mil pesos a trav\u00e9s de Vivienda para el Bienestar (Vibien). En tanto, por conducto del Instituto Oaxaque\u00f1o Constructor de Infraestructura Educativa (Iocied) en distintas instituciones educativas se realizar\u00e1n obras de equipamiento de aulas y la entrega de material did\u00e1ctico como mesas binarias y pizarrones.<\/p>\n\n\n\n<p>En atenci\u00f3n al eje transversal Perspectiva de g\u00e9nero, a trav\u00e9s de la Secretar\u00eda de Bienestar, Tequio e Inclusi\u00f3n (Sebienti) y la aplicaci\u00f3n de la Tarjeta Margarita Maza<br \/>se entregar\u00e1n 600 mil pesos a mujeres que viven en condiciones de extrema pobreza.<\/p>\n\n\n\n<p>Finalmente, en materia de seguridad se garantiz\u00f3 el inicio del proceso de capacitaci\u00f3n de personal de la polic\u00eda municipal de San Juan Mixtepec.<\/p>\n\n\n\n<p>El recurso anunciado es adicional al presupuesto que recibe el municipio por parte del Fondo de Infraestructura Social a trav\u00e9s del Ramo 33.<\/p>\n\n\n\n<figure class=\"wp-block-image size-large\"><img fetchpriority=\"high\" decoding=\"async\" width=\"1024\" height=\"682\" src=\"https:\/\/contextoanalisisperiodistico.com\/wp-content\/uploads\/2023\/06\/img-20230614-wa00664596165722397816299-1024x682.jpg\" alt=\"\" class=\"wp-image-14798\" srcset=\"https:\/\/contextoanalisisperiodistico.com\/wp-content\/uploads\/2023\/06\/img-20230614-wa00664596165722397816299-1024x682.jpg 1024w, https:\/\/contextoanalisisperiodistico.com\/wp-content\/uploads\/2023\/06\/img-20230614-wa00664596165722397816299-300x200.jpg 300w, https:\/\/contextoanalisisperiodistico.com\/wp-content\/uploads\/2023\/06\/img-20230614-wa00664596165722397816299-768x512.jpg 768w, https:\/\/contextoanalisisperiodistico.com\/wp-content\/uploads\/2023\/06\/img-20230614-wa00664596165722397816299-1536x1023.jpg 1536w, https:\/\/contextoanalisisperiodistico.com\/wp-content\/uploads\/2023\/06\/img-20230614-wa00664596165722397816299.jpg 1600w\" sizes=\"(max-width: 1024px) 100vw, 1024px\" \/><\/figure>\n\n\n\n<figure class=\"wp-block-image\"><img decoding=\"async\" width=\"1024\" height=\"684\" src=\"https:\/\/contextoanalisisperiodistico.com\/wp-content\/uploads\/2023\/06\/img-20230614-wa00706670350650911394374-1024x684.jpg\" alt=\"\" class=\"wp-image-14797\" srcset=\"https:\/\/contextoanalisisperiodistico.com\/wp-content\/uploads\/2023\/06\/img-20230614-wa00706670350650911394374-1024x684.jpg 1024w, https:\/\/contextoanalisisperiodistico.com\/wp-content\/uploads\/2023\/06\/img-20230614-wa00706670350650911394374-300x200.jpg 300w, https:\/\/contextoanalisisperiodistico.com\/wp-content\/uploads\/2023\/06\/img-20230614-wa00706670350650911394374-768x513.jpg 768w, https:\/\/contextoanalisisperiodistico.com\/wp-content\/uploads\/2023\/06\/img-20230614-wa00706670350650911394374-1536x1026.jpg 1536w, https:\/\/contextoanalisisperiodistico.com\/wp-content\/uploads\/2023\/06\/img-20230614-wa00706670350650911394374.jpg 1600w\" sizes=\"(max-width: 1024px) 100vw, 1024px\" \/><\/figure>\n\n\n\n<figure class=\"wp-block-image\"><img decoding=\"async\" width=\"1024\" height=\"577\" src=\"https:\/\/contextoanalisisperiodistico.com\/wp-content\/uploads\/2023\/06\/img-20230614-wa00679093258044790292486-1024x577.jpg\" alt=\"\" class=\"wp-image-14796\" srcset=\"https:\/\/contextoanalisisperiodistico.com\/wp-content\/uploads\/2023\/06\/img-20230614-wa00679093258044790292486-1024x577.jpg 1024w, https:\/\/contextoanalisisperiodistico.com\/wp-content\/uploads\/2023\/06\/img-20230614-wa00679093258044790292486-300x169.jpg 300w, https:\/\/contextoanalisisperiodistico.com\/wp-content\/uploads\/2023\/06\/img-20230614-wa00679093258044790292486-768x433.jpg 768w, https:\/\/contextoanalisisperiodistico.com\/wp-content\/uploads\/2023\/06\/img-20230614-wa00679093258044790292486.jpg 1366w\" sizes=\"(max-width: 1024px) 100vw, 1024px\" \/><\/figure>\n","protected":false},"excerpt":{"rendered":"<p>\u2022 El Gobernador Salom\u00f3n Jara Cruz anunci\u00f3 que la inversi\u00f3n ser\u00e1 para la compra de&#8230;<\/p>\n","protected":false},"author":4,"featured_media":14795,"comment_status":"closed","ping_status":"open","sticky":false,"template":"","format":"standard","meta":{"footnotes":""},"categories":[9],"tags":[],"jetpack_sharing_enabled":true,"featured_image_urls":{"full":["https:\/\/contextoanalisisperiodistico.com\/wp-content\/uploads\/2023\/06\/IMG-20230614-WA0071.jpg",1600,1066,false],"thumbnail":["https:\/\/contextoanalisisperiodistico.com\/wp-content\/uploads\/2023\/06\/IMG-20230614-WA0071-150x150.jpg",150,150,true],"medium":["https:\/\/contextoanalisisperiodistico.com\/wp-content\/uploads\/2023\/06\/IMG-20230614-WA0071-300x200.jpg",300,200,true],"medium_large":["https:\/\/contextoanalisisperiodistico.com\/wp-content\/uploads\/2023\/06\/IMG-20230614-WA0071-768x512.jpg",640,427,true],"large":["https:\/\/contextoanalisisperiodistico.com\/wp-content\/uploads\/2023\/06\/IMG-20230614-WA0071-1024x682.jpg",640,426,true],"1536x1536":["https:\/\/contextoanalisisperiodistico.com\/wp-content\/uploads\/2023\/06\/IMG-20230614-WA0071-1536x1023.jpg",1536,1023,true],"2048x2048":["https:\/\/contextoanalisisperiodistico.com\/wp-content\/uploads\/2023\/06\/IMG-20230614-WA0071.jpg",1600,1066,false],"covernews-slider-full":["https:\/\/contextoanalisisperiodistico.com\/wp-content\/uploads\/2023\/06\/IMG-20230614-WA0071-1115x715.jpg",1115,715,true],"covernews-slider-center":["https:\/\/contextoanalisisperiodistico.com\/wp-content\/uploads\/2023\/06\/IMG-20230614-WA0071-800x500.jpg",800,500,true],"covernews-featured":["https:\/\/contextoanalisisperiodistico.com\/wp-content\/uploads\/2023\/06\/IMG-20230614-WA0071-1024x682.jpg",1024,682,true],"covernews-medium":["https:\/\/contextoanalisisperiodistico.com\/wp-content\/uploads\/2023\/06\/IMG-20230614-WA0071-540x340.jpg",540,340,true],"covernews-medium-square":["https:\/\/contextoanalisisperiodistico.com\/wp-content\/uploads\/2023\/06\/IMG-20230614-WA0071-400x250.jpg",400,250,true]},"author_info":{"display_name":"Mario Gir\u00f3n","author_link":"https:\/\/contextoanalisisperiodistico.com\/index.php\/author\/director\/"},"category_info":"<a href=\"https:\/\/contextoanalisisperiodistico.com\/index.php\/category\/politica\/\" rel=\"category tag\">Pol\u00edtica<\/a>","tag_info":"Pol\u00edtica","comment_count":"0","jetpack_featured_media_url":"https:\/\/contextoanalisisperiodistico.com\/wp-content\/uploads\/2023\/06\/IMG-20230614-WA0071.jpg","_links":{"self":[{"href":"https:\/\/contextoanalisisperiodistico.com\/index.php\/wp-json\/wp\/v2\/posts\/14794"}],"collection":[{"href":"https:\/\/contextoanalisisperiodistico.com\/index.php\/wp-json\/wp\/v2\/posts"}],"about":[{"href":"https:\/\/contextoanalisisperiodistico.com\/index.php\/wp-json\/wp\/v2\/types\/post"}],"author":[{"embeddable":true,"href":"https:\/\/contextoanalisisperiodistico.com\/index.php\/wp-json\/wp\/v2\/users\/4"}],"replies":[{"embeddable":true,"href":"https:\/\/contextoanalisisperiodistico.com\/index.php\/wp-json\/wp\/v2\/comments?post=14794"}],"version-history":[{"count":1,"href":"https:\/\/contextoanalisisperiodistico.com\/index.php\/wp-json\/wp\/v2\/posts\/14794\/revisions"}],"predecessor-version":[{"id":14799,"href":"https:\/\/contextoanalisisperiodistico.com\/index.php\/wp-json\/wp\/v2\/posts\/14794\/revisions\/14799"}],"wp:featuredmedia":[{"embeddable":true,"href":"https:\/\/contextoanalisisperiodistico.com\/index.php\/wp-json\/wp\/v2\/media\/14795"}],"wp:attachment":[{"href":"https:\/\/contextoanalisisperiodistico.com\/index.php\/wp-json\/wp\/v2\/media?parent=14794"}],"wp:term":[{"taxonomy":"category","embeddable":true,"href":"https:\/\/contextoanalisisperiodistico.com\/index.php\/wp-json\/wp\/v2\/categories?post=14794"},{"taxonomy":"post_tag","embeddable":true,"href":"https:\/\/contextoanalisisperiodistico.com\/index.php\/wp-json\/wp\/v2\/tags?post=14794"}],"curies":[{"name":"wp","href":"https:\/\/api.w.org\/{rel}","templated":true}]}}