{"id":14779,"date":"2023-06-13T20:56:53","date_gmt":"2023-06-14T02:56:53","guid":{"rendered":"https:\/\/contextoanalisisperiodistico.com\/?p=14779"},"modified":"2023-06-13T20:57:04","modified_gmt":"2023-06-14T02:57:04","slug":"trabaja-sso-con-autoridades-municipales-de-la-uladi-para-mejorar-la-salud-de-los-pueblos","status":"publish","type":"post","link":"https:\/\/contextoanalisisperiodistico.com\/index.php\/2023\/06\/13\/trabaja-sso-con-autoridades-municipales-de-la-uladi-para-mejorar-la-salud-de-los-pueblos\/","title":{"rendered":"Trabaja SSO con autoridades municipales de la ULADI para mejorar la salud de los pueblos"},"content":{"rendered":"<div id=\"fb-root\"><\/div>\n\n<p>\u2022 Buscan fortalecer la atenci\u00f3n m\u00e9dica en la Sierra de Ju\u00e1rez<\/p>\n\n\n\n<p>\u2022 La titular de los SSO convoc\u00f3 a las autoridades municipales a ser part\u00edcipes de las acciones para cuidar la salud de la poblaci\u00f3n<\/p>\n\n\n\n<p>Oaxaca de Ju\u00e1rez, Oax. 13 de junio de 2023.- Como parte de la pol\u00edtica transversal de la reparaci\u00f3n hist\u00f3rica de los pueblos que impulsa el Gobernador Salom\u00f3n Jara Cruz y con el fin de fortalecer estrategias para mejorar la atenci\u00f3n m\u00e9dica, la secretaria de Salud Alma Lilia Velasco Hern\u00e1ndez se reuni\u00f3 con autoridades municipales de la Uni\u00f3n Liberal de Ayuntamientos del Distrito de Ixtl\u00e1n (ULADI).<\/p>\n\n\n\n<p>En el encuentro que congreg\u00f3 a las y los ediles y regidoras y regidores de salud de 26 municipios de la Sierra de Ju\u00e1rez, la titular de los Servicios de Salud de Oaxaca (SSO) escuch\u00f3 las peticiones y proyectos de las autoridades locales, cumpliendo con el compromiso de ser un gobierno abierto y cercano a la gente.<\/p>\n\n\n\n<p>La secretaria se comprometi\u00f3 a realizar las gestiones necesarias a nivel federal y estatal, conforme a la normatividad, encaminadas a extender la cobertura de servicios de salud que se brindan en el Distrito de Ixtl\u00e1n, as\u00ed como mantener un canal de comunicaci\u00f3n abierto y permanente para lograr concretar beneficios en los rubros de atenci\u00f3n prioritaria.<\/p>\n\n\n\n<p>Velasco Hern\u00e1ndez se\u00f1al\u00f3 que como l\u00edderes de sus pueblos es necesario sumar esfuerzos, hacer sinergia y trabajar en equipo para impulsar acciones y mantener saludables a la ciudadan\u00eda y apostarle a la medicina preventiva. \u201cLas autoridades municipales son fundamentales en la educaci\u00f3n de los entornos saludables, la salud es un trabajo de todos y todas\u201d, destac\u00f3.<\/p>\n\n\n\n<p>Consider\u00f3 importante hacer un ejercicio para priorizar la prevenci\u00f3n de las enfermedades porque \u201cno hay hospitales ni presupuesto que alcance si las personas no aprenden a cuidarse con estilos de vida saludables. Vamos a apostarle a la prevenci\u00f3n\u201d, enfatiz\u00f3.<\/p>\n\n\n\n<p>Por ello, convoc\u00f3 a las autoridades a sumarse a la vigilancia de los servicios que se brindan en las unidades m\u00e9dicas para su buen funcionamiento, a ser part\u00edcipes con los comit\u00e9s de salud de sus comunidades, adem\u00e1s de apoyar al personal de los SSO.<\/p>\n\n\n\n<p>Las metas de la dependencia solo se podr\u00e1n alcanzar si se realizan con la participaci\u00f3n de los cabildos, ponder\u00f3.<\/p>\n\n\n\n<p>Destac\u00f3 que este primer encuentro fue provechoso para todos los municipios de la Sierra de Ju\u00e1rez que tienen m\u00faltiples necesidades, sobre todo en materia de salud.<\/p>\n\n\n\n<p>En sus participaciones las presidentas y presidentes explicaron la situaci\u00f3n particular de sus localidades y agradecieron la presencia de la titular de los SSO por tener la apertura de escucharlos y elaborar una agenda que permita incrementar los beneficios para las familias.<\/p>\n\n\n\n<p>En su oportunidad, el presidente municipal de San Juan Quiotepec y tambi\u00e9n de la mesa directiva de la ULADI, Rafael Vel\u00e1zquez Garc\u00eda, especific\u00f3 que esta uni\u00f3n la integran personas comprometidas en la b\u00fasqueda del bienestar de sus comunidades, quienes, de manera coordinada, suman esfuerzos para contribuir a mejorar los niveles de salud para sus habitantes.<\/p>\n\n\n\n<p>Por ello solicit\u00f3 a Velasco Hern\u00e1ndez la gesti\u00f3n para garantizar el derecho a la salud de las familias de los 26 municipios y terminar con el abandono que impera en esta zona desde d\u00e9cadas atr\u00e1s.<\/p>\n\n\n\n<figure class=\"wp-block-image size-large\"><img fetchpriority=\"high\" decoding=\"async\" width=\"1024\" height=\"576\" src=\"https:\/\/contextoanalisisperiodistico.com\/wp-content\/uploads\/2023\/06\/img-20230613-wa01267296630014761369579-1024x576.jpg\" alt=\"\" class=\"wp-image-14783\" srcset=\"https:\/\/contextoanalisisperiodistico.com\/wp-content\/uploads\/2023\/06\/img-20230613-wa01267296630014761369579-1024x576.jpg 1024w, https:\/\/contextoanalisisperiodistico.com\/wp-content\/uploads\/2023\/06\/img-20230613-wa01267296630014761369579-300x169.jpg 300w, https:\/\/contextoanalisisperiodistico.com\/wp-content\/uploads\/2023\/06\/img-20230613-wa01267296630014761369579-768x432.jpg 768w, https:\/\/contextoanalisisperiodistico.com\/wp-content\/uploads\/2023\/06\/img-20230613-wa01267296630014761369579-1536x864.jpg 1536w, https:\/\/contextoanalisisperiodistico.com\/wp-content\/uploads\/2023\/06\/img-20230613-wa01267296630014761369579.jpg 1600w\" sizes=\"(max-width: 1024px) 100vw, 1024px\" \/><\/figure>\n\n\n\n<figure class=\"wp-block-image\"><img decoding=\"async\" width=\"1024\" height=\"576\" src=\"https:\/\/contextoanalisisperiodistico.com\/wp-content\/uploads\/2023\/06\/img-20230613-wa01298019245049873033765-1024x576.jpg\" alt=\"\" class=\"wp-image-14781\" srcset=\"https:\/\/contextoanalisisperiodistico.com\/wp-content\/uploads\/2023\/06\/img-20230613-wa01298019245049873033765-1024x576.jpg 1024w, https:\/\/contextoanalisisperiodistico.com\/wp-content\/uploads\/2023\/06\/img-20230613-wa01298019245049873033765-300x169.jpg 300w, https:\/\/contextoanalisisperiodistico.com\/wp-content\/uploads\/2023\/06\/img-20230613-wa01298019245049873033765-768x432.jpg 768w, https:\/\/contextoanalisisperiodistico.com\/wp-content\/uploads\/2023\/06\/img-20230613-wa01298019245049873033765-1536x864.jpg 1536w, https:\/\/contextoanalisisperiodistico.com\/wp-content\/uploads\/2023\/06\/img-20230613-wa01298019245049873033765.jpg 1600w\" sizes=\"(max-width: 1024px) 100vw, 1024px\" \/><\/figure>\n\n\n\n<figure class=\"wp-block-image\"><img decoding=\"async\" width=\"1024\" height=\"576\" src=\"https:\/\/contextoanalisisperiodistico.com\/wp-content\/uploads\/2023\/06\/img-20230613-wa01305733897104474951828-1024x576.jpg\" alt=\"\" class=\"wp-image-14782\" srcset=\"https:\/\/contextoanalisisperiodistico.com\/wp-content\/uploads\/2023\/06\/img-20230613-wa01305733897104474951828-1024x576.jpg 1024w, https:\/\/contextoanalisisperiodistico.com\/wp-content\/uploads\/2023\/06\/img-20230613-wa01305733897104474951828-300x169.jpg 300w, https:\/\/contextoanalisisperiodistico.com\/wp-content\/uploads\/2023\/06\/img-20230613-wa01305733897104474951828-768x432.jpg 768w, https:\/\/contextoanalisisperiodistico.com\/wp-content\/uploads\/2023\/06\/img-20230613-wa01305733897104474951828-1536x864.jpg 1536w, https:\/\/contextoanalisisperiodistico.com\/wp-content\/uploads\/2023\/06\/img-20230613-wa01305733897104474951828.jpg 1600w\" sizes=\"(max-width: 1024px) 100vw, 1024px\" \/><\/figure>\n","protected":false},"excerpt":{"rendered":"<p>\u2022 Buscan fortalecer la atenci\u00f3n m\u00e9dica en la Sierra de Ju\u00e1rez \u2022 La titular de&#8230;<\/p>\n","protected":false},"author":4,"featured_media":14780,"comment_status":"closed","ping_status":"open","sticky":false,"template":"","format":"standard","meta":{"footnotes":""},"categories":[92],"tags":[],"jetpack_sharing_enabled":true,"featured_image_urls":{"full":["https:\/\/contextoanalisisperiodistico.com\/wp-content\/uploads\/2023\/06\/IMG-20230613-WA0128.jpg",1600,900,false],"thumbnail":["https:\/\/contextoanalisisperiodistico.com\/wp-content\/uploads\/2023\/06\/IMG-20230613-WA0128-150x150.jpg",150,150,true],"medium":["https:\/\/contextoanalisisperiodistico.com\/wp-content\/uploads\/2023\/06\/IMG-20230613-WA0128-300x169.jpg",300,169,true],"medium_large":["https:\/\/contextoanalisisperiodistico.com\/wp-content\/uploads\/2023\/06\/IMG-20230613-WA0128-768x432.jpg",640,360,true],"large":["https:\/\/contextoanalisisperiodistico.com\/wp-content\/uploads\/2023\/06\/IMG-20230613-WA0128-1024x576.jpg",640,360,true],"1536x1536":["https:\/\/contextoanalisisperiodistico.com\/wp-content\/uploads\/2023\/06\/IMG-20230613-WA0128-1536x864.jpg",1536,864,true],"2048x2048":["https:\/\/contextoanalisisperiodistico.com\/wp-content\/uploads\/2023\/06\/IMG-20230613-WA0128.jpg",1600,900,false],"covernews-slider-full":["https:\/\/contextoanalisisperiodistico.com\/wp-content\/uploads\/2023\/06\/IMG-20230613-WA0128-1115x715.jpg",1115,715,true],"covernews-slider-center":["https:\/\/contextoanalisisperiodistico.com\/wp-content\/uploads\/2023\/06\/IMG-20230613-WA0128-800x500.jpg",800,500,true],"covernews-featured":["https:\/\/contextoanalisisperiodistico.com\/wp-content\/uploads\/2023\/06\/IMG-20230613-WA0128-1024x576.jpg",1024,576,true],"covernews-medium":["https:\/\/contextoanalisisperiodistico.com\/wp-content\/uploads\/2023\/06\/IMG-20230613-WA0128-540x340.jpg",540,340,true],"covernews-medium-square":["https:\/\/contextoanalisisperiodistico.com\/wp-content\/uploads\/2023\/06\/IMG-20230613-WA0128-400x250.jpg",400,250,true]},"author_info":{"display_name":"Mario Gir\u00f3n","author_link":"https:\/\/contextoanalisisperiodistico.com\/index.php\/author\/director\/"},"category_info":"<a href=\"https:\/\/contextoanalisisperiodistico.com\/index.php\/category\/salud\/\" rel=\"category tag\">Salud<\/a>","tag_info":"Salud","comment_count":"0","jetpack_featured_media_url":"https:\/\/contextoanalisisperiodistico.com\/wp-content\/uploads\/2023\/06\/IMG-20230613-WA0128.jpg","_links":{"self":[{"href":"https:\/\/contextoanalisisperiodistico.com\/index.php\/wp-json\/wp\/v2\/posts\/14779"}],"collection":[{"href":"https:\/\/contextoanalisisperiodistico.com\/index.php\/wp-json\/wp\/v2\/posts"}],"about":[{"href":"https:\/\/contextoanalisisperiodistico.com\/index.php\/wp-json\/wp\/v2\/types\/post"}],"author":[{"embeddable":true,"href":"https:\/\/contextoanalisisperiodistico.com\/index.php\/wp-json\/wp\/v2\/users\/4"}],"replies":[{"embeddable":true,"href":"https:\/\/contextoanalisisperiodistico.com\/index.php\/wp-json\/wp\/v2\/comments?post=14779"}],"version-history":[{"count":1,"href":"https:\/\/contextoanalisisperiodistico.com\/index.php\/wp-json\/wp\/v2\/posts\/14779\/revisions"}],"predecessor-version":[{"id":14784,"href":"https:\/\/contextoanalisisperiodistico.com\/index.php\/wp-json\/wp\/v2\/posts\/14779\/revisions\/14784"}],"wp:featuredmedia":[{"embeddable":true,"href":"https:\/\/contextoanalisisperiodistico.com\/index.php\/wp-json\/wp\/v2\/media\/14780"}],"wp:attachment":[{"href":"https:\/\/contextoanalisisperiodistico.com\/index.php\/wp-json\/wp\/v2\/media?parent=14779"}],"wp:term":[{"taxonomy":"category","embeddable":true,"href":"https:\/\/contextoanalisisperiodistico.com\/index.php\/wp-json\/wp\/v2\/categories?post=14779"},{"taxonomy":"post_tag","embeddable":true,"href":"https:\/\/contextoanalisisperiodistico.com\/index.php\/wp-json\/wp\/v2\/tags?post=14779"}],"curies":[{"name":"wp","href":"https:\/\/api.w.org\/{rel}","templated":true}]}}