{"id":14606,"date":"2023-06-09T22:14:44","date_gmt":"2023-06-10T04:14:44","guid":{"rendered":"https:\/\/contextoanalisisperiodistico.com\/?p=14606"},"modified":"2023-06-09T22:16:03","modified_gmt":"2023-06-10T04:16:03","slug":"recorre-salomon-jara-municipios-de-atencion-prioritaria-para-abatir-la-marginacion-e-impulsar-el-desarrollo","status":"publish","type":"post","link":"https:\/\/contextoanalisisperiodistico.com\/index.php\/2023\/06\/09\/recorre-salomon-jara-municipios-de-atencion-prioritaria-para-abatir-la-marginacion-e-impulsar-el-desarrollo\/","title":{"rendered":"<em>Recorre Salom\u00f3n Jara municipios de atenci\u00f3n prioritaria para abatir  marginaci\u00f3n e impulsar  desarrollo<\/em>"},"content":{"rendered":"<div id=\"fb-root\"><\/div>\n\n<p>\u2022 El Mandatario oaxaque\u00f1o anunci\u00f3 acciones y programas por m\u00e1s de cinco millones de pesos en San Miguel Quetzaltepec<\/p>\n\n\n\n<p>\u2022 En San Pedro Ocotepec aplicar\u00e1n inversiones por m\u00e1s de seis millones de pesos en materia de salud, educaci\u00f3n, alimentaci\u00f3n, vivienda y producci\u00f3n, entre otros, para apoyar el desarrollo de las familias<\/p>\n\n\n\n<p>Sierra de Ju\u00e1rez, Oax. 9 de junio de 2023.- El Gobernador de Oaxaca Salom\u00f3n Jara Cruz acudi\u00f3 a San Miguel Quetzaltepec y San Pedro Ocotepec para agradecer el apoyo y voto de confianza que recibi\u00f3 de las y los pobladores del Distrito Mixe hace un a\u00f1o, y recalc\u00f3 que el amor con amor se paga, por lo que anunci\u00f3 apoyos por m\u00e1s de 12 millones de pesos para vivienda, salud, educaci\u00f3n, alimentaci\u00f3n y seguridad, entre otros para estos municipios.<\/p>\n\n\n\n<p>En San Miguel Quetzaltepec, ante el presidente municipal Pedro S\u00e1nchez Rojas, secretarias, secretarios y funcionariado, destac\u00f3 que Oaxaca necesita del trabajo y la suma de esfuerzos de las autoridades municipales y el Gobierno estatal para revertir las condiciones de marginaci\u00f3n de los pueblos mixes.<\/p>\n\n\n\n<p>Luego de que el edil agradeci\u00f3 la visita del Mandatario a esta localidad en la que desde hace mucho tiempo ninguno hab\u00eda visitado, Salom\u00f3n Jara se\u00f1al\u00f3 que los municipios no est\u00e1n solos porque su administraci\u00f3n es un gobierno del pueblo para el pueblo, trabajador, honrado, humilde y honesto.<\/p>\n\n\n\n<p>San Miguel Quetzaltepec ocupa el lugar 86 a nivel nacional en marginaci\u00f3n municipal y el 56 en Oaxaca, por lo que este gobierno no abandonar\u00e1 a los 100 municipios prioritarios que concentran los \u00edndices m\u00e1s bajos de desarrollo y que ser\u00e1n atendidos mediante la Estrategia de Atenci\u00f3n a Municipios Territorios Bienestar, estableci\u00f3.<\/p>\n\n\n\n<p>Por ello, dijo, se atender\u00e1 el centro de salud y abasto de medicamentos durante todo el a\u00f1o con recursos por 703 mil 293 pesos. Tambi\u00e9n anunci\u00f3 la entrega de una ambulancia nueva.<\/p>\n\n\n\n<p>En tanto que a trav\u00e9s del Instituto Oaxaque\u00f1o Constructor de Infraestructura Educativa (Iocied) canalizar\u00e1 156 mil 452 pesos para las escuelas de los niveles b\u00e1sicos; mientras que el Instituto Estatal de Educaci\u00f3n P\u00fablica de Oaxaca (IEEPO) aplicar\u00e1 recursos por 72 mil 827 pesos para equipamiento de escuelas de educaci\u00f3n b\u00e1sica ind\u00edgena.<\/p>\n\n\n\n<p>El Sistema para el Desarrollo Integral de la Familia de Oaxaca (DIF Oaxaca) atender\u00e1 seis comedores comunitarios con recursos por 917 mil 972 pesos durante todo el a\u00f1o.<\/p>\n\n\n\n<p>Asimismo, la Secretar\u00eda de Fomento Agroalimentario y Desarrollo Rural (Sefader) canalizar\u00e1 un mill\u00f3n de pesos para apoyar a las familias productoras de ma\u00edz, frijol, hortalizas y aves de traspatio, adem\u00e1s de apoyos a productores de caf\u00e9, ya que este municipio es el que cuenta con el mayor n\u00famero de productores de este arom\u00e1tico en el pa\u00eds.<\/p>\n\n\n\n<p>En materia de vivienda se apoyar\u00e1 a las familias con acciones de piso firme con recursos por dos millones de pesos.<\/p>\n\n\n\n<p>Jara Cruz tambi\u00e9n instruy\u00f3 para que mediante la tarjeta Margarita Maza se apoye a 40 jefas de familia con recursos por 500 mil pesos.<\/p>\n\n\n\n<p>En materia de seguridad se entreg\u00f3 un vale para la capacitaci\u00f3n de los polic\u00edas municipales.<\/p>\n\n\n\n<p><em>Por primera vez llega un gobernador a San Pedro Ocotepec<\/em><\/p>\n\n\n\n<p>Posteriormente, el Mandatario de origen zapoteca convoc\u00f3 a las y los habitantes de San Pedro Ocotepec a superar los conflictos entre pueblos mixes, \u201csomos ind\u00edgenas, somos hermanos y necesitamos apoyarnos para superar la pobreza\u201d<\/p>\n\n\n\n<p>El presidente municipal Marcelino P\u00e9rez Nicol\u00e1s agradeci\u00f3 que por primera vez en la historia los visitara un Gobernador y expuso las condiciones dif\u00edciles en que vive su pueblo por un conflicto agrario con sus vecinos, por lo que pidi\u00f3 el apoyo para atender esta situaci\u00f3n.<\/p>\n\n\n\n<p>En respuesta, el Gobernador Salom\u00f3n Jara se\u00f1al\u00f3 que se atender\u00e1 este conflicto y pidi\u00f3 superar las diferencias, porque sin paz no hay progreso ni desarrollo social, dijo.<\/p>\n\n\n\n<p>Abund\u00f3 que los conflictos en los pueblos son tambi\u00e9n resultado del abandono y el olvido en que los gobiernos anteriores los dejaron, y que nunca recibieron atenci\u00f3n de los gobernadores ni secretarios.<\/p>\n\n\n\n<p>De esta manera, ante las y los pobladores record\u00f3 que ha visitado este municipio en tres ocasiones, siendo la primera en 2009 con el actual Presidente de M\u00e9xico Andr\u00e9s Manuel L\u00f3pez Obrador, por lo que su gobierno no olvidar\u00e1 a los municipios que necesitan de mayor apoyo para superar las condiciones de marginaci\u00f3n.<\/p>\n\n\n\n<p>Ante la ciudadan\u00eda de este municipio mixe se inform\u00f3 que se canalizar\u00e1n m\u00e1s de seis millones de pesos en apoyos en diversos rubros, destacando la inversi\u00f3n de un mill\u00f3n 534 mil 92 pesos para la puesta en operaci\u00f3n de dos centros de salud abandonados por el conflicto, con lo que se permitir\u00e1 contar con personal m\u00e9dico y medicamentos. El Mandatario dio indicaciones para que se entregue tambi\u00e9n una ambulancia nueva.<\/p>\n\n\n\n<p>El IEEPO canalizar\u00e1 materiales y equipo por 383 mil 892 pesos a diversas escuelas de educaci\u00f3n b\u00e1sica e ind\u00edgena.<\/p>\n\n\n\n<p>Jara Cruz instruy\u00f3 para que se canalicen recursos por dos millones de pesos en acciones de vivienda con pisos firmes o biodigestores, mientras que para la producci\u00f3n alimentaria se apoyar\u00e1n a 100 familias productoras y adicionalmente se desarrollar\u00e1n acciones de reforestaci\u00f3n ya que este municipio sufri\u00f3 la afectaci\u00f3n de cinco mil hect\u00e1reas por un incendio.<\/p>\n\n\n\n<p>A trav\u00e9s del DIF Oaxaca se atender\u00e1 a la poblaci\u00f3n de las cinco comunidades en las que cuentan con cocinas comunitarias; adem\u00e1s de aparatos de movilidad y auditivos. En seguridad se capacitar\u00e1 a los polic\u00edas municipales mediante el programa de Topiles por la Paz.<\/p>\n\n\n\n<p>San Pedro Ocotepec ocupa el lugar 198 de marginaci\u00f3n a nivel nacional y el 125 a nivel estatal, por lo que el primer Gobernador en la historia en llegar a esta localidad se comprometi\u00f3 a venir cada a\u00f1o de su mandato para apoyar a las familias y ayudarlas a salir de esta condici\u00f3n.<\/p>\n\n\n\n<p>En este municipio ind\u00edgena enclavado en el macizo monta\u00f1oso de la Sierra de Ju\u00e1rez, entre bosques, neblina y caminos serpenteantes, Salom\u00f3n Jara Cruz escuch\u00f3 la voz de los hermanos mixes quienes durante muchos a\u00f1os estuvieron olvidados y marginados. En estas monta\u00f1as mixes florece la Primavera Oaxaque\u00f1a.<\/p>\n\n\n\n<figure class=\"wp-block-image size-large\"><img fetchpriority=\"high\" decoding=\"async\" width=\"950\" height=\"633\" src=\"https:\/\/contextoanalisisperiodistico.com\/wp-content\/uploads\/2023\/06\/img-20230609-wa01391499478239852207351.jpg\" alt=\"\" class=\"wp-image-14608\" srcset=\"https:\/\/contextoanalisisperiodistico.com\/wp-content\/uploads\/2023\/06\/img-20230609-wa01391499478239852207351.jpg 950w, https:\/\/contextoanalisisperiodistico.com\/wp-content\/uploads\/2023\/06\/img-20230609-wa01391499478239852207351-300x200.jpg 300w, https:\/\/contextoanalisisperiodistico.com\/wp-content\/uploads\/2023\/06\/img-20230609-wa01391499478239852207351-768x512.jpg 768w\" sizes=\"(max-width: 950px) 100vw, 950px\" \/><\/figure>\n\n\n\n<figure class=\"wp-block-image\"><img decoding=\"async\" width=\"300\" height=\"200\" src=\"https:\/\/contextoanalisisperiodistico.com\/wp-content\/uploads\/2023\/06\/img-20230609-wa01345239052164033792571-300x200.jpg\" alt=\"\" class=\"wp-image-14610\" srcset=\"https:\/\/contextoanalisisperiodistico.com\/wp-content\/uploads\/2023\/06\/img-20230609-wa01345239052164033792571-300x200.jpg 300w, https:\/\/contextoanalisisperiodistico.com\/wp-content\/uploads\/2023\/06\/img-20230609-wa01345239052164033792571-768x512.jpg 768w, https:\/\/contextoanalisisperiodistico.com\/wp-content\/uploads\/2023\/06\/img-20230609-wa01345239052164033792571.jpg 950w\" sizes=\"(max-width: 300px) 100vw, 300px\" \/><\/figure>\n\n\n\n<figure class=\"wp-block-image\"><img decoding=\"async\" width=\"300\" height=\"200\" src=\"https:\/\/contextoanalisisperiodistico.com\/wp-content\/uploads\/2023\/06\/img-20230609-wa01331762085709322525731-300x200.jpg\" alt=\"\" class=\"wp-image-14609\" srcset=\"https:\/\/contextoanalisisperiodistico.com\/wp-content\/uploads\/2023\/06\/img-20230609-wa01331762085709322525731-300x200.jpg 300w, https:\/\/contextoanalisisperiodistico.com\/wp-content\/uploads\/2023\/06\/img-20230609-wa01331762085709322525731-768x512.jpg 768w, https:\/\/contextoanalisisperiodistico.com\/wp-content\/uploads\/2023\/06\/img-20230609-wa01331762085709322525731.jpg 950w\" sizes=\"(max-width: 300px) 100vw, 300px\" \/><\/figure>\n\n\n\n<figure class=\"wp-block-image\"><img loading=\"lazy\" decoding=\"async\" width=\"300\" height=\"200\" src=\"https:\/\/contextoanalisisperiodistico.com\/wp-content\/uploads\/2023\/06\/img-20230609-wa01376328429249092608122-300x200.jpg\" alt=\"\" class=\"wp-image-14611\" srcset=\"https:\/\/contextoanalisisperiodistico.com\/wp-content\/uploads\/2023\/06\/img-20230609-wa01376328429249092608122-300x200.jpg 300w, https:\/\/contextoanalisisperiodistico.com\/wp-content\/uploads\/2023\/06\/img-20230609-wa01376328429249092608122-768x512.jpg 768w, https:\/\/contextoanalisisperiodistico.com\/wp-content\/uploads\/2023\/06\/img-20230609-wa01376328429249092608122.jpg 950w\" sizes=\"(max-width: 300px) 100vw, 300px\" \/><\/figure>\n\n\n\n<figure class=\"wp-block-image\"><img loading=\"lazy\" decoding=\"async\" width=\"300\" height=\"180\" src=\"https:\/\/contextoanalisisperiodistico.com\/wp-content\/uploads\/2023\/06\/img-20230609-wa01411721519682921942732-300x180.jpg\" alt=\"\" class=\"wp-image-14612\" srcset=\"https:\/\/contextoanalisisperiodistico.com\/wp-content\/uploads\/2023\/06\/img-20230609-wa01411721519682921942732-300x180.jpg 300w, https:\/\/contextoanalisisperiodistico.com\/wp-content\/uploads\/2023\/06\/img-20230609-wa01411721519682921942732-768x460.jpg 768w, https:\/\/contextoanalisisperiodistico.com\/wp-content\/uploads\/2023\/06\/img-20230609-wa01411721519682921942732.jpg 950w\" sizes=\"(max-width: 300px) 100vw, 300px\" \/><\/figure>\n\n\n\n<figure class=\"wp-block-image\"><img loading=\"lazy\" decoding=\"async\" width=\"300\" height=\"200\" src=\"https:\/\/contextoanalisisperiodistico.com\/wp-content\/uploads\/2023\/06\/img-20230609-wa01424508963380533549334-300x200.jpg\" alt=\"\" class=\"wp-image-14613\" srcset=\"https:\/\/contextoanalisisperiodistico.com\/wp-content\/uploads\/2023\/06\/img-20230609-wa01424508963380533549334-300x200.jpg 300w, https:\/\/contextoanalisisperiodistico.com\/wp-content\/uploads\/2023\/06\/img-20230609-wa01424508963380533549334-768x512.jpg 768w, https:\/\/contextoanalisisperiodistico.com\/wp-content\/uploads\/2023\/06\/img-20230609-wa01424508963380533549334.jpg 950w\" sizes=\"(max-width: 300px) 100vw, 300px\" \/><\/figure>\n","protected":false},"excerpt":{"rendered":"<p>\u2022 El Mandatario oaxaque\u00f1o anunci\u00f3 acciones y programas por m\u00e1s de cinco millones de pesos&#8230;<\/p>\n","protected":false},"author":4,"featured_media":14607,"comment_status":"closed","ping_status":"open","sticky":false,"template":"","format":"standard","meta":{"footnotes":""},"categories":[9],"tags":[],"jetpack_sharing_enabled":true,"featured_image_urls":{"full":["https:\/\/contextoanalisisperiodistico.com\/wp-content\/uploads\/2023\/06\/IMG-20230609-WA0138.jpg",950,633,false],"thumbnail":["https:\/\/contextoanalisisperiodistico.com\/wp-content\/uploads\/2023\/06\/IMG-20230609-WA0138-150x150.jpg",150,150,true],"medium":["https:\/\/contextoanalisisperiodistico.com\/wp-content\/uploads\/2023\/06\/IMG-20230609-WA0138-300x200.jpg",300,200,true],"medium_large":["https:\/\/contextoanalisisperiodistico.com\/wp-content\/uploads\/2023\/06\/IMG-20230609-WA0138-768x512.jpg",640,427,true],"large":["https:\/\/contextoanalisisperiodistico.com\/wp-content\/uploads\/2023\/06\/IMG-20230609-WA0138.jpg",640,426,false],"1536x1536":["https:\/\/contextoanalisisperiodistico.com\/wp-content\/uploads\/2023\/06\/IMG-20230609-WA0138.jpg",950,633,false],"2048x2048":["https:\/\/contextoanalisisperiodistico.com\/wp-content\/uploads\/2023\/06\/IMG-20230609-WA0138.jpg",950,633,false],"covernews-slider-full":["https:\/\/contextoanalisisperiodistico.com\/wp-content\/uploads\/2023\/06\/IMG-20230609-WA0138.jpg",950,633,false],"covernews-slider-center":["https:\/\/contextoanalisisperiodistico.com\/wp-content\/uploads\/2023\/06\/IMG-20230609-WA0138-800x500.jpg",800,500,true],"covernews-featured":["https:\/\/contextoanalisisperiodistico.com\/wp-content\/uploads\/2023\/06\/IMG-20230609-WA0138.jpg",950,633,false],"covernews-medium":["https:\/\/contextoanalisisperiodistico.com\/wp-content\/uploads\/2023\/06\/IMG-20230609-WA0138-540x340.jpg",540,340,true],"covernews-medium-square":["https:\/\/contextoanalisisperiodistico.com\/wp-content\/uploads\/2023\/06\/IMG-20230609-WA0138-400x250.jpg",400,250,true]},"author_info":{"display_name":"Mario Gir\u00f3n","author_link":"https:\/\/contextoanalisisperiodistico.com\/index.php\/author\/director\/"},"category_info":"<a href=\"https:\/\/contextoanalisisperiodistico.com\/index.php\/category\/politica\/\" rel=\"category tag\">Pol\u00edtica<\/a>","tag_info":"Pol\u00edtica","comment_count":"0","jetpack_featured_media_url":"https:\/\/contextoanalisisperiodistico.com\/wp-content\/uploads\/2023\/06\/IMG-20230609-WA0138.jpg","_links":{"self":[{"href":"https:\/\/contextoanalisisperiodistico.com\/index.php\/wp-json\/wp\/v2\/posts\/14606"}],"collection":[{"href":"https:\/\/contextoanalisisperiodistico.com\/index.php\/wp-json\/wp\/v2\/posts"}],"about":[{"href":"https:\/\/contextoanalisisperiodistico.com\/index.php\/wp-json\/wp\/v2\/types\/post"}],"author":[{"embeddable":true,"href":"https:\/\/contextoanalisisperiodistico.com\/index.php\/wp-json\/wp\/v2\/users\/4"}],"replies":[{"embeddable":true,"href":"https:\/\/contextoanalisisperiodistico.com\/index.php\/wp-json\/wp\/v2\/comments?post=14606"}],"version-history":[{"count":2,"href":"https:\/\/contextoanalisisperiodistico.com\/index.php\/wp-json\/wp\/v2\/posts\/14606\/revisions"}],"predecessor-version":[{"id":14615,"href":"https:\/\/contextoanalisisperiodistico.com\/index.php\/wp-json\/wp\/v2\/posts\/14606\/revisions\/14615"}],"wp:featuredmedia":[{"embeddable":true,"href":"https:\/\/contextoanalisisperiodistico.com\/index.php\/wp-json\/wp\/v2\/media\/14607"}],"wp:attachment":[{"href":"https:\/\/contextoanalisisperiodistico.com\/index.php\/wp-json\/wp\/v2\/media?parent=14606"}],"wp:term":[{"taxonomy":"category","embeddable":true,"href":"https:\/\/contextoanalisisperiodistico.com\/index.php\/wp-json\/wp\/v2\/categories?post=14606"},{"taxonomy":"post_tag","embeddable":true,"href":"https:\/\/contextoanalisisperiodistico.com\/index.php\/wp-json\/wp\/v2\/tags?post=14606"}],"curies":[{"name":"wp","href":"https:\/\/api.w.org\/{rel}","templated":true}]}}