{"id":14600,"date":"2023-06-09T20:06:36","date_gmt":"2023-06-10T02:06:36","guid":{"rendered":"https:\/\/contextoanalisisperiodistico.com\/?p=14600"},"modified":"2023-06-09T20:06:48","modified_gmt":"2023-06-10T02:06:48","slug":"territorios-bienestar-representan-una-esperanza-para-las-comunidades-nino-morales","status":"publish","type":"post","link":"https:\/\/contextoanalisisperiodistico.com\/index.php\/2023\/06\/09\/territorios-bienestar-representan-una-esperanza-para-las-comunidades-nino-morales\/","title":{"rendered":"<em>Territorios Bienestar representan una esperanza para las comunidades: Nino Morales<\/em>"},"content":{"rendered":"<div id=\"fb-root\"><\/div>\n\n<ul>\n<li>Visita Secretario de Administraci\u00f3n municipios de atenci\u00f3n prioritaria en la Sierra Norte<\/li>\n<\/ul>\n\n\n\n<p>\u2022Los Territorios Bienestar son una respuesta a las demandas y contribuyen a la reparaci\u00f3n hist\u00f3rica con los pueblos originarios, dijo<\/p>\n\n\n\n<p>San Lucas Camotl\u00e1n, Oax.- El Secretario de Administraci\u00f3n, Antonino Morales Toledo, asegur\u00f3 que la Estrategia de Atenci\u00f3n a Municipios Territorios Bienestar representa una esperanza para las comunidades que durante d\u00e9cadas vivieron en el olvido por los gobiernos anteriores.<\/p>\n\n\n\n<p>Acompa\u00f1ando al Gobernador Salom\u00f3n Jara Cruz a los 100 municipios con mayor \u00edndice de rezago y marginaci\u00f3n en el estado, el encargado de la pol\u00edtica administrativa estatal indic\u00f3 que las acciones implementadas en la estrategia contribuyen a saldar la deuda hist\u00f3rica en las comunidades.<\/p>\n\n\n\n<p>\u00abHay familias y comunidades que fueron completamente olvidadas por los gobiernos anteriores, pero la administraci\u00f3n que encabeza nuestro gobernador implement\u00f3 esta Estrategia (100 municipios territorios bienestar) como un acto de justicia social con el prop\u00f3sito de saldar la deuda hist\u00f3rica con nuestras comunidades\u00bb, se\u00f1al\u00f3 Morales Toledo.<\/p>\n\n\n\n<p>Durante el recorrido estuvieron presentes los presidentes municipales, Pablo Jim\u00e9nez de San Lucas Camotl\u00e1n; Pedro S\u00e1nchez Rojas de San Miguel Quetzaltepec; Marcelino P\u00e9rez Nicol\u00e1s de San Pedro Ocotepec y Mauro Mart\u00ednez Garc\u00eda de Santo Domingo Tepuxtepec.<\/p>\n\n\n\n<p>Con estas acciones se da respuesta en materia educativa, de infraestructura social, de vivienda, de programas sociales, seguridad p\u00fablica y de salud.<\/p>\n\n\n\n<figure class=\"wp-block-image size-large\"><img fetchpriority=\"high\" decoding=\"async\" width=\"1024\" height=\"576\" src=\"https:\/\/contextoanalisisperiodistico.com\/wp-content\/uploads\/2023\/06\/img-20230609-wa01111498199250528243262-1024x576.jpg\" alt=\"\" class=\"wp-image-14602\" srcset=\"https:\/\/contextoanalisisperiodistico.com\/wp-content\/uploads\/2023\/06\/img-20230609-wa01111498199250528243262-1024x576.jpg 1024w, https:\/\/contextoanalisisperiodistico.com\/wp-content\/uploads\/2023\/06\/img-20230609-wa01111498199250528243262-300x169.jpg 300w, https:\/\/contextoanalisisperiodistico.com\/wp-content\/uploads\/2023\/06\/img-20230609-wa01111498199250528243262-768x432.jpg 768w, https:\/\/contextoanalisisperiodistico.com\/wp-content\/uploads\/2023\/06\/img-20230609-wa01111498199250528243262.jpg 1280w\" sizes=\"(max-width: 1024px) 100vw, 1024px\" \/><\/figure>\n\n\n\n<figure class=\"wp-block-image\"><img decoding=\"async\" width=\"1024\" height=\"682\" src=\"https:\/\/contextoanalisisperiodistico.com\/wp-content\/uploads\/2023\/06\/img-20230609-wa01124734971576144146827-1024x682.jpg\" alt=\"\" class=\"wp-image-14603\" srcset=\"https:\/\/contextoanalisisperiodistico.com\/wp-content\/uploads\/2023\/06\/img-20230609-wa01124734971576144146827-1024x682.jpg 1024w, https:\/\/contextoanalisisperiodistico.com\/wp-content\/uploads\/2023\/06\/img-20230609-wa01124734971576144146827-300x200.jpg 300w, https:\/\/contextoanalisisperiodistico.com\/wp-content\/uploads\/2023\/06\/img-20230609-wa01124734971576144146827-768x512.jpg 768w, https:\/\/contextoanalisisperiodistico.com\/wp-content\/uploads\/2023\/06\/img-20230609-wa01124734971576144146827.jpg 1280w\" sizes=\"(max-width: 1024px) 100vw, 1024px\" \/><\/figure>\n\n\n\n<figure class=\"wp-block-image\"><img decoding=\"async\" width=\"1024\" height=\"682\" src=\"https:\/\/contextoanalisisperiodistico.com\/wp-content\/uploads\/2023\/06\/img-20230609-wa01141147745626594450963-1024x682.jpg\" alt=\"\" class=\"wp-image-14604\" srcset=\"https:\/\/contextoanalisisperiodistico.com\/wp-content\/uploads\/2023\/06\/img-20230609-wa01141147745626594450963-1024x682.jpg 1024w, https:\/\/contextoanalisisperiodistico.com\/wp-content\/uploads\/2023\/06\/img-20230609-wa01141147745626594450963-300x200.jpg 300w, https:\/\/contextoanalisisperiodistico.com\/wp-content\/uploads\/2023\/06\/img-20230609-wa01141147745626594450963-768x512.jpg 768w, https:\/\/contextoanalisisperiodistico.com\/wp-content\/uploads\/2023\/06\/img-20230609-wa01141147745626594450963.jpg 1280w\" sizes=\"(max-width: 1024px) 100vw, 1024px\" \/><\/figure>\n","protected":false},"excerpt":{"rendered":"<p>\u2022Los Territorios Bienestar son una respuesta a las demandas y contribuyen a la reparaci\u00f3n hist\u00f3rica&#8230;<\/p>\n","protected":false},"author":4,"featured_media":14601,"comment_status":"closed","ping_status":"open","sticky":false,"template":"","format":"standard","meta":{"footnotes":""},"categories":[9],"tags":[],"jetpack_sharing_enabled":true,"featured_image_urls":{"full":["https:\/\/contextoanalisisperiodistico.com\/wp-content\/uploads\/2023\/06\/IMG-20230609-WA0113.jpg",1280,853,false],"thumbnail":["https:\/\/contextoanalisisperiodistico.com\/wp-content\/uploads\/2023\/06\/IMG-20230609-WA0113-150x150.jpg",150,150,true],"medium":["https:\/\/contextoanalisisperiodistico.com\/wp-content\/uploads\/2023\/06\/IMG-20230609-WA0113-300x200.jpg",300,200,true],"medium_large":["https:\/\/contextoanalisisperiodistico.com\/wp-content\/uploads\/2023\/06\/IMG-20230609-WA0113-768x512.jpg",640,427,true],"large":["https:\/\/contextoanalisisperiodistico.com\/wp-content\/uploads\/2023\/06\/IMG-20230609-WA0113-1024x682.jpg",640,426,true],"1536x1536":["https:\/\/contextoanalisisperiodistico.com\/wp-content\/uploads\/2023\/06\/IMG-20230609-WA0113.jpg",1280,853,false],"2048x2048":["https:\/\/contextoanalisisperiodistico.com\/wp-content\/uploads\/2023\/06\/IMG-20230609-WA0113.jpg",1280,853,false],"covernews-slider-full":["https:\/\/contextoanalisisperiodistico.com\/wp-content\/uploads\/2023\/06\/IMG-20230609-WA0113-1115x715.jpg",1115,715,true],"covernews-slider-center":["https:\/\/contextoanalisisperiodistico.com\/wp-content\/uploads\/2023\/06\/IMG-20230609-WA0113-800x500.jpg",800,500,true],"covernews-featured":["https:\/\/contextoanalisisperiodistico.com\/wp-content\/uploads\/2023\/06\/IMG-20230609-WA0113-1024x682.jpg",1024,682,true],"covernews-medium":["https:\/\/contextoanalisisperiodistico.com\/wp-content\/uploads\/2023\/06\/IMG-20230609-WA0113-540x340.jpg",540,340,true],"covernews-medium-square":["https:\/\/contextoanalisisperiodistico.com\/wp-content\/uploads\/2023\/06\/IMG-20230609-WA0113-400x250.jpg",400,250,true]},"author_info":{"display_name":"Mario Gir\u00f3n","author_link":"https:\/\/contextoanalisisperiodistico.com\/index.php\/author\/director\/"},"category_info":"<a href=\"https:\/\/contextoanalisisperiodistico.com\/index.php\/category\/politica\/\" rel=\"category tag\">Pol\u00edtica<\/a>","tag_info":"Pol\u00edtica","comment_count":"0","jetpack_featured_media_url":"https:\/\/contextoanalisisperiodistico.com\/wp-content\/uploads\/2023\/06\/IMG-20230609-WA0113.jpg","_links":{"self":[{"href":"https:\/\/contextoanalisisperiodistico.com\/index.php\/wp-json\/wp\/v2\/posts\/14600"}],"collection":[{"href":"https:\/\/contextoanalisisperiodistico.com\/index.php\/wp-json\/wp\/v2\/posts"}],"about":[{"href":"https:\/\/contextoanalisisperiodistico.com\/index.php\/wp-json\/wp\/v2\/types\/post"}],"author":[{"embeddable":true,"href":"https:\/\/contextoanalisisperiodistico.com\/index.php\/wp-json\/wp\/v2\/users\/4"}],"replies":[{"embeddable":true,"href":"https:\/\/contextoanalisisperiodistico.com\/index.php\/wp-json\/wp\/v2\/comments?post=14600"}],"version-history":[{"count":1,"href":"https:\/\/contextoanalisisperiodistico.com\/index.php\/wp-json\/wp\/v2\/posts\/14600\/revisions"}],"predecessor-version":[{"id":14605,"href":"https:\/\/contextoanalisisperiodistico.com\/index.php\/wp-json\/wp\/v2\/posts\/14600\/revisions\/14605"}],"wp:featuredmedia":[{"embeddable":true,"href":"https:\/\/contextoanalisisperiodistico.com\/index.php\/wp-json\/wp\/v2\/media\/14601"}],"wp:attachment":[{"href":"https:\/\/contextoanalisisperiodistico.com\/index.php\/wp-json\/wp\/v2\/media?parent=14600"}],"wp:term":[{"taxonomy":"category","embeddable":true,"href":"https:\/\/contextoanalisisperiodistico.com\/index.php\/wp-json\/wp\/v2\/categories?post=14600"},{"taxonomy":"post_tag","embeddable":true,"href":"https:\/\/contextoanalisisperiodistico.com\/index.php\/wp-json\/wp\/v2\/tags?post=14600"}],"curies":[{"name":"wp","href":"https:\/\/api.w.org\/{rel}","templated":true}]}}