{"id":14590,"date":"2023-06-09T19:56:45","date_gmt":"2023-06-10T01:56:45","guid":{"rendered":"https:\/\/contextoanalisisperiodistico.com\/?p=14590"},"modified":"2023-06-09T19:56:56","modified_gmt":"2023-06-10T01:56:56","slug":"vamos-a-sacar-a-san-lucas-camotlan-del-abandono-y-la-marginacion-salomon-jara-cruz","status":"publish","type":"post","link":"https:\/\/contextoanalisisperiodistico.com\/index.php\/2023\/06\/09\/vamos-a-sacar-a-san-lucas-camotlan-del-abandono-y-la-marginacion-salomon-jara-cruz\/","title":{"rendered":"<em>Vamos a sacar a San Lucas Camotl\u00e1n del abandono y la marginaci\u00f3n: Salom\u00f3n Jara Cruz<\/em>"},"content":{"rendered":"<div id=\"fb-root\"><\/div>\n\n<p>\u2022 El Gobernador de Oaxaca anunci\u00f3 una inversi\u00f3n superior a los seis millones de pesos de la Estrategia de Atenci\u00f3n a Municipios Territorios Bienestar<\/p>\n\n\n\n<p>San Lucas Camotl\u00e1n, Oax. 9 de junio de 2023.- En este municipio que ocupa el s\u00e9ptimo lugar a nivel nacional con los menores niveles de desarrollo social y el cuarto en el estado, el Gobernador Salom\u00f3n Jara Cruz anunci\u00f3 acciones y programas de salud, educaci\u00f3n, vivienda, alimentaci\u00f3n, entre otros, por m\u00e1s de seis millones de pesos en beneficio de la poblaci\u00f3n ind\u00edgena mixe.<\/p>\n\n\n\n<p>En este municipio del Distrito Mixe de la regi\u00f3n de la Sierra de Ju\u00e1rez, a m\u00e1s de cuatro horas de la capital del estado, al que se llega por carretera entre monta\u00f1as, densos bosques y neblina, Jara Cruz agradeci\u00f3 el apoyo de las y los pobladores quienes le dieron el respaldo hace un a\u00f1o.<\/p>\n\n\n\n<p>Ahora, dijo, \u00abnosotros los vamos a apoyar y a trabajar para que dejen de ocupar los \u00faltimos lugares de desarrollo\u00bb porque este gobierno es del pueblo, humilde y cercano a la gente \u00abqueremos que ya no existan pueblos pobres, que fueron abandonados por otros gobiernos\u00bb.<\/p>\n\n\n\n<p>En presencia del presidente municipal Pablo Jim\u00e9nez, secretarias, secretarios y directoras y directores del gabinete y el diputado Pablo D\u00edaz Jim\u00e9nez, el Mandatario los convoc\u00f3 a trabajar unidos para sumar esfuerzos y de manera coordinada enfrentar los graves rezagos sociales que sufre la poblaci\u00f3n de este lugar.<\/p>\n\n\n\n<p>En el encuentro con la ciudadan\u00eda, enmarcado en la Estrategia de Atenci\u00f3n a Municipios Territorios Bienestar, las participaciones del Gobernador y las y los servidores p\u00fablicos se tradujeron al mixe, lengua materna de este municipio.<\/p>\n\n\n\n<p>Jara Cruz record\u00f3 que en 2009 lleg\u00f3 a este lugar con el actual Presidente de M\u00e9xico Andr\u00e9s Manuel L\u00f3pez Obrador, quien se comprometi\u00f3 a pavimentar el camino a la cabecera municipal cuando ganara su movimiento y cumpli\u00f3 su palabra.<\/p>\n\n\n\n<p>Se\u00f1al\u00f3 que siguiendo este ejemplo, como Gobernador de Oaxaca tambi\u00e9n cumplir\u00e1 su compromiso con los habitantes de San Lucas Camotl\u00e1n para traer los programas y acciones necesarios para dejar atr\u00e1s la pobreza y marginaci\u00f3n.<\/p>\n\n\n\n<p>Entre las inversiones y programas que se aplicar\u00e1n en este municipio mixe destaca una inversi\u00f3n por 451 mil 488 pesos a trav\u00e9s del Instituto Oaxaque\u00f1o Constructor de Infraestructura Educativa (Iocied), y el Instituto Estatal de Educaci\u00f3n P\u00fablica de Oaxaca (IEEPO) canalizar\u00e1 recursos por 962 mil 84 pesos.<\/p>\n\n\n\n<p>Adem\u00e1s, los Servicios de Salud de Oaxaca (SSO) aplicar\u00e1n m\u00e1s de 700 mil pesos para el centro de salud, el cual se dotar\u00e1 con medicamentos para la atenci\u00f3n prioritaria a la poblaci\u00f3n.<\/p>\n\n\n\n<p>El Gobernador anunci\u00f3 de manera adicional la entrega de una ambulancia para el traslado de personas enfermas debido a que la actual no funciona.<\/p>\n\n\n\n<p>Mediante el Sistema para el Desarrollo Integral de la Familia (DIF Oaxaca) se aplicar\u00e1n recursos por 432 mil 946 pesos a trav\u00e9s de los programas Comedor para el Bienestar, Desayunos Escolares y Comunitario para apoyar el desarrollo de las actividades productivas de las familias.<\/p>\n\n\n\n<p>La Secretar\u00eda de Fomento Agroalimentario y Desarrollo Rural (Sefader) apoyar\u00e1 a 170 familias para reducir la pobreza alimentaria con la producci\u00f3n de ma\u00edz, frijol, hortalizas y aves de traspatio.<\/p>\n\n\n\n<p>Finalmente, Salom\u00f3n Jara Cruz instruy\u00f3 para que en este municipio se incremente al doble las acciones de piso firme para apoyar a 140 familias con una inversi\u00f3n de m\u00e1s de dos millones de pesos.<\/p>\n\n\n\n<figure class=\"wp-block-image size-large\"><img fetchpriority=\"high\" decoding=\"async\" width=\"950\" height=\"643\" src=\"https:\/\/contextoanalisisperiodistico.com\/wp-content\/uploads\/2023\/06\/img-20230609-wa0100567046441747032904.jpg\" alt=\"\" class=\"wp-image-14598\" srcset=\"https:\/\/contextoanalisisperiodistico.com\/wp-content\/uploads\/2023\/06\/img-20230609-wa0100567046441747032904.jpg 950w, https:\/\/contextoanalisisperiodistico.com\/wp-content\/uploads\/2023\/06\/img-20230609-wa0100567046441747032904-300x203.jpg 300w, https:\/\/contextoanalisisperiodistico.com\/wp-content\/uploads\/2023\/06\/img-20230609-wa0100567046441747032904-768x520.jpg 768w\" sizes=\"(max-width: 950px) 100vw, 950px\" \/><\/figure>\n\n\n\n<figure class=\"wp-block-image\"><img decoding=\"async\" width=\"300\" height=\"200\" src=\"https:\/\/contextoanalisisperiodistico.com\/wp-content\/uploads\/2023\/06\/img-20230609-wa00953970465182415747787-300x200.jpg\" alt=\"\" class=\"wp-image-14596\" srcset=\"https:\/\/contextoanalisisperiodistico.com\/wp-content\/uploads\/2023\/06\/img-20230609-wa00953970465182415747787-300x200.jpg 300w, https:\/\/contextoanalisisperiodistico.com\/wp-content\/uploads\/2023\/06\/img-20230609-wa00953970465182415747787-768x511.jpg 768w, https:\/\/contextoanalisisperiodistico.com\/wp-content\/uploads\/2023\/06\/img-20230609-wa00953970465182415747787.jpg 970w\" sizes=\"(max-width: 300px) 100vw, 300px\" \/><\/figure>\n\n\n\n<figure class=\"wp-block-image\"><img decoding=\"async\" width=\"1024\" height=\"671\" src=\"https:\/\/contextoanalisisperiodistico.com\/wp-content\/uploads\/2023\/06\/img-20230609-wa0098106379123266113847-1024x671.jpg\" alt=\"\" class=\"wp-image-14597\" srcset=\"https:\/\/contextoanalisisperiodistico.com\/wp-content\/uploads\/2023\/06\/img-20230609-wa0098106379123266113847-1024x671.jpg 1024w, https:\/\/contextoanalisisperiodistico.com\/wp-content\/uploads\/2023\/06\/img-20230609-wa0098106379123266113847-300x197.jpg 300w, https:\/\/contextoanalisisperiodistico.com\/wp-content\/uploads\/2023\/06\/img-20230609-wa0098106379123266113847-768x503.jpg 768w, https:\/\/contextoanalisisperiodistico.com\/wp-content\/uploads\/2023\/06\/img-20230609-wa0098106379123266113847.jpg 1100w\" sizes=\"(max-width: 1024px) 100vw, 1024px\" \/><\/figure>\n","protected":false},"excerpt":{"rendered":"<p>\u2022 El Gobernador de Oaxaca anunci\u00f3 una inversi\u00f3n superior a los seis millones de pesos&#8230;<\/p>\n","protected":false},"author":4,"featured_media":14595,"comment_status":"closed","ping_status":"open","sticky":false,"template":"","format":"standard","meta":{"footnotes":""},"categories":[9],"tags":[],"jetpack_sharing_enabled":true,"featured_image_urls":{"full":["https:\/\/contextoanalisisperiodistico.com\/wp-content\/uploads\/2023\/06\/IMG-20230609-WA0099.jpg",950,803,false],"thumbnail":["https:\/\/contextoanalisisperiodistico.com\/wp-content\/uploads\/2023\/06\/IMG-20230609-WA0099-150x150.jpg",150,150,true],"medium":["https:\/\/contextoanalisisperiodistico.com\/wp-content\/uploads\/2023\/06\/IMG-20230609-WA0099-300x254.jpg",300,254,true],"medium_large":["https:\/\/contextoanalisisperiodistico.com\/wp-content\/uploads\/2023\/06\/IMG-20230609-WA0099-768x649.jpg",640,541,true],"large":["https:\/\/contextoanalisisperiodistico.com\/wp-content\/uploads\/2023\/06\/IMG-20230609-WA0099.jpg",640,541,false],"1536x1536":["https:\/\/contextoanalisisperiodistico.com\/wp-content\/uploads\/2023\/06\/IMG-20230609-WA0099.jpg",950,803,false],"2048x2048":["https:\/\/contextoanalisisperiodistico.com\/wp-content\/uploads\/2023\/06\/IMG-20230609-WA0099.jpg",950,803,false],"covernews-slider-full":["https:\/\/contextoanalisisperiodistico.com\/wp-content\/uploads\/2023\/06\/IMG-20230609-WA0099-950x715.jpg",950,715,true],"covernews-slider-center":["https:\/\/contextoanalisisperiodistico.com\/wp-content\/uploads\/2023\/06\/IMG-20230609-WA0099-800x500.jpg",800,500,true],"covernews-featured":["https:\/\/contextoanalisisperiodistico.com\/wp-content\/uploads\/2023\/06\/IMG-20230609-WA0099.jpg",950,803,false],"covernews-medium":["https:\/\/contextoanalisisperiodistico.com\/wp-content\/uploads\/2023\/06\/IMG-20230609-WA0099-540x340.jpg",540,340,true],"covernews-medium-square":["https:\/\/contextoanalisisperiodistico.com\/wp-content\/uploads\/2023\/06\/IMG-20230609-WA0099-400x250.jpg",400,250,true]},"author_info":{"display_name":"Mario Gir\u00f3n","author_link":"https:\/\/contextoanalisisperiodistico.com\/index.php\/author\/director\/"},"category_info":"<a href=\"https:\/\/contextoanalisisperiodistico.com\/index.php\/category\/politica\/\" rel=\"category tag\">Pol\u00edtica<\/a>","tag_info":"Pol\u00edtica","comment_count":"0","jetpack_featured_media_url":"https:\/\/contextoanalisisperiodistico.com\/wp-content\/uploads\/2023\/06\/IMG-20230609-WA0099.jpg","_links":{"self":[{"href":"https:\/\/contextoanalisisperiodistico.com\/index.php\/wp-json\/wp\/v2\/posts\/14590"}],"collection":[{"href":"https:\/\/contextoanalisisperiodistico.com\/index.php\/wp-json\/wp\/v2\/posts"}],"about":[{"href":"https:\/\/contextoanalisisperiodistico.com\/index.php\/wp-json\/wp\/v2\/types\/post"}],"author":[{"embeddable":true,"href":"https:\/\/contextoanalisisperiodistico.com\/index.php\/wp-json\/wp\/v2\/users\/4"}],"replies":[{"embeddable":true,"href":"https:\/\/contextoanalisisperiodistico.com\/index.php\/wp-json\/wp\/v2\/comments?post=14590"}],"version-history":[{"count":1,"href":"https:\/\/contextoanalisisperiodistico.com\/index.php\/wp-json\/wp\/v2\/posts\/14590\/revisions"}],"predecessor-version":[{"id":14599,"href":"https:\/\/contextoanalisisperiodistico.com\/index.php\/wp-json\/wp\/v2\/posts\/14590\/revisions\/14599"}],"wp:featuredmedia":[{"embeddable":true,"href":"https:\/\/contextoanalisisperiodistico.com\/index.php\/wp-json\/wp\/v2\/media\/14595"}],"wp:attachment":[{"href":"https:\/\/contextoanalisisperiodistico.com\/index.php\/wp-json\/wp\/v2\/media?parent=14590"}],"wp:term":[{"taxonomy":"category","embeddable":true,"href":"https:\/\/contextoanalisisperiodistico.com\/index.php\/wp-json\/wp\/v2\/categories?post=14590"},{"taxonomy":"post_tag","embeddable":true,"href":"https:\/\/contextoanalisisperiodistico.com\/index.php\/wp-json\/wp\/v2\/tags?post=14590"}],"curies":[{"name":"wp","href":"https:\/\/api.w.org\/{rel}","templated":true}]}}