{"id":14552,"date":"2023-06-08T20:30:16","date_gmt":"2023-06-09T02:30:16","guid":{"rendered":"https:\/\/contextoanalisisperiodistico.com\/?p=14552"},"modified":"2023-06-08T20:30:30","modified_gmt":"2023-06-09T02:30:30","slug":"gobierno-de-oaxaca-apoya-a-municipios-con-mayores-rezagos-sociales-salomon-jara-cruz","status":"publish","type":"post","link":"https:\/\/contextoanalisisperiodistico.com\/index.php\/2023\/06\/08\/gobierno-de-oaxaca-apoya-a-municipios-con-mayores-rezagos-sociales-salomon-jara-cruz\/","title":{"rendered":"<em>Gobierno de Oaxaca apoya a municipios con mayores rezagos sociales: Salom\u00f3n Jara Cruz<\/em>"},"content":{"rendered":"<div id=\"fb-root\"><\/div>\n\n<p>\u2022 El Mandatario Estatal anunci\u00f3 programas con una inversi\u00f3n global de 32 millones de pesos para Santa Mar\u00eda Pe\u00f1oles, municipio que ocupa el lugar n\u00famero 11 con menor \u00edndice de desarrollo a nivel estatal<\/p>\n\n\n\n<p>\u2022 En Santiago Tlazoyaltepec entregar\u00e1n recursos por m\u00e1s de 23 millones de pesos para salud, educaci\u00f3n, vivienda, agricultura, entre otros rubros<\/p>\n\n\n\n<p>Santa Mar\u00eda Pe\u00f1oles, Oax. 8 de junio de 2023.- El Gobernador Salom\u00f3n Jara Cruz afirm\u00f3 que no abandonar\u00e1 a los 100 municipios de Oaxaca que padecen los peores niveles de desarrollo del pa\u00eds y que fueron marginados por malos gobiernos, por lo que se aplicar\u00e1n aqu\u00ed apoyos y programas con una inversi\u00f3n global de 32 millones de pesos.<br>El Mandatario Estatal y secretarias y secretarios, directoras y directores, visitaron este municipio que ocupa el lugar n\u00famero 11 con menor \u00edndice de desarrollo a nivel estatal. Se\u00f1al\u00f3 que la estrategia Atenci\u00f3n a Municipios Territorios Bienestar busca lograr la reparaci\u00f3n hist\u00f3rica de los pueblos.<\/p>\n\n\n\n<p><br>Ante el presidente municipal Rom\u00e1n Ram\u00edrez Ch\u00e1vez, autoridades agrarias y ciudadan\u00eda, explic\u00f3 que la Secretar\u00eda de Fomento Agroalimentario y Desarrollo Rural (Sefader) tiene como eje estrat\u00e9gico acabar con la pobreza alimentaria y trabaja para aumentar la producci\u00f3n de frijol y ma\u00edz nativo, hortalizas y aves de traspatio con asistencia t\u00e9cnica, acompa\u00f1amiento, bioinsumos y fertilizante en apoyo a las familias productoras.<\/p>\n\n\n\n<p><br>Adem\u00e1s, se atender\u00e1 el banco comunitario de semillas y una biof\u00e1brica, el saneamiento de la zona boscosa con la Comisi\u00f3n Estatal Forestal (Coesfo) por las 130 hect\u00e1reas afectadas por plagas y acciones de reforestaci\u00f3n con una inversi\u00f3n mayor a un mill\u00f3n 500 mil pesos.<\/p>\n\n\n\n<p><br>Mediante la Coesfo se cuenta con un mill\u00f3n 700 mil plantas disponibles para atender \u00e1reas prioritarias: las afectadas por incendios, por plagas y de recarga de mantos fre\u00e1ticos. Este municipio tuvo incendios con afectaci\u00f3n de 261 hect\u00e1reas, por lo que el 16 de julio iniciar\u00e1n las acciones de la Jornada de Reforestaci\u00f3n Estatal.<\/p>\n\n\n\n<p><br>Tambi\u00e9n se prioriz\u00f3 la rehabilitaci\u00f3n de los centros de salud de San Mateo Tepantepec y Santa Catarina Estetla con un monto de 1 mill\u00f3n 736 mil 919 pesos, m\u00e1s la inversi\u00f3n en medicamentos e insumos generales por un monto total de cinco millones 294 mil 802 de pesos en este a\u00f1o.<\/p>\n\n\n\n<p><br>El Gobernador destac\u00f3 que mediante el programa de Pavimentaci\u00f3n de caminos a las agencias municipales se canalizar\u00e1n 12 millones 500 mil pesos para pavimentar con concreto hidr\u00e1ulico tipo artesanal la v\u00eda a San Mateo Tepantepec.<\/p>\n\n\n\n<p><br>En materia de vivienda se realizar\u00e1n 70 acciones de piso firme para las familias con mayor rezago social, acciones de techo firme con un mill\u00f3n 15 mil pesos y en la comunidad de Cerro de \u00c1guila se invertir\u00e1n 540 mil pesos para la construcci\u00f3n de cisternas.<\/p>\n\n\n\n<p><br>A su vez, el Instituto Oaxaque\u00f1o Constructor de Infraestructura Educativa (Iocied) iniciar\u00e1 en 15 d\u00edas la rehabilitaci\u00f3n integral en la Secundaria General Emiliano Zapata de este lugar para que las y los estudiantes tengan salones y espacios dignos con recursos por 300 mil pesos.<\/p>\n\n\n\n<p><br>El Instituto Estatal de Educaci\u00f3n P\u00fablica de Oaxaca (IEEPO) a trav\u00e9s de la delegaci\u00f3n de servicios regionales atiende 50 municipios y mil 211 escuelas en la Mixteca. En Pe\u00f1oles tienen mil 823 alumnos inscritos de preescolar a secundaria y telesecundaria, por ello, entregar\u00e1 computadoras, equipo, mobiliario de oficina con una inversi\u00f3n de un mill\u00f3n 518 mil 395 pesos.<\/p>\n\n\n\n<p><br>El Mandatario estatal anunci\u00f3 la construcci\u00f3n de la barda perimetral de la escuela primaria Dzahuindanda en Corral de Piedra con recursos por un mill\u00f3n 290 mil pesos y un techado en el \u00e1rea de educaci\u00f3n f\u00edsica en el preescolar Juan Escutia en Santa Catarina Estetla con una inversi\u00f3n de dos millones 956 mil pesos.<\/p>\n\n\n\n<p><br>El Secretariado Ejecutivo del Sistema Estatal de Seguridad P\u00fablica (SESEP) inform\u00f3 que se avanza en la colaboraci\u00f3n con las autoridades para capacitar a polic\u00edas municipales con recursos por 40 mil pesos y el Sistema para el Desarrollo Integral de la Familia de Oaxaca (DIF) atender\u00e1 la alimentaci\u00f3n de personas en condiciones de vulnerabilidad en comedores populares con recursos por un mill\u00f3n 530 mil pesos.<\/p>\n\n\n\n<p><br>La Secretar\u00eda de Bienestar, Tequio e Inclusi\u00f3n (Sebienti) canalizar\u00e1 m\u00e1s de 500 mil pesos mediante las tarjetas Margarita Maza, y la Secretar\u00eda de Econom\u00eda canalizar\u00e1 84 mil 832 pesos en capacitaci\u00f3n para el trabajo y credencializaci\u00f3n de personas artesanas.<\/p>\n\n\n\n<p><br>Acompa\u00f1ado tambi\u00e9n por la diputada Tania Caballero, Jara Cruz agradeci\u00f3 la confianza y cari\u00f1o que le han demostrado los pobladores mixtecos, \u201cpor eso nos toca volver porque amor con amor se paga. Tengo un gran cari\u00f1o y un gran aprecio por la Mixteca\u201d.<\/p>\n\n\n\n<p><br>Record\u00f3 que en 2009 visit\u00f3 con el Presidente Andr\u00e9s Manuel L\u00f3pez Obrador, Santa Mar\u00eda Pe\u00f1oles, Santiago Tlazoyaltepec, San Pablo Cuatro Venados, San Miguel Peras, la Mixteca y los 570 municipios de Oaxaca. En esos recorridos se comprometi\u00f3 a pavimentar todos los caminos a las cabeceras porque 240 municipios ten\u00edan caminos de terracer\u00eda.<\/p>\n\n\n\n<p><br>\u201cAhora que triunf\u00f3 nuestro movimiento estamos apoyando a la gente m\u00e1s pobre, un Gobernador no puede estar solo en el Palacio, tiene que caminar y ver cu\u00e1les son las necesidades en cada municipio y cada pueblo\u201d, recalc\u00f3.<\/p>\n\n\n\n<p><em>Tlazoyaltepec tiene la mano amiga del Gobierno para apoyar su desarrollo<\/em><\/p>\n\n\n\n<p>En el municipio de Santiago Tlazoyaltepec, el Gobernador Salom\u00f3n Jara Cruz anunci\u00f3 que se entregar\u00e1n apoyos y desarrollar\u00e1n programas por m\u00e1s de 23 millones de pesos para la atenci\u00f3n a salud, educaci\u00f3n, vivienda, agricultura, seguridad social, seguridad p\u00fablica y econom\u00eda, entre otros.<\/p>\n\n\n\n<p><br>Ante el presidente municipal, Celedonio Morales Velasco, destac\u00f3 que se apoya a los municipios con los menores \u00edndices de desarrollo social. Tlazoyaltepec ocupa el lugar n\u00famero 14 a nivel nacional y el octavo dentro de los 570 municipios de la entidad.<\/p>\n\n\n\n<p><br>\u201cAhora no se har\u00e1n obras por capricho y ocurrencia, ahora vamos a dirigirlas donde est\u00e1n las carencias. Nuestro destino no es la pobreza, los malos gobiernos anteriores son los que nos obligaron a la pobreza por el saqueo, por el robo, por la corrupci\u00f3n. Este gobierno ser\u00e1 responsable y trabajar\u00e1 en donde haya necesidad\u201d, destac\u00f3.<\/p>\n\n\n\n<p><br>Se\u00f1al\u00f3 que tienen la mano amiga de su gobierno para apoyarlos, por ello se canalizan 12 millones 500 mil pesos del programa de pavimentaci\u00f3n artesanal con concreto hidr\u00e1ulico para el acceso a la localidad de Portezuelo.<\/p>\n\n\n\n<p><br>Adem\u00e1s, se llevar\u00e1n a cabo 60 acciones para el mejoramiento de vivienda, en una primera etapa, por 870 mil pesos. La construcci\u00f3n de la biblioteca de la Escuela Primaria Biling\u00fce Ignacio Manuel Altamirano con una inversi\u00f3n de 640 mil pesos y la entrega de equipo tecnol\u00f3gico, mobiliario y escolar por 794 mil 913 pesos para planteles educativos.<\/p>\n\n\n\n<p><br>Anunci\u00f3 tambi\u00e9n recursos por 40 mil pesos para la capacitaci\u00f3n a polic\u00edas municipales, y mediante el DIF Oaxaca la atenci\u00f3n a grupos prioritarios y comedores populares por 580 mil 217 pesos.<\/p>\n\n\n\n<p><br>Se realizar\u00e1n campa\u00f1as de Sanidad e Inocuidad y Autosuficiencia Alimentaria con 702 mil 779 mil pesos como parte de eje estrat\u00e9gico que se desarrolla en Oaxaca para la autosuficiencia alimentaria mediante apoyo para incrementar la producci\u00f3n de ma\u00edz, frijol, granos, hortalizas y la crianza de animales de traspatio a favor de 167 familias. Tambi\u00e9n se entregar\u00e1n 33 toneladas de fertilizantes, insumos y se instalar\u00e1n biof\u00e1bricas para la obtenci\u00f3n de abonos.<\/p>\n\n\n\n<p><br>Como parte del Fortalecimiento al Sistema de Salud para el suministro de medicamentos e insumos para la Casa de Salud de este municipio se invirtieron m\u00e1s de 3 millones 969 mil pesos y la entrega de Tarjetas Margarita Maza por un monto de 500 mil pesos.<\/p>\n\n\n\n<p><br>Jara Cruz dijo que ya se acabaron esos gobiernos fantoches, mediocres, corruptos y ladrones. \u201cCuando el pueblo ve corrupci\u00f3n, el pueblo castiga, por eso ahora tenemos que trabajar con honestidad y transparencia\u201d, resalt\u00f3.<\/p>\n\n\n\n<figure class=\"wp-block-image size-large\"><img fetchpriority=\"high\" decoding=\"async\" width=\"1024\" height=\"683\" src=\"https:\/\/contextoanalisisperiodistico.com\/wp-content\/uploads\/2023\/06\/img-20230608-wa0135846223745347288783-1024x683.jpg\" alt=\"\" class=\"wp-image-14554\" srcset=\"https:\/\/contextoanalisisperiodistico.com\/wp-content\/uploads\/2023\/06\/img-20230608-wa0135846223745347288783-1024x683.jpg 1024w, https:\/\/contextoanalisisperiodistico.com\/wp-content\/uploads\/2023\/06\/img-20230608-wa0135846223745347288783-300x200.jpg 300w, https:\/\/contextoanalisisperiodistico.com\/wp-content\/uploads\/2023\/06\/img-20230608-wa0135846223745347288783-768x512.jpg 768w, https:\/\/contextoanalisisperiodistico.com\/wp-content\/uploads\/2023\/06\/img-20230608-wa0135846223745347288783.jpg 1344w\" sizes=\"(max-width: 1024px) 100vw, 1024px\" \/><\/figure>\n\n\n\n<figure class=\"wp-block-image\"><img decoding=\"async\" width=\"1024\" height=\"682\" src=\"https:\/\/contextoanalisisperiodistico.com\/wp-content\/uploads\/2023\/06\/img-20230608-wa01345070499145686602698-1024x682.jpg\" alt=\"\" class=\"wp-image-14556\" srcset=\"https:\/\/contextoanalisisperiodistico.com\/wp-content\/uploads\/2023\/06\/img-20230608-wa01345070499145686602698-1024x682.jpg 1024w, https:\/\/contextoanalisisperiodistico.com\/wp-content\/uploads\/2023\/06\/img-20230608-wa01345070499145686602698-300x200.jpg 300w, https:\/\/contextoanalisisperiodistico.com\/wp-content\/uploads\/2023\/06\/img-20230608-wa01345070499145686602698-768x512.jpg 768w, https:\/\/contextoanalisisperiodistico.com\/wp-content\/uploads\/2023\/06\/img-20230608-wa01345070499145686602698-1536x1023.jpg 1536w, https:\/\/contextoanalisisperiodistico.com\/wp-content\/uploads\/2023\/06\/img-20230608-wa01345070499145686602698.jpg 1600w\" sizes=\"(max-width: 1024px) 100vw, 1024px\" \/><\/figure>\n\n\n\n<figure class=\"wp-block-image\"><img decoding=\"async\" width=\"1024\" height=\"683\" src=\"https:\/\/contextoanalisisperiodistico.com\/wp-content\/uploads\/2023\/06\/img-20230608-wa01375606526795618204251-1024x683.jpg\" alt=\"\" class=\"wp-image-14555\" srcset=\"https:\/\/contextoanalisisperiodistico.com\/wp-content\/uploads\/2023\/06\/img-20230608-wa01375606526795618204251-1024x683.jpg 1024w, https:\/\/contextoanalisisperiodistico.com\/wp-content\/uploads\/2023\/06\/img-20230608-wa01375606526795618204251-300x200.jpg 300w, https:\/\/contextoanalisisperiodistico.com\/wp-content\/uploads\/2023\/06\/img-20230608-wa01375606526795618204251-768x512.jpg 768w, https:\/\/contextoanalisisperiodistico.com\/wp-content\/uploads\/2023\/06\/img-20230608-wa01375606526795618204251-1536x1024.jpg 1536w, https:\/\/contextoanalisisperiodistico.com\/wp-content\/uploads\/2023\/06\/img-20230608-wa01375606526795618204251.jpg 1600w\" sizes=\"(max-width: 1024px) 100vw, 1024px\" \/><\/figure>\n","protected":false},"excerpt":{"rendered":"<p>\u2022 El Mandatario Estatal anunci\u00f3 programas con una inversi\u00f3n global de 32 millones de pesos&#8230;<\/p>\n","protected":false},"author":4,"featured_media":14553,"comment_status":"closed","ping_status":"open","sticky":false,"template":"","format":"standard","meta":{"footnotes":""},"categories":[9],"tags":[],"jetpack_sharing_enabled":true,"featured_image_urls":{"full":["https:\/\/contextoanalisisperiodistico.com\/wp-content\/uploads\/2023\/06\/IMG-20230608-WA0133.jpg",1600,1066,false],"thumbnail":["https:\/\/contextoanalisisperiodistico.com\/wp-content\/uploads\/2023\/06\/IMG-20230608-WA0133-150x150.jpg",150,150,true],"medium":["https:\/\/contextoanalisisperiodistico.com\/wp-content\/uploads\/2023\/06\/IMG-20230608-WA0133-300x200.jpg",300,200,true],"medium_large":["https:\/\/contextoanalisisperiodistico.com\/wp-content\/uploads\/2023\/06\/IMG-20230608-WA0133-768x512.jpg",640,427,true],"large":["https:\/\/contextoanalisisperiodistico.com\/wp-content\/uploads\/2023\/06\/IMG-20230608-WA0133-1024x682.jpg",640,426,true],"1536x1536":["https:\/\/contextoanalisisperiodistico.com\/wp-content\/uploads\/2023\/06\/IMG-20230608-WA0133-1536x1023.jpg",1536,1023,true],"2048x2048":["https:\/\/contextoanalisisperiodistico.com\/wp-content\/uploads\/2023\/06\/IMG-20230608-WA0133.jpg",1600,1066,false],"covernews-slider-full":["https:\/\/contextoanalisisperiodistico.com\/wp-content\/uploads\/2023\/06\/IMG-20230608-WA0133-1115x715.jpg",1115,715,true],"covernews-slider-center":["https:\/\/contextoanalisisperiodistico.com\/wp-content\/uploads\/2023\/06\/IMG-20230608-WA0133-800x500.jpg",800,500,true],"covernews-featured":["https:\/\/contextoanalisisperiodistico.com\/wp-content\/uploads\/2023\/06\/IMG-20230608-WA0133-1024x682.jpg",1024,682,true],"covernews-medium":["https:\/\/contextoanalisisperiodistico.com\/wp-content\/uploads\/2023\/06\/IMG-20230608-WA0133-540x340.jpg",540,340,true],"covernews-medium-square":["https:\/\/contextoanalisisperiodistico.com\/wp-content\/uploads\/2023\/06\/IMG-20230608-WA0133-400x250.jpg",400,250,true]},"author_info":{"display_name":"Mario Gir\u00f3n","author_link":"https:\/\/contextoanalisisperiodistico.com\/index.php\/author\/director\/"},"category_info":"<a href=\"https:\/\/contextoanalisisperiodistico.com\/index.php\/category\/politica\/\" rel=\"category tag\">Pol\u00edtica<\/a>","tag_info":"Pol\u00edtica","comment_count":"0","jetpack_featured_media_url":"https:\/\/contextoanalisisperiodistico.com\/wp-content\/uploads\/2023\/06\/IMG-20230608-WA0133.jpg","_links":{"self":[{"href":"https:\/\/contextoanalisisperiodistico.com\/index.php\/wp-json\/wp\/v2\/posts\/14552"}],"collection":[{"href":"https:\/\/contextoanalisisperiodistico.com\/index.php\/wp-json\/wp\/v2\/posts"}],"about":[{"href":"https:\/\/contextoanalisisperiodistico.com\/index.php\/wp-json\/wp\/v2\/types\/post"}],"author":[{"embeddable":true,"href":"https:\/\/contextoanalisisperiodistico.com\/index.php\/wp-json\/wp\/v2\/users\/4"}],"replies":[{"embeddable":true,"href":"https:\/\/contextoanalisisperiodistico.com\/index.php\/wp-json\/wp\/v2\/comments?post=14552"}],"version-history":[{"count":1,"href":"https:\/\/contextoanalisisperiodistico.com\/index.php\/wp-json\/wp\/v2\/posts\/14552\/revisions"}],"predecessor-version":[{"id":14557,"href":"https:\/\/contextoanalisisperiodistico.com\/index.php\/wp-json\/wp\/v2\/posts\/14552\/revisions\/14557"}],"wp:featuredmedia":[{"embeddable":true,"href":"https:\/\/contextoanalisisperiodistico.com\/index.php\/wp-json\/wp\/v2\/media\/14553"}],"wp:attachment":[{"href":"https:\/\/contextoanalisisperiodistico.com\/index.php\/wp-json\/wp\/v2\/media?parent=14552"}],"wp:term":[{"taxonomy":"category","embeddable":true,"href":"https:\/\/contextoanalisisperiodistico.com\/index.php\/wp-json\/wp\/v2\/categories?post=14552"},{"taxonomy":"post_tag","embeddable":true,"href":"https:\/\/contextoanalisisperiodistico.com\/index.php\/wp-json\/wp\/v2\/tags?post=14552"}],"curies":[{"name":"wp","href":"https:\/\/api.w.org\/{rel}","templated":true}]}}