{"id":14551,"date":"2023-06-08T19:39:50","date_gmt":"2023-06-09T01:39:50","guid":{"rendered":"https:\/\/contextoanalisisperiodistico.com\/index.php\/2023\/06\/08\/sobre-migracion-sensibilizan-a-estudiantes-del-cecyteo\/"},"modified":"2023-06-08T19:39:50","modified_gmt":"2023-06-09T01:39:50","slug":"sobre-migracion-sensibilizan-a-estudiantes-del-cecyteo","status":"publish","type":"post","link":"https:\/\/contextoanalisisperiodistico.com\/index.php\/2023\/06\/08\/sobre-migracion-sensibilizan-a-estudiantes-del-cecyteo\/","title":{"rendered":"Sobre migraci\u00f3n sensibilizan a estudiantes del CECyTEO"},"content":{"rendered":"<div id=\"fb-root\"><\/div>\n\n<p>\u2022 Como parte de las acciones de prevenci\u00f3n, el IAIMO brinda pl\u00e1tica de sensibilizaci\u00f3n al estudiantado del CECyTEO<\/p>\n\n\n\n<p>Tlalixtac de Cabrera, Oax. 08 de junio de 2023.- Con el prop\u00f3sito de sensibilizar a las juventudes en temas de migraci\u00f3n, el Instituto de Atenci\u00f3n Integral al Migrante Oaxaque\u00f1o (IAIMO) contin\u00faa brindando la charla denominada Hablemos de migraci\u00f3n, en esta ocasi\u00f3n a estudiantes del plantel 01 Oaxaca del Colegio de Estudios Cient\u00edficos y Tecnol\u00f3gicos del Estado de Oaxaca (CECyTEO).<\/p>\n\n\n\n<p>Al respecto, el director del IAIMO Silvero \u00c1vila Mart\u00ednez explic\u00f3 que para la dependencia es muy importante continuar con las acciones que ayuden a disminuir el fen\u00f3meno de migraci\u00f3n, pero sobre todo a informar sobre las diferentes opciones para poder migrar de una manera legal y ordenada.<\/p>\n\n\n\n<p>Se\u00f1al\u00f3 que mediante estas pl\u00e1ticas se busca advertir a las y los j\u00f3venes de los peligros a los que se enfrentan en el caso de querer migrar, se resaltan todas las oportunidades que hay en el estado y las ofertas de las diversas dependencias de Gobierno a favor de la adolescencia y juventud.<\/p>\n\n\n\n<p>Al t\u00e9rmino de la pl\u00e1tica se realiz\u00f3 la actividad art\u00edstica llamada Punta seca, en la que se pidi\u00f3 a quienes participaron que expresaran sus ideas acerca de la migraci\u00f3n, al concluir la actividad, las y los 40 estudiantes expresaron las ideas que plasmaron en cada uno de sus trabajos. A trav\u00e9s de este ejercicio se conoci\u00f3 c\u00f3mo conciben el fen\u00f3meno de la migraci\u00f3n.<\/p>\n\n\n\n<p>\u00c1vila Mart\u00ednez destac\u00f3 que el Gobierno de Salom\u00f3n Jara Cruz busca a trav\u00e9s de estas acciones que las diferentes instancias contribuyan a mejorar las condiciones de vida de la adolescencia y la juventud, construyendo las bases para el desarrollo integral y sustentable, y considerando el inter\u00e9s superior de ni\u00f1as, ni\u00f1os y adolescentes para formar ciudadanas y ciudadanos libres, responsables y comprometidos con la comunidad.<\/p>\n\n\n\n<figure class=\"wp-block-image size-large\"><img fetchpriority=\"high\" decoding=\"async\" width=\"1024\" height=\"682\" src=\"https:\/\/contextoanalisisperiodistico.com\/wp-content\/uploads\/2023\/06\/img-20230608-wa01049138355091564665313-1024x682.jpg\" alt=\"\" class=\"wp-image-14549\" srcset=\"https:\/\/contextoanalisisperiodistico.com\/wp-content\/uploads\/2023\/06\/img-20230608-wa01049138355091564665313-1024x682.jpg 1024w, https:\/\/contextoanalisisperiodistico.com\/wp-content\/uploads\/2023\/06\/img-20230608-wa01049138355091564665313-300x200.jpg 300w, https:\/\/contextoanalisisperiodistico.com\/wp-content\/uploads\/2023\/06\/img-20230608-wa01049138355091564665313-768x512.jpg 768w, https:\/\/contextoanalisisperiodistico.com\/wp-content\/uploads\/2023\/06\/img-20230608-wa01049138355091564665313-1536x1023.jpg 1536w, https:\/\/contextoanalisisperiodistico.com\/wp-content\/uploads\/2023\/06\/img-20230608-wa01049138355091564665313.jpg 1600w\" sizes=\"(max-width: 1024px) 100vw, 1024px\" \/><\/figure>\n\n\n\n<figure class=\"wp-block-image\"><img decoding=\"async\" width=\"1024\" height=\"682\" src=\"https:\/\/contextoanalisisperiodistico.com\/wp-content\/uploads\/2023\/06\/img-20230608-wa01018116223773142823445-1024x682.jpg\" alt=\"\" class=\"wp-image-14550\" srcset=\"https:\/\/contextoanalisisperiodistico.com\/wp-content\/uploads\/2023\/06\/img-20230608-wa01018116223773142823445-1024x682.jpg 1024w, https:\/\/contextoanalisisperiodistico.com\/wp-content\/uploads\/2023\/06\/img-20230608-wa01018116223773142823445-300x200.jpg 300w, https:\/\/contextoanalisisperiodistico.com\/wp-content\/uploads\/2023\/06\/img-20230608-wa01018116223773142823445-768x512.jpg 768w, https:\/\/contextoanalisisperiodistico.com\/wp-content\/uploads\/2023\/06\/img-20230608-wa01018116223773142823445-1536x1023.jpg 1536w, https:\/\/contextoanalisisperiodistico.com\/wp-content\/uploads\/2023\/06\/img-20230608-wa01018116223773142823445.jpg 1600w\" sizes=\"(max-width: 1024px) 100vw, 1024px\" \/><\/figure>\n","protected":false},"excerpt":{"rendered":"<p>\u2022 Como parte de las acciones de prevenci\u00f3n, el IAIMO brinda pl\u00e1tica de sensibilizaci\u00f3n al&#8230;<\/p>\n","protected":false},"author":4,"featured_media":14548,"comment_status":"","ping_status":"open","sticky":true,"template":"","format":"standard","meta":{"footnotes":""},"categories":[91],"tags":[],"jetpack_sharing_enabled":true,"featured_image_urls":{"full":["https:\/\/contextoanalisisperiodistico.com\/wp-content\/uploads\/2023\/06\/IMG-20230608-WA0102-1.jpg",1600,1066,false],"thumbnail":["https:\/\/contextoanalisisperiodistico.com\/wp-content\/uploads\/2023\/06\/IMG-20230608-WA0102-1-150x150.jpg",150,150,true],"medium":["https:\/\/contextoanalisisperiodistico.com\/wp-content\/uploads\/2023\/06\/IMG-20230608-WA0102-1-300x200.jpg",300,200,true],"medium_large":["https:\/\/contextoanalisisperiodistico.com\/wp-content\/uploads\/2023\/06\/IMG-20230608-WA0102-1-768x512.jpg",640,427,true],"large":["https:\/\/contextoanalisisperiodistico.com\/wp-content\/uploads\/2023\/06\/IMG-20230608-WA0102-1-1024x682.jpg",640,426,true],"1536x1536":["https:\/\/contextoanalisisperiodistico.com\/wp-content\/uploads\/2023\/06\/IMG-20230608-WA0102-1-1536x1023.jpg",1536,1023,true],"2048x2048":["https:\/\/contextoanalisisperiodistico.com\/wp-content\/uploads\/2023\/06\/IMG-20230608-WA0102-1.jpg",1600,1066,false],"covernews-slider-full":["https:\/\/contextoanalisisperiodistico.com\/wp-content\/uploads\/2023\/06\/IMG-20230608-WA0102-1-1115x715.jpg",1115,715,true],"covernews-slider-center":["https:\/\/contextoanalisisperiodistico.com\/wp-content\/uploads\/2023\/06\/IMG-20230608-WA0102-1-800x500.jpg",800,500,true],"covernews-featured":["https:\/\/contextoanalisisperiodistico.com\/wp-content\/uploads\/2023\/06\/IMG-20230608-WA0102-1-1024x682.jpg",1024,682,true],"covernews-medium":["https:\/\/contextoanalisisperiodistico.com\/wp-content\/uploads\/2023\/06\/IMG-20230608-WA0102-1-540x340.jpg",540,340,true],"covernews-medium-square":["https:\/\/contextoanalisisperiodistico.com\/wp-content\/uploads\/2023\/06\/IMG-20230608-WA0102-1-400x250.jpg",400,250,true]},"author_info":{"display_name":"Mario Gir\u00f3n","author_link":"https:\/\/contextoanalisisperiodistico.com\/index.php\/author\/director\/"},"category_info":"<a href=\"https:\/\/contextoanalisisperiodistico.com\/index.php\/category\/educacion\/\" rel=\"category tag\">Educaci\u00f3n<\/a>","tag_info":"Educaci\u00f3n","comment_count":"0","jetpack_featured_media_url":"https:\/\/contextoanalisisperiodistico.com\/wp-content\/uploads\/2023\/06\/IMG-20230608-WA0102-1.jpg","_links":{"self":[{"href":"https:\/\/contextoanalisisperiodistico.com\/index.php\/wp-json\/wp\/v2\/posts\/14551"}],"collection":[{"href":"https:\/\/contextoanalisisperiodistico.com\/index.php\/wp-json\/wp\/v2\/posts"}],"about":[{"href":"https:\/\/contextoanalisisperiodistico.com\/index.php\/wp-json\/wp\/v2\/types\/post"}],"author":[{"embeddable":true,"href":"https:\/\/contextoanalisisperiodistico.com\/index.php\/wp-json\/wp\/v2\/users\/4"}],"replies":[{"embeddable":true,"href":"https:\/\/contextoanalisisperiodistico.com\/index.php\/wp-json\/wp\/v2\/comments?post=14551"}],"version-history":[{"count":0,"href":"https:\/\/contextoanalisisperiodistico.com\/index.php\/wp-json\/wp\/v2\/posts\/14551\/revisions"}],"wp:featuredmedia":[{"embeddable":true,"href":"https:\/\/contextoanalisisperiodistico.com\/index.php\/wp-json\/wp\/v2\/media\/14548"}],"wp:attachment":[{"href":"https:\/\/contextoanalisisperiodistico.com\/index.php\/wp-json\/wp\/v2\/media?parent=14551"}],"wp:term":[{"taxonomy":"category","embeddable":true,"href":"https:\/\/contextoanalisisperiodistico.com\/index.php\/wp-json\/wp\/v2\/categories?post=14551"},{"taxonomy":"post_tag","embeddable":true,"href":"https:\/\/contextoanalisisperiodistico.com\/index.php\/wp-json\/wp\/v2\/tags?post=14551"}],"curies":[{"name":"wp","href":"https:\/\/api.w.org\/{rel}","templated":true}]}}