{"id":14541,"date":"2023-06-08T16:28:24","date_gmt":"2023-06-08T22:28:24","guid":{"rendered":"https:\/\/contextoanalisisperiodistico.com\/?p=14541"},"modified":"2023-06-08T16:28:34","modified_gmt":"2023-06-08T22:28:34","slug":"setrao-y-embajada-de-estados-unidos-suman-voluntades-para-mejorar-condiciones-laborales-en-oaxaca","status":"publish","type":"post","link":"https:\/\/contextoanalisisperiodistico.com\/index.php\/2023\/06\/08\/setrao-y-embajada-de-estados-unidos-suman-voluntades-para-mejorar-condiciones-laborales-en-oaxaca\/","title":{"rendered":"Setrao y Embajada de Estados Unidos suman voluntades para mejorar condiciones laborales en Oaxaca"},"content":{"rendered":"<div id=\"fb-root\"><\/div>\n\n<p>\u2022 Colaborar\u00e1n para detonar proyectos que permitan mejorar la calidad de vida de las personas trabajadoras<\/p>\n\n\n\n<p><br>Oaxaca de Ju\u00e1rez, Oax., 8 de junio de 2023.- Para mejorar las condiciones laborales y promover el desarrollo econ\u00f3mico y social en los municipios de Oaxaca, la Secretar\u00eda del Trabajo (Setrao) sostuvo un encuentro con Luis Pablo Solorio agregado laboral principal de los Estados Unidos en M\u00e9xico.<\/p>\n\n\n\n<p>Esta reuni\u00f3n en la que tambi\u00e9n participaron representantes del Gobierno de Oaxaca, tuvo como objetivo plantear un proyecto de desarrollo integral y fortalecer acciones en beneficio de las personas trabajadoras, mujeres, ni\u00f1as, ni\u00f1os y poblaci\u00f3n migrante.<\/p>\n\n\n\n<p>En este sentido, el agregado laboral Luis Pablo Solorio expres\u00f3 su satisfacci\u00f3n por la prioridad que el Gobierno de Salom\u00f3n Jara Cruz ha dado a las y los trabajadores con la creaci\u00f3n de la Secretar\u00eda del Trabajo, al tiempo de resaltar su inter\u00e9s para coadyuvar en proyectos que permitan mejorar las condiciones laborales en Oaxaca.<\/p>\n\n\n\n<p>Mencion\u00f3 algunos de los que ya se realizan en la entidad como el Proyecto Equal de World Vision M\u00e9xico que promueve la igualdad de g\u00e9nero y la defensa de los derechos laborales de las mujeres trabajadoras del sector agr\u00edcola en la localidad de Pluma Hidalgo.<\/p>\n\n\n\n<p>Tambi\u00e9n el de Campos de Esperanza en Acatl\u00e1n P\u00e9rez de Figueroa y San Miguel Soyaltepec que est\u00e1 encaminado a prevenir el trabajo infantil y promover la mejora de condiciones de trabajo en las comunidades agr\u00edcolas migrantes; y el de Solidaridad Internacional Kanda A.C. (Sikanda) que fomenta el desarrollo sustentable en comunidades en situaci\u00f3n de marginaci\u00f3n.<\/p>\n\n\n\n<p>Adem\u00e1s, reconoci\u00f3 la labor de la secretaria del Trabajo en Oaxaca Edith Santib\u00e1\u00f1ez Boh\u00f3rquez ante la pr\u00f3xima instalaci\u00f3n de la Comisi\u00f3n Intersecretarial para la Prevenci\u00f3n y Erradicaci\u00f3n del Trabajo Infantil y la Protecci\u00f3n de Adolescentes Trabajadores en Edad Permitida en M\u00e9xico (CITI), acci\u00f3n que realizar\u00e1 en coordinaci\u00f3n con el Sistema Local de Protecci\u00f3n Integral de los Derechos de las Ni\u00f1as, Ni\u00f1os y Adolescentes del Estado (Sipinna).<\/p>\n\n\n\n<p>Por su parte, la secretaria del Trabajo, Edith Santib\u00e1\u00f1ez Boh\u00f3rquez, reiter\u00f3 su compromiso para que todos los esfuerzos realizados se vean reflejados en el bienestar de la poblaci\u00f3n y contribuyan al desarrollo social, econ\u00f3mico y de bienestar en Oaxaca.<\/p>\n\n\n\n<p>Se sumaron a esta iniciativa las secretarias de las Mujeres, Elisa Zepeda Lagunas; de Bienestar, Tequio e Inclusi\u00f3n, Laura Estrada Mauro; la secretaria Ejecutiva de Sipinna, Alma Bautista Ramos; el secretario de las Culturas y Artes de Oaxaca, V\u00edctor Cata; el director del Instituto de Atenci\u00f3n Integral al Migrante Oaxaque\u00f1o, Silverio \u00c1vila Mart\u00ednez; el coordinador de Enlace Federal, Fernando S\u00e1nchez, y representantes de otras instituciones.<\/p>\n\n\n\n\n\n\n\n<figure class=\"wp-block-image size-large\"><img fetchpriority=\"high\" decoding=\"async\" width=\"1024\" height=\"682\" src=\"https:\/\/contextoanalisisperiodistico.com\/wp-content\/uploads\/2023\/06\/img-20230608-wa00421832603520072792703-1024x682.jpg\" alt=\"\" class=\"wp-image-14544\" srcset=\"https:\/\/contextoanalisisperiodistico.com\/wp-content\/uploads\/2023\/06\/img-20230608-wa00421832603520072792703-1024x682.jpg 1024w, https:\/\/contextoanalisisperiodistico.com\/wp-content\/uploads\/2023\/06\/img-20230608-wa00421832603520072792703-300x200.jpg 300w, https:\/\/contextoanalisisperiodistico.com\/wp-content\/uploads\/2023\/06\/img-20230608-wa00421832603520072792703-768x512.jpg 768w, https:\/\/contextoanalisisperiodistico.com\/wp-content\/uploads\/2023\/06\/img-20230608-wa00421832603520072792703-1536x1023.jpg 1536w, https:\/\/contextoanalisisperiodistico.com\/wp-content\/uploads\/2023\/06\/img-20230608-wa00421832603520072792703.jpg 1600w\" sizes=\"(max-width: 1024px) 100vw, 1024px\" \/><\/figure>\n\n\n\n<figure class=\"wp-block-image\"><img decoding=\"async\" width=\"1024\" height=\"682\" src=\"https:\/\/contextoanalisisperiodistico.com\/wp-content\/uploads\/2023\/06\/img-20230608-wa00433760365984314663917-1024x682.jpg\" alt=\"\" class=\"wp-image-14543\" srcset=\"https:\/\/contextoanalisisperiodistico.com\/wp-content\/uploads\/2023\/06\/img-20230608-wa00433760365984314663917-1024x682.jpg 1024w, https:\/\/contextoanalisisperiodistico.com\/wp-content\/uploads\/2023\/06\/img-20230608-wa00433760365984314663917-300x200.jpg 300w, https:\/\/contextoanalisisperiodistico.com\/wp-content\/uploads\/2023\/06\/img-20230608-wa00433760365984314663917-768x512.jpg 768w, https:\/\/contextoanalisisperiodistico.com\/wp-content\/uploads\/2023\/06\/img-20230608-wa00433760365984314663917-1536x1023.jpg 1536w, https:\/\/contextoanalisisperiodistico.com\/wp-content\/uploads\/2023\/06\/img-20230608-wa00433760365984314663917.jpg 1600w\" sizes=\"(max-width: 1024px) 100vw, 1024px\" \/><\/figure>\n","protected":false},"excerpt":{"rendered":"<p>\u2022 Colaborar\u00e1n para detonar proyectos que permitan mejorar la calidad de vida de las personas&#8230;<\/p>\n","protected":false},"author":4,"featured_media":14542,"comment_status":"closed","ping_status":"open","sticky":false,"template":"","format":"standard","meta":{"footnotes":""},"categories":[9],"tags":[],"jetpack_sharing_enabled":true,"featured_image_urls":{"full":["https:\/\/contextoanalisisperiodistico.com\/wp-content\/uploads\/2023\/06\/IMG-20230608-WA0044.jpg",1600,1066,false],"thumbnail":["https:\/\/contextoanalisisperiodistico.com\/wp-content\/uploads\/2023\/06\/IMG-20230608-WA0044-150x150.jpg",150,150,true],"medium":["https:\/\/contextoanalisisperiodistico.com\/wp-content\/uploads\/2023\/06\/IMG-20230608-WA0044-300x200.jpg",300,200,true],"medium_large":["https:\/\/contextoanalisisperiodistico.com\/wp-content\/uploads\/2023\/06\/IMG-20230608-WA0044-768x512.jpg",640,427,true],"large":["https:\/\/contextoanalisisperiodistico.com\/wp-content\/uploads\/2023\/06\/IMG-20230608-WA0044-1024x682.jpg",640,426,true],"1536x1536":["https:\/\/contextoanalisisperiodistico.com\/wp-content\/uploads\/2023\/06\/IMG-20230608-WA0044-1536x1023.jpg",1536,1023,true],"2048x2048":["https:\/\/contextoanalisisperiodistico.com\/wp-content\/uploads\/2023\/06\/IMG-20230608-WA0044.jpg",1600,1066,false],"covernews-slider-full":["https:\/\/contextoanalisisperiodistico.com\/wp-content\/uploads\/2023\/06\/IMG-20230608-WA0044-1115x715.jpg",1115,715,true],"covernews-slider-center":["https:\/\/contextoanalisisperiodistico.com\/wp-content\/uploads\/2023\/06\/IMG-20230608-WA0044-800x500.jpg",800,500,true],"covernews-featured":["https:\/\/contextoanalisisperiodistico.com\/wp-content\/uploads\/2023\/06\/IMG-20230608-WA0044-1024x682.jpg",1024,682,true],"covernews-medium":["https:\/\/contextoanalisisperiodistico.com\/wp-content\/uploads\/2023\/06\/IMG-20230608-WA0044-540x340.jpg",540,340,true],"covernews-medium-square":["https:\/\/contextoanalisisperiodistico.com\/wp-content\/uploads\/2023\/06\/IMG-20230608-WA0044-400x250.jpg",400,250,true]},"author_info":{"display_name":"Mario Gir\u00f3n","author_link":"https:\/\/contextoanalisisperiodistico.com\/index.php\/author\/director\/"},"category_info":"<a href=\"https:\/\/contextoanalisisperiodistico.com\/index.php\/category\/politica\/\" rel=\"category tag\">Pol\u00edtica<\/a>","tag_info":"Pol\u00edtica","comment_count":"0","jetpack_featured_media_url":"https:\/\/contextoanalisisperiodistico.com\/wp-content\/uploads\/2023\/06\/IMG-20230608-WA0044.jpg","_links":{"self":[{"href":"https:\/\/contextoanalisisperiodistico.com\/index.php\/wp-json\/wp\/v2\/posts\/14541"}],"collection":[{"href":"https:\/\/contextoanalisisperiodistico.com\/index.php\/wp-json\/wp\/v2\/posts"}],"about":[{"href":"https:\/\/contextoanalisisperiodistico.com\/index.php\/wp-json\/wp\/v2\/types\/post"}],"author":[{"embeddable":true,"href":"https:\/\/contextoanalisisperiodistico.com\/index.php\/wp-json\/wp\/v2\/users\/4"}],"replies":[{"embeddable":true,"href":"https:\/\/contextoanalisisperiodistico.com\/index.php\/wp-json\/wp\/v2\/comments?post=14541"}],"version-history":[{"count":1,"href":"https:\/\/contextoanalisisperiodistico.com\/index.php\/wp-json\/wp\/v2\/posts\/14541\/revisions"}],"predecessor-version":[{"id":14545,"href":"https:\/\/contextoanalisisperiodistico.com\/index.php\/wp-json\/wp\/v2\/posts\/14541\/revisions\/14545"}],"wp:featuredmedia":[{"embeddable":true,"href":"https:\/\/contextoanalisisperiodistico.com\/index.php\/wp-json\/wp\/v2\/media\/14542"}],"wp:attachment":[{"href":"https:\/\/contextoanalisisperiodistico.com\/index.php\/wp-json\/wp\/v2\/media?parent=14541"}],"wp:term":[{"taxonomy":"category","embeddable":true,"href":"https:\/\/contextoanalisisperiodistico.com\/index.php\/wp-json\/wp\/v2\/categories?post=14541"},{"taxonomy":"post_tag","embeddable":true,"href":"https:\/\/contextoanalisisperiodistico.com\/index.php\/wp-json\/wp\/v2\/tags?post=14541"}],"curies":[{"name":"wp","href":"https:\/\/api.w.org\/{rel}","templated":true}]}}