{"id":14530,"date":"2023-06-08T15:39:46","date_gmt":"2023-06-08T21:39:46","guid":{"rendered":"https:\/\/contextoanalisisperiodistico.com\/?p=14530"},"modified":"2023-06-08T15:41:31","modified_gmt":"2023-06-08T21:41:31","slug":"se-prepara-oaxaca-para-las-celebraciones-de-la-guelaguetza-2023","status":"publish","type":"post","link":"https:\/\/contextoanalisisperiodistico.com\/index.php\/2023\/06\/08\/se-prepara-oaxaca-para-las-celebraciones-de-la-guelaguetza-2023\/","title":{"rendered":"<em>Se prepara Oaxaca para  celebraciones Guelaguetza 2023<\/em>"},"content":{"rendered":"<div id=\"fb-root\"><\/div>\n\n<p>\u2022 El Comit\u00e9 Intersecretarial para la coordinaci\u00f3n de la fiesta m\u00e1xima de las y los oaxaque\u00f1os informa de manera transparente los pormenores de las actividades<\/p>\n\n\n\n<p>Santa Luc\u00eda del Camino, Oax. 8 de junio de 2023.- Oaxaca se prepara para que las celebraciones de los Lunes del Cerro con la presentaci\u00f3n de la Guelaguetza 2023, los d\u00edas 17 y 24 de julio, se realicen en todo su esplendor y que las 16 etnias y pueblos afromexicanos sean los principales protagonistas en este encuentro racial que se compartir\u00e1 con el mundo.<\/p>\n\n\n\n<p>De acuerdo a lo establecido por el Gobernador Salom\u00f3n Jara Cruz de informar de manera transparente a la ciudadan\u00eda oaxaque\u00f1a, quienes integran el Comit\u00e9 Intersecretarial para la coordinaci\u00f3n de la fiesta m\u00e1xima de las y los oaxaque\u00f1os dieron a conocer los pormenores de las diversas actividades que se presentar\u00e1n durante Julio, mes de la Guelaguetza 2013.<\/p>\n\n\n\n<p><br \/>La secretaria de Turismo del Estado (Sectur Oaxaca) Saymi Pineda Velasco se\u00f1al\u00f3 que el Mandatario Estatal, en compa\u00f1\u00eda de la jefa de Gobierno de la Ciudad de M\u00e9xico Claudia Sheinbaum, en la Alcald\u00eda Iztapalapa dieron a conocer las actividades que se realizar\u00e1n durante este mes, como la Feria del Mezcal, el Festival de los Moles, la Semana de los Antojos, la Feria del Quesillo, las Expoferias Artesanales, las expresiones art\u00edsticas y artesanales de las 16 culturas y pueblo afromexicano, entre otras.<\/p>\n\n\n\n<p>As\u00ed como la difusi\u00f3n en la capital del pa\u00eds y zona metropolitana, por ejemplo, en Ciudad Nezahualc\u00f3yotl, Estado de M\u00e9xico, del documental \u201cOaxaca y sus etnias, orgullo de nuestro origen\u201d, que recopila la riqueza folcl\u00f3rica y cultural de la entidad y que ser\u00e1 proyectado de manera gratuita en diversos espacios.<\/p>\n\n\n\n<p>Dijo que culmin\u00f3 la venta al cien por ciento del boletaje de los palcos A y B para las cuatro presentaciones de la Guelaguetza 2023. El acceso a los palcos C y D ser\u00e1 gratuito para el p\u00fablico.<\/p>\n\n\n\n<p>Pineda Velasco se\u00f1al\u00f3 que para esta edici\u00f3n 91 de las fiestas de los Lunes del Cerro se cuenta con un programa especial que integrar\u00e1 actividades culturales, danc\u00edsticas, artesanales y gastron\u00f3micas entre ellas la elecci\u00f3n de la Diosa Cent\u00e9otl el 23 y 24 de junio en la Plaza de la Danza; en este mismo espacio, se inaugurar\u00e1 el programa de Julio, mes de la Guelaguetza 2023, el s\u00e1bado 1 de ese mes.<\/p>\n\n\n\n<p>Por la tarde de ese mismo d\u00eda, se llevar\u00e1 cabo uno de los tres Convites programados que tendr\u00e1n como punto de partida en la tradicional Cruz de Piedra, Barrio de Xochimilco en la capital del estado y recorrer\u00e1 las principales calles del Centro Hist\u00f3rico; el segundo ser\u00e1 un Convite que tendr\u00e1 lugar el d\u00eda 7 de julio, iniciando en el Barrio de Jalatlaco, en celebraci\u00f3n de su nombramiento como Barrio M\u00e1gico, el cual le fue otorgado en el pasado Tianguis Tur\u00edstico.<\/p>\n\n\n\n<p>El tercer Convite se realizar\u00e1 el 8 de julio partiendo nuevamente de la Cruz de Piedra. Posterior a las Comidas de la Hermandad que son realizadas los s\u00e1bados previos al Primer Lunes del Cerro y la Octava, los d\u00edas 15 y 22 de julio a partir de las 18.00 horas se llevar\u00e1n a cabo los Desfiles de las Delegaciones, partiendo de la Fuente de las Ocho Regiones en su recorrido habitual.<\/p>\n\n\n\n<p>El 16 y 23 de julio, expuso, se presentar\u00e1 la puesta en escena \u201cDonaj\u00ed la Leyenda\u201d en el Auditorio Guelaguetza. Como parte de las presentaciones art\u00edsticas los d\u00edas 10, 19, 21, 26 y 28 de julio en el Centro Hist\u00f3rico se podr\u00e1n apreciar las expresiones y manifestaciones art\u00edsticas y artesanales de las culturas reconocidas en el estado de Oaxaca. A partir del 14 de julio se instalar\u00e1n las ExpoFerias Artesanales en San Mart\u00edn Tilcajete, San Antonio Arrazola y en el Centro Cultural y de Convenciones de Oaxaca (CCCO).<\/p>\n\n\n\n<p>En coordinaci\u00f3n con los municipios conurbados a la capital del estado se ha programado la realizaci\u00f3n de 12 Guelaguetzas alternas durante el mes de julio.<\/p>\n\n\n\n<p>Para dar muestra de la riqueza gastron\u00f3mica de la entidad, el 14 de julio, el CCCO ser\u00e1 la sede del Festival de los Moles en coordinaci\u00f3n con la C\u00e1mara Nacional de la Industria de Restaurantes y Alimentos Condimentados (Canirac) Oaxaca.<\/p>\n\n\n\n<p>En este mismo espacio, del 14 al 25 de julio, se realizar\u00e1 la Feria del Mezcal. En esas mismas fechas se podr\u00e1 disfrutar de la amplia variedad de platillos de las distintas regiones del estado en la Semana de los Antojos, que este a\u00f1o tendr\u00e1 como sede el Parque El Llano. La Feria del Tejate y el Tamal se efectuar\u00e1 del 19 y 20 de julio en la Plaza de la Danza, as\u00ed como la Feria del Quesillo en la plaza principal del municipio de Reyes Etla.<\/p>\n\n\n\n<p>Se estima importante derrama econ\u00f3mica<\/p>\n\n\n\n<p>Con la realizaci\u00f3n de estas actividades, se\u00f1al\u00f3 la titular de la Sectur Oaxaca, se estima el arribo de m\u00e1s de 129 mil visitantes quienes generar\u00e1n una ocupaci\u00f3n hotelera de 82 por ciento y una derrama econ\u00f3mica de 432 millones de pesos para la ciudad de Oaxaca.<\/p>\n\n\n\n<p>Con estas proyecciones se espera incrementar 7.95 puntos porcentuales la ocupaci\u00f3n hotelera, 9.22 por ciento la llegada de turistas y 10 por ciento la derrama econ\u00f3mica, todo esto respecto a los resultados reales obtenidos en 2022 y que se espera incrementar.<\/p>\n\n\n\n<p>Acciones en materia de seguridad<\/p>\n\n\n\n<p>Pineda Velasco dijo que para salvaguardar la integridad f\u00edsica de la ciudadan\u00eda y visitantes a fin de que su experiencia se torne \u00fanica, se han realizado acciones de coordinaci\u00f3n y recorridos al Auditorio Guelaguetza con 13 dependencias e instituciones de seguridad de los tres \u00f3rdenes de Gobierno.<\/p>\n\n\n\n<p>La Secretar\u00eda de Seguridad y Protecci\u00f3n Ciudadana (SSPC) establecer\u00e1 un operativo permanente durante esta temporada y espec\u00edficamente para la celebraci\u00f3n de los Lunes del Cerro se desplegar\u00e1n un aproximado de 780 elementos de seguridad, 480 elementos de vialidad y 50 bomberos y param\u00e9dicos.<\/p>\n\n\n\n<p>Elementos de la Polic\u00eda Tur\u00edstica contar\u00e1n con nuevos uniformes para facilitar su localizaci\u00f3n. En coordinaci\u00f3n con la Secretar\u00eda de Administraci\u00f3n se realizan labores de mantenimiento y mejora para garantizar que cada rinc\u00f3n de la Rotonda de la Azucena se encuentre en condiciones \u00f3ptimas, en acciones de iluminaci\u00f3n, mantenimiento hidrosanitario, herrer\u00eda, pintura, carpinter\u00eda y alba\u00f1iler\u00eda, poniendo especial atenci\u00f3n en los puntos de seguridad de la velaria, sus anclajes y puntos estructurales.<\/p>\n\n\n\n<p>Expoferia Artesanal con toda la muestra creativa de Oaxaca<\/p>\n\n\n\n<p>Durante la conferencia con representantes de los medios de comunicaci\u00f3n, el titular del Instituto para el Fomento y la Protecci\u00f3n de las Artesan\u00edas (IFPA) Emilio De Leo Blanco inform\u00f3 que la Expoferia Artesanal se llevar\u00e1 a cabo del 14 al 25 de julio en el Centro Cultural y de Convenciones de Oaxaca, en la que por primera vez representar\u00e1 toda la producci\u00f3n creativa de la entidad.<\/p>\n\n\n\n<p>Las personas interesadas en participar podr\u00e1n registrarse del 8 al 23 de junio de manera presencial en el domicilio del IFPA en Garc\u00eda Vigil n\u00famero 809, Centro, Oaxaca de Ju\u00e1rez de 10:00 a 15:00 horas. En l\u00ednea mediante la liga www.oaxaca.gob.mx\/ifpa\/ para lo cual se realizar\u00e1 un sorteo de manera transparente que ser\u00e1 transmitido a trav\u00e9s de los medios oficiales el 29 de junio.<\/p>\n\n\n\n<p>Los 200 espacios con los que se cuentan se sortear\u00e1n de acuerdo a la proporci\u00f3n de cada rama artesanal y regi\u00f3n, y en funci\u00f3n de los registros del padr\u00f3n de personas artesanas; se realizar\u00e1 mediante un sistema aleatorio de selecci\u00f3n, y quienes participen se identificar\u00e1n a trav\u00e9s del n\u00famero de registro asignado.<\/p>\n\n\n\n<p>El Gobierno del Estado generar\u00e1 las condiciones para que las personas artesanas no generen gastos y puedan comercializar de manera directa sus productos.<\/p>\n\n\n\n<p>Explic\u00f3 que el padr\u00f3n artesanal se conforma por 9 mil 9 personas y se ha validado al 20 por ciento del mismo. Se contar\u00e1 con una diversidad de expresiones con un mosaico cultural de toda la entidad como: textiles, madera talla, talabarter\u00eda y peleter\u00eda, orfebrer\u00eda, fibras vegetales, cartoner\u00eda y papel, metalister\u00eda, lapidaria y cantera, materiales diversos, hueso cuerno, plumaria, vidrio y cerer\u00eda.<\/p>\n\n\n\n<p>En su oportunidad, el director de los Derechos de los Pueblos Originarios de la Secretar\u00eda de Interculturalidad, Pueblos Ind\u00edgenas y Comunidades Ind\u00edgenas y Afromexicanas (SIPCIA) Carlos Alberto Ben\u00edtez Chagoya dio a conocer las actividades del programa Expresiones y Art\u00edsticas y Culturales de los Pueblos de Oaxaca 2023, en las que se integrar\u00e1n y difundir\u00e1n las expresi\u00f3n culturales y art\u00edsticas de las diferentes comunidades de la entidad, con la participaci\u00f3n de 31 Delegaciones en las principales calles del Centro Hist\u00f3rico los d\u00edas 10,19,21,26 y 28 de julio a partir de las 16:00 horas.<\/p>\n\n\n\n<p>En tanto, la titular de la Secretar\u00eda de Movilidad Claudina de Gyves Mendoza present\u00f3 el programa Oaxaca Camina que se implementar\u00e1 en 13 calles del Centro Hist\u00f3rico de la capital oaxaque\u00f1a con el objetivo de convertirlas en prioridad peatonal; pero sin restringir el uso de veh\u00edculos de motor, principalmente los que brinden servicios b\u00e1sicos.<\/p>\n\n\n\n<p>Con ello se favorecen los desplazamientos a pie de la poblaci\u00f3n en condiciones de seguridad, accesibilidad, eficiencia, sostenibilidad, calidad, inclusi\u00f3n e igualdad para que la ciudadan\u00eda y visitantes disfruten del Centro Hist\u00f3rico, Patrimonio Cultural de la Humanidad.<\/p>\n\n\n\n<p>Por su parte, el secretario de las Culturas y Artes V\u00edctor Cata reiter\u00f3 que en este a\u00f1o se estableci\u00f3 que estas festividades se realicen con una perspectiva de justicia social para la Reparaci\u00f3n Hist\u00f3rica de los Pueblos que impulsa el Gobernador Salom\u00f3n Jara.<\/p>\n\n\n\n<figure class=\"wp-block-image size-large\"><img fetchpriority=\"high\" decoding=\"async\" width=\"1024\" height=\"683\" src=\"https:\/\/contextoanalisisperiodistico.com\/wp-content\/uploads\/2023\/06\/img-20230608-wa00825992051535357027529-1024x683.jpg\" alt=\"\" class=\"wp-image-14533\" srcset=\"https:\/\/contextoanalisisperiodistico.com\/wp-content\/uploads\/2023\/06\/img-20230608-wa00825992051535357027529-1024x683.jpg 1024w, https:\/\/contextoanalisisperiodistico.com\/wp-content\/uploads\/2023\/06\/img-20230608-wa00825992051535357027529-300x200.jpg 300w, https:\/\/contextoanalisisperiodistico.com\/wp-content\/uploads\/2023\/06\/img-20230608-wa00825992051535357027529-768x512.jpg 768w, https:\/\/contextoanalisisperiodistico.com\/wp-content\/uploads\/2023\/06\/img-20230608-wa00825992051535357027529-1536x1024.jpg 1536w, https:\/\/contextoanalisisperiodistico.com\/wp-content\/uploads\/2023\/06\/img-20230608-wa00825992051535357027529.jpg 1600w\" sizes=\"(max-width: 1024px) 100vw, 1024px\" \/><\/figure>\n\n\n\n<figure class=\"wp-block-image\"><img decoding=\"async\" width=\"682\" height=\"1024\" src=\"https:\/\/contextoanalisisperiodistico.com\/wp-content\/uploads\/2023\/06\/img-20230608-wa00775714815564698199556-682x1024.jpg\" alt=\"\" class=\"wp-image-14532\" srcset=\"https:\/\/contextoanalisisperiodistico.com\/wp-content\/uploads\/2023\/06\/img-20230608-wa00775714815564698199556-682x1024.jpg 682w, https:\/\/contextoanalisisperiodistico.com\/wp-content\/uploads\/2023\/06\/img-20230608-wa00775714815564698199556-200x300.jpg 200w, https:\/\/contextoanalisisperiodistico.com\/wp-content\/uploads\/2023\/06\/img-20230608-wa00775714815564698199556-768x1153.jpg 768w, https:\/\/contextoanalisisperiodistico.com\/wp-content\/uploads\/2023\/06\/img-20230608-wa00775714815564698199556-1023x1536.jpg 1023w, https:\/\/contextoanalisisperiodistico.com\/wp-content\/uploads\/2023\/06\/img-20230608-wa00775714815564698199556-1024x1537.jpg 1024w, https:\/\/contextoanalisisperiodistico.com\/wp-content\/uploads\/2023\/06\/img-20230608-wa00775714815564698199556.jpg 1066w\" sizes=\"(max-width: 682px) 100vw, 682px\" \/><\/figure>\n","protected":false},"excerpt":{"rendered":"<p>\u2022 El Comit\u00e9 Intersecretarial para la coordinaci\u00f3n de la fiesta m\u00e1xima de las y los&#8230;<\/p>\n","protected":false},"author":4,"featured_media":14531,"comment_status":"closed","ping_status":"open","sticky":false,"template":"","format":"standard","meta":{"footnotes":""},"categories":[9],"tags":[],"jetpack_sharing_enabled":true,"featured_image_urls":{"full":["https:\/\/contextoanalisisperiodistico.com\/wp-content\/uploads\/2023\/06\/IMG-20230608-WA0075.jpg",1600,1066,false],"thumbnail":["https:\/\/contextoanalisisperiodistico.com\/wp-content\/uploads\/2023\/06\/IMG-20230608-WA0075-150x150.jpg",150,150,true],"medium":["https:\/\/contextoanalisisperiodistico.com\/wp-content\/uploads\/2023\/06\/IMG-20230608-WA0075-300x200.jpg",300,200,true],"medium_large":["https:\/\/contextoanalisisperiodistico.com\/wp-content\/uploads\/2023\/06\/IMG-20230608-WA0075-768x512.jpg",640,427,true],"large":["https:\/\/contextoanalisisperiodistico.com\/wp-content\/uploads\/2023\/06\/IMG-20230608-WA0075-1024x682.jpg",640,426,true],"1536x1536":["https:\/\/contextoanalisisperiodistico.com\/wp-content\/uploads\/2023\/06\/IMG-20230608-WA0075-1536x1023.jpg",1536,1023,true],"2048x2048":["https:\/\/contextoanalisisperiodistico.com\/wp-content\/uploads\/2023\/06\/IMG-20230608-WA0075.jpg",1600,1066,false],"covernews-slider-full":["https:\/\/contextoanalisisperiodistico.com\/wp-content\/uploads\/2023\/06\/IMG-20230608-WA0075-1115x715.jpg",1115,715,true],"covernews-slider-center":["https:\/\/contextoanalisisperiodistico.com\/wp-content\/uploads\/2023\/06\/IMG-20230608-WA0075-800x500.jpg",800,500,true],"covernews-featured":["https:\/\/contextoanalisisperiodistico.com\/wp-content\/uploads\/2023\/06\/IMG-20230608-WA0075-1024x682.jpg",1024,682,true],"covernews-medium":["https:\/\/contextoanalisisperiodistico.com\/wp-content\/uploads\/2023\/06\/IMG-20230608-WA0075-540x340.jpg",540,340,true],"covernews-medium-square":["https:\/\/contextoanalisisperiodistico.com\/wp-content\/uploads\/2023\/06\/IMG-20230608-WA0075-400x250.jpg",400,250,true]},"author_info":{"display_name":"Mario Gir\u00f3n","author_link":"https:\/\/contextoanalisisperiodistico.com\/index.php\/author\/director\/"},"category_info":"<a href=\"https:\/\/contextoanalisisperiodistico.com\/index.php\/category\/politica\/\" rel=\"category tag\">Pol\u00edtica<\/a>","tag_info":"Pol\u00edtica","comment_count":"0","jetpack_featured_media_url":"https:\/\/contextoanalisisperiodistico.com\/wp-content\/uploads\/2023\/06\/IMG-20230608-WA0075.jpg","_links":{"self":[{"href":"https:\/\/contextoanalisisperiodistico.com\/index.php\/wp-json\/wp\/v2\/posts\/14530"}],"collection":[{"href":"https:\/\/contextoanalisisperiodistico.com\/index.php\/wp-json\/wp\/v2\/posts"}],"about":[{"href":"https:\/\/contextoanalisisperiodistico.com\/index.php\/wp-json\/wp\/v2\/types\/post"}],"author":[{"embeddable":true,"href":"https:\/\/contextoanalisisperiodistico.com\/index.php\/wp-json\/wp\/v2\/users\/4"}],"replies":[{"embeddable":true,"href":"https:\/\/contextoanalisisperiodistico.com\/index.php\/wp-json\/wp\/v2\/comments?post=14530"}],"version-history":[{"count":3,"href":"https:\/\/contextoanalisisperiodistico.com\/index.php\/wp-json\/wp\/v2\/posts\/14530\/revisions"}],"predecessor-version":[{"id":14536,"href":"https:\/\/contextoanalisisperiodistico.com\/index.php\/wp-json\/wp\/v2\/posts\/14530\/revisions\/14536"}],"wp:featuredmedia":[{"embeddable":true,"href":"https:\/\/contextoanalisisperiodistico.com\/index.php\/wp-json\/wp\/v2\/media\/14531"}],"wp:attachment":[{"href":"https:\/\/contextoanalisisperiodistico.com\/index.php\/wp-json\/wp\/v2\/media?parent=14530"}],"wp:term":[{"taxonomy":"category","embeddable":true,"href":"https:\/\/contextoanalisisperiodistico.com\/index.php\/wp-json\/wp\/v2\/categories?post=14530"},{"taxonomy":"post_tag","embeddable":true,"href":"https:\/\/contextoanalisisperiodistico.com\/index.php\/wp-json\/wp\/v2\/tags?post=14530"}],"curies":[{"name":"wp","href":"https:\/\/api.w.org\/{rel}","templated":true}]}}