{"id":14524,"date":"2023-06-08T08:38:59","date_gmt":"2023-06-08T14:38:59","guid":{"rendered":"https:\/\/contextoanalisisperiodistico.com\/?p=14524"},"modified":"2023-06-08T08:39:14","modified_gmt":"2023-06-08T14:39:14","slug":"municipio-oaxaca-de-juarez-prepara-celebracion-dia-del-padre","status":"publish","type":"post","link":"https:\/\/contextoanalisisperiodistico.com\/index.php\/2023\/06\/08\/municipio-oaxaca-de-juarez-prepara-celebracion-dia-del-padre\/","title":{"rendered":"Municipio Oaxaca de Ju\u00e1rez prepara celebraci\u00f3n D\u00eda del Padre"},"content":{"rendered":"<div id=\"fb-root\"><\/div>\n\n<p>\u2022 A trav\u00e9s de la m\u00fasica y el baile, el municipio de Oaxaca de Ju\u00e1rez, festejar\u00e1 a los pap\u00e1s en su d\u00eda.<\/p>\n\n\n\n<p>Oaxaca de Ju\u00e1rez, Oax., 7 de junio de 2023. El municipio de Oaxaca de Ju\u00e1rez, encabezado por el edil capitalino, Francisco Mart\u00ednez Neri, a trav\u00e9s de la Secretar\u00eda de Arte y Cultura y el Instituto Municipal del Deporte, llevar\u00e1 a cabo el marat\u00f3n de baile gratuito \u00ab\u00a1Baila Padr\u00edsimo!\u00bb, en conmemoraci\u00f3n del D\u00eda del Padre el pr\u00f3ximo 18 de junio en la Plaza de la Danza, de 17:00 a 23:00 horas.<\/p>\n\n\n\n<p>En conferencia de prensa, se present\u00f3 a las destacadas agrupaciones musicales, academias de baile de sal\u00f3n y academias fitness, que participar\u00e1n en este marat\u00f3n de baile, que promete ser una experiencia inolvidable para toda la familia. En el escenario, se presentar\u00e1n la \u00abBanda Azul de Oaxaca\u00bb de H\u00e9ctor Cort\u00e9s, la \u00abOrquesta Verde Antequera\u00bb de Lucio Sol\u00eds, \u00abMaster Show\u00bb de C\u00e9sar Guzm\u00e1n y \u00abLos Super Bump\u00bb, quienes deleitar\u00e1n al p\u00fablico con una amplia gama de g\u00e9neros musicales, desde el tradicional danz\u00f3n, cumbias y salsa cl\u00e1sica, hasta los ritmos actuales y la m\u00fasica disco.<\/p>\n\n\n\n<p>Las academias de baile de sal\u00f3n y las academias de baile fitness tambi\u00e9n deslumbrar\u00e1n al p\u00fablico con las mejores coreograf\u00edas y rutinas preparadas especialmente para este evento.<\/p>\n\n\n\n<p>Entre los talentosos participantes se encuentran la Academia de baile \u00abDanz\u00f3n D&#8217;gala\u00bb de Mayte Victoria Gayt\u00e1n, la comunidad danzonera de Oaxaca, grupos de baile del \u00abCentro Cultural Ricardo Flores Mag\u00f3n\u00bb, grupos de baile del \u00abSal\u00f3n del Gobierno del Estado\u00bb, el club de baile \u00abPasito a Pasito\u00bb, la \u00abAsociaci\u00f3n de Baile y Danza Deportiva del Estado de Oaxaca\u00bb, la \u00abOrganizaci\u00f3n Internacional Fitness Profesional del Estado de Oaxaca\u00bb, \u00abCarmen Stay Fitness\u00bb, el \u00abInstituto Municipal del Deporte\u00bb, \u00abKarol Dance Fitness\u00bb y \u00abLa Dance Eschool\u00bb.<\/p>\n\n\n\n<p>Acompa\u00f1ado de la regidora de Igualdad de G\u00e9nero y de la Ciudad Educadora, Deyanira Altamirano G\u00f3mez, la regidora de Juventud y Deporte y de Atenci\u00f3n a Grupos en Situaci\u00f3n de Vulnerabilidad, Jocabed Betanzos Vel\u00e1squez, la secretaria de Arte y Cultura, Leticia Valle Mijangos, as\u00ed como el director del Instituto Municipal del Deporte, Porfirio Santill\u00e1n Miguel, el edil capitalino, Francisco Mart\u00ednez Neri, destac\u00f3 que este tipo de actividades ayuda a fortalecer el tejido social. \u201cNecesitamos que las familias fortalezcan los lazos de unidad\u201d.<\/p>\n\n\n\n<p>Este marat\u00f3n de baile es totalmente gratuito y se espera recibir a m\u00e1s de 2 mil personas, quienes podr\u00e1n disfrutar de un ambiente completamente familiar en la Plaza de la Danza. Una oportunidad \u00fanica para celebrar y homenajear a los padres en su d\u00eda a trav\u00e9s de la m\u00fasica y el baile.<\/p>\n\n\n\n<figure class=\"wp-block-image size-large\"><img fetchpriority=\"high\" decoding=\"async\" width=\"1024\" height=\"683\" src=\"https:\/\/contextoanalisisperiodistico.com\/wp-content\/uploads\/2023\/06\/img-20230608-wa00086560763565223043924-1024x683.jpg\" alt=\"\" class=\"wp-image-14526\" srcset=\"https:\/\/contextoanalisisperiodistico.com\/wp-content\/uploads\/2023\/06\/img-20230608-wa00086560763565223043924-1024x683.jpg 1024w, https:\/\/contextoanalisisperiodistico.com\/wp-content\/uploads\/2023\/06\/img-20230608-wa00086560763565223043924-300x200.jpg 300w, https:\/\/contextoanalisisperiodistico.com\/wp-content\/uploads\/2023\/06\/img-20230608-wa00086560763565223043924-768x512.jpg 768w, https:\/\/contextoanalisisperiodistico.com\/wp-content\/uploads\/2023\/06\/img-20230608-wa00086560763565223043924.jpg 1500w\" sizes=\"(max-width: 1024px) 100vw, 1024px\" \/><\/figure>\n\n\n\n<figure class=\"wp-block-image\"><img decoding=\"async\" width=\"1024\" height=\"683\" src=\"https:\/\/contextoanalisisperiodistico.com\/wp-content\/uploads\/2023\/06\/img-20230608-wa00068711276149126090074-1024x683.jpg\" alt=\"\" class=\"wp-image-14527\" srcset=\"https:\/\/contextoanalisisperiodistico.com\/wp-content\/uploads\/2023\/06\/img-20230608-wa00068711276149126090074-1024x683.jpg 1024w, https:\/\/contextoanalisisperiodistico.com\/wp-content\/uploads\/2023\/06\/img-20230608-wa00068711276149126090074-300x200.jpg 300w, https:\/\/contextoanalisisperiodistico.com\/wp-content\/uploads\/2023\/06\/img-20230608-wa00068711276149126090074-768x512.jpg 768w, https:\/\/contextoanalisisperiodistico.com\/wp-content\/uploads\/2023\/06\/img-20230608-wa00068711276149126090074.jpg 1500w\" sizes=\"(max-width: 1024px) 100vw, 1024px\" \/><\/figure>\n","protected":false},"excerpt":{"rendered":"<p>\u2022 A trav\u00e9s de la m\u00fasica y el baile, el municipio de Oaxaca de Ju\u00e1rez,&#8230;<\/p>\n","protected":false},"author":4,"featured_media":14525,"comment_status":"closed","ping_status":"open","sticky":false,"template":"","format":"standard","meta":{"footnotes":""},"categories":[9],"tags":[],"jetpack_sharing_enabled":true,"featured_image_urls":{"full":["https:\/\/contextoanalisisperiodistico.com\/wp-content\/uploads\/2023\/06\/IMG-20230608-WA0005.jpg",1500,1000,false],"thumbnail":["https:\/\/contextoanalisisperiodistico.com\/wp-content\/uploads\/2023\/06\/IMG-20230608-WA0005-150x150.jpg",150,150,true],"medium":["https:\/\/contextoanalisisperiodistico.com\/wp-content\/uploads\/2023\/06\/IMG-20230608-WA0005-300x200.jpg",300,200,true],"medium_large":["https:\/\/contextoanalisisperiodistico.com\/wp-content\/uploads\/2023\/06\/IMG-20230608-WA0005-768x512.jpg",640,427,true],"large":["https:\/\/contextoanalisisperiodistico.com\/wp-content\/uploads\/2023\/06\/IMG-20230608-WA0005-1024x683.jpg",640,427,true],"1536x1536":["https:\/\/contextoanalisisperiodistico.com\/wp-content\/uploads\/2023\/06\/IMG-20230608-WA0005.jpg",1500,1000,false],"2048x2048":["https:\/\/contextoanalisisperiodistico.com\/wp-content\/uploads\/2023\/06\/IMG-20230608-WA0005.jpg",1500,1000,false],"covernews-slider-full":["https:\/\/contextoanalisisperiodistico.com\/wp-content\/uploads\/2023\/06\/IMG-20230608-WA0005-1115x715.jpg",1115,715,true],"covernews-slider-center":["https:\/\/contextoanalisisperiodistico.com\/wp-content\/uploads\/2023\/06\/IMG-20230608-WA0005-800x500.jpg",800,500,true],"covernews-featured":["https:\/\/contextoanalisisperiodistico.com\/wp-content\/uploads\/2023\/06\/IMG-20230608-WA0005-1024x683.jpg",1024,683,true],"covernews-medium":["https:\/\/contextoanalisisperiodistico.com\/wp-content\/uploads\/2023\/06\/IMG-20230608-WA0005-540x340.jpg",540,340,true],"covernews-medium-square":["https:\/\/contextoanalisisperiodistico.com\/wp-content\/uploads\/2023\/06\/IMG-20230608-WA0005-400x250.jpg",400,250,true]},"author_info":{"display_name":"Mario Gir\u00f3n","author_link":"https:\/\/contextoanalisisperiodistico.com\/index.php\/author\/director\/"},"category_info":"<a href=\"https:\/\/contextoanalisisperiodistico.com\/index.php\/category\/politica\/\" rel=\"category tag\">Pol\u00edtica<\/a>","tag_info":"Pol\u00edtica","comment_count":"0","jetpack_featured_media_url":"https:\/\/contextoanalisisperiodistico.com\/wp-content\/uploads\/2023\/06\/IMG-20230608-WA0005.jpg","_links":{"self":[{"href":"https:\/\/contextoanalisisperiodistico.com\/index.php\/wp-json\/wp\/v2\/posts\/14524"}],"collection":[{"href":"https:\/\/contextoanalisisperiodistico.com\/index.php\/wp-json\/wp\/v2\/posts"}],"about":[{"href":"https:\/\/contextoanalisisperiodistico.com\/index.php\/wp-json\/wp\/v2\/types\/post"}],"author":[{"embeddable":true,"href":"https:\/\/contextoanalisisperiodistico.com\/index.php\/wp-json\/wp\/v2\/users\/4"}],"replies":[{"embeddable":true,"href":"https:\/\/contextoanalisisperiodistico.com\/index.php\/wp-json\/wp\/v2\/comments?post=14524"}],"version-history":[{"count":1,"href":"https:\/\/contextoanalisisperiodistico.com\/index.php\/wp-json\/wp\/v2\/posts\/14524\/revisions"}],"predecessor-version":[{"id":14528,"href":"https:\/\/contextoanalisisperiodistico.com\/index.php\/wp-json\/wp\/v2\/posts\/14524\/revisions\/14528"}],"wp:featuredmedia":[{"embeddable":true,"href":"https:\/\/contextoanalisisperiodistico.com\/index.php\/wp-json\/wp\/v2\/media\/14525"}],"wp:attachment":[{"href":"https:\/\/contextoanalisisperiodistico.com\/index.php\/wp-json\/wp\/v2\/media?parent=14524"}],"wp:term":[{"taxonomy":"category","embeddable":true,"href":"https:\/\/contextoanalisisperiodistico.com\/index.php\/wp-json\/wp\/v2\/categories?post=14524"},{"taxonomy":"post_tag","embeddable":true,"href":"https:\/\/contextoanalisisperiodistico.com\/index.php\/wp-json\/wp\/v2\/tags?post=14524"}],"curies":[{"name":"wp","href":"https:\/\/api.w.org\/{rel}","templated":true}]}}