{"id":14410,"date":"2023-06-05T17:42:10","date_gmt":"2023-06-05T23:42:10","guid":{"rendered":"https:\/\/contextoanalisisperiodistico.com\/?p=14410"},"modified":"2023-06-05T17:42:22","modified_gmt":"2023-06-05T23:42:22","slug":"a-seis-meses-de-asumir-el-cargo-la-transformacion-esta-llegando-a-las-comunidades-gobernador-salomon-jara","status":"publish","type":"post","link":"https:\/\/contextoanalisisperiodistico.com\/index.php\/2023\/06\/05\/a-seis-meses-de-asumir-el-cargo-la-transformacion-esta-llegando-a-las-comunidades-gobernador-salomon-jara\/","title":{"rendered":"<em>A seis meses de asumir el cargo, la Transformaci\u00f3n est\u00e1 llegando a las comunidades: Gobernador Salom\u00f3n Jara<\/em>"},"content":{"rendered":"<div id=\"fb-root\"><\/div>\n\n<p>\u2022 Desde el inicio de su mandato se impulsa una administraci\u00f3n honesta, transparente y cercana a los pueblos y localidades<\/p>\n\n\n\n<p>Oaxaca de Ju\u00e1rez, Oax. 5 de junio del 2023.- Al cumplir un a\u00f1o de haber ganado las elecciones y a seis meses de asumir el cargo como Gobernador del Estado, Salom\u00f3n Jara Cruz destac\u00f3 que la Transformaci\u00f3n est\u00e1 llegando a las comunidades m\u00e1s apartadas y que m\u00e1s lo necesitan en las ocho regiones del estado y se impulsa, desde el inicio de su mandato, una administraci\u00f3n honesta, transparente y cercana a los pueblos y localidades.<\/p>\n\n\n\n<p>La Primavera Oaxaque\u00f1a es de hechos y de resultados, refiri\u00f3, al tiempo que destac\u00f3 que, desde abajo, se contin\u00faa caminando y recorriendo los pueblos, escuchando y conociendo las inquietudes y necesidades de las y los oaxaque\u00f1os para hacer de Oaxaca un estado de Bienestar.<\/p>\n\n\n\n<p>\u201cBasamos todos nuestros esfuerzos en el trabajo y resultado porque la esperanza de una verdadera transformaci\u00f3n, solo se har\u00e1 realidad con hechos, solo as\u00ed terminaremos con la larga historia de abandono, marginaci\u00f3n y olvido que han sufrido nuestros pueblos de Oaxaca\u201d, indic\u00f3.<\/p>\n\n\n\n<p>Dijo que, con el apoyo de todas y todos, se est\u00e1 terminando con la larga historia de abandono, marginaci\u00f3n y olvido que han sufrido los pueblos y comunidades.<\/p>\n\n\n\n<p>Detall\u00f3 que, a trav\u00e9s de las pol\u00edticas de bienestar transformador se impulsa la Reparaci\u00f3n Hist\u00f3rica de los Pueblos, \u201cestamos convencidos que el destino de Oaxaca no es la pobreza sino el desarrollo\u201d.<\/p>\n\n\n\n<p>Adem\u00e1s, agreg\u00f3 que hay mucho camino por recorrer, pero de la mano de las mujeres, hombres, j\u00f3venes, ni\u00f1as y ni\u00f1os, se trabaja desde territorio y no del escritorio para acercar la seguridad, la justicia, la paz, el desarrollo e igualdad para todas y todos.<\/p>\n\n\n\n<p>Nuestro compromiso es con el pueblo de Oaxaca, la transformaci\u00f3n en nuestro estado ya nadie la detiene, afirm\u00f3.<\/p>\n\n\n\n<figure class=\"wp-block-image size-large\"><img fetchpriority=\"high\" decoding=\"async\" width=\"1024\" height=\"683\" src=\"https:\/\/contextoanalisisperiodistico.com\/wp-content\/uploads\/2023\/06\/img-20230605-wa00712376693945529654457.jpg\" alt=\"\" class=\"wp-image-14412\" srcset=\"https:\/\/contextoanalisisperiodistico.com\/wp-content\/uploads\/2023\/06\/img-20230605-wa00712376693945529654457.jpg 1024w, https:\/\/contextoanalisisperiodistico.com\/wp-content\/uploads\/2023\/06\/img-20230605-wa00712376693945529654457-300x200.jpg 300w, https:\/\/contextoanalisisperiodistico.com\/wp-content\/uploads\/2023\/06\/img-20230605-wa00712376693945529654457-768x512.jpg 768w\" sizes=\"(max-width: 1024px) 100vw, 1024px\" \/><\/figure>\n\n\n\n<figure class=\"wp-block-image\"><img decoding=\"async\" width=\"995\" height=\"1024\" src=\"https:\/\/contextoanalisisperiodistico.com\/wp-content\/uploads\/2023\/06\/img-20230605-wa00642046254855680472455-995x1024.jpg\" alt=\"\" class=\"wp-image-14413\" srcset=\"https:\/\/contextoanalisisperiodistico.com\/wp-content\/uploads\/2023\/06\/img-20230605-wa00642046254855680472455-995x1024.jpg 995w, https:\/\/contextoanalisisperiodistico.com\/wp-content\/uploads\/2023\/06\/img-20230605-wa00642046254855680472455-291x300.jpg 291w, https:\/\/contextoanalisisperiodistico.com\/wp-content\/uploads\/2023\/06\/img-20230605-wa00642046254855680472455-768x791.jpg 768w, https:\/\/contextoanalisisperiodistico.com\/wp-content\/uploads\/2023\/06\/img-20230605-wa00642046254855680472455.jpg 1014w\" sizes=\"(max-width: 995px) 100vw, 995px\" \/><\/figure>\n","protected":false},"excerpt":{"rendered":"<p>\u2022 Desde el inicio de su mandato se impulsa una administraci\u00f3n honesta, transparente y cercana&#8230;<\/p>\n","protected":false},"author":4,"featured_media":14411,"comment_status":"closed","ping_status":"open","sticky":false,"template":"","format":"standard","meta":{"footnotes":""},"categories":[9],"tags":[],"jetpack_sharing_enabled":true,"featured_image_urls":{"full":["https:\/\/contextoanalisisperiodistico.com\/wp-content\/uploads\/2023\/06\/IMG-20230605-WA0070.jpg",1600,1066,false],"thumbnail":["https:\/\/contextoanalisisperiodistico.com\/wp-content\/uploads\/2023\/06\/IMG-20230605-WA0070-150x150.jpg",150,150,true],"medium":["https:\/\/contextoanalisisperiodistico.com\/wp-content\/uploads\/2023\/06\/IMG-20230605-WA0070-300x200.jpg",300,200,true],"medium_large":["https:\/\/contextoanalisisperiodistico.com\/wp-content\/uploads\/2023\/06\/IMG-20230605-WA0070-768x512.jpg",640,427,true],"large":["https:\/\/contextoanalisisperiodistico.com\/wp-content\/uploads\/2023\/06\/IMG-20230605-WA0070-1024x682.jpg",640,426,true],"1536x1536":["https:\/\/contextoanalisisperiodistico.com\/wp-content\/uploads\/2023\/06\/IMG-20230605-WA0070-1536x1023.jpg",1536,1023,true],"2048x2048":["https:\/\/contextoanalisisperiodistico.com\/wp-content\/uploads\/2023\/06\/IMG-20230605-WA0070.jpg",1600,1066,false],"covernews-slider-full":["https:\/\/contextoanalisisperiodistico.com\/wp-content\/uploads\/2023\/06\/IMG-20230605-WA0070-1115x715.jpg",1115,715,true],"covernews-slider-center":["https:\/\/contextoanalisisperiodistico.com\/wp-content\/uploads\/2023\/06\/IMG-20230605-WA0070-800x500.jpg",800,500,true],"covernews-featured":["https:\/\/contextoanalisisperiodistico.com\/wp-content\/uploads\/2023\/06\/IMG-20230605-WA0070-1024x682.jpg",1024,682,true],"covernews-medium":["https:\/\/contextoanalisisperiodistico.com\/wp-content\/uploads\/2023\/06\/IMG-20230605-WA0070-540x340.jpg",540,340,true],"covernews-medium-square":["https:\/\/contextoanalisisperiodistico.com\/wp-content\/uploads\/2023\/06\/IMG-20230605-WA0070-400x250.jpg",400,250,true]},"author_info":{"display_name":"Mario Gir\u00f3n","author_link":"https:\/\/contextoanalisisperiodistico.com\/index.php\/author\/director\/"},"category_info":"<a href=\"https:\/\/contextoanalisisperiodistico.com\/index.php\/category\/politica\/\" rel=\"category tag\">Pol\u00edtica<\/a>","tag_info":"Pol\u00edtica","comment_count":"0","jetpack_featured_media_url":"https:\/\/contextoanalisisperiodistico.com\/wp-content\/uploads\/2023\/06\/IMG-20230605-WA0070.jpg","_links":{"self":[{"href":"https:\/\/contextoanalisisperiodistico.com\/index.php\/wp-json\/wp\/v2\/posts\/14410"}],"collection":[{"href":"https:\/\/contextoanalisisperiodistico.com\/index.php\/wp-json\/wp\/v2\/posts"}],"about":[{"href":"https:\/\/contextoanalisisperiodistico.com\/index.php\/wp-json\/wp\/v2\/types\/post"}],"author":[{"embeddable":true,"href":"https:\/\/contextoanalisisperiodistico.com\/index.php\/wp-json\/wp\/v2\/users\/4"}],"replies":[{"embeddable":true,"href":"https:\/\/contextoanalisisperiodistico.com\/index.php\/wp-json\/wp\/v2\/comments?post=14410"}],"version-history":[{"count":1,"href":"https:\/\/contextoanalisisperiodistico.com\/index.php\/wp-json\/wp\/v2\/posts\/14410\/revisions"}],"predecessor-version":[{"id":14414,"href":"https:\/\/contextoanalisisperiodistico.com\/index.php\/wp-json\/wp\/v2\/posts\/14410\/revisions\/14414"}],"wp:featuredmedia":[{"embeddable":true,"href":"https:\/\/contextoanalisisperiodistico.com\/index.php\/wp-json\/wp\/v2\/media\/14411"}],"wp:attachment":[{"href":"https:\/\/contextoanalisisperiodistico.com\/index.php\/wp-json\/wp\/v2\/media?parent=14410"}],"wp:term":[{"taxonomy":"category","embeddable":true,"href":"https:\/\/contextoanalisisperiodistico.com\/index.php\/wp-json\/wp\/v2\/categories?post=14410"},{"taxonomy":"post_tag","embeddable":true,"href":"https:\/\/contextoanalisisperiodistico.com\/index.php\/wp-json\/wp\/v2\/tags?post=14410"}],"curies":[{"name":"wp","href":"https:\/\/api.w.org\/{rel}","templated":true}]}}