{"id":14406,"date":"2023-06-05T15:24:24","date_gmt":"2023-06-05T21:24:24","guid":{"rendered":"https:\/\/contextoanalisisperiodistico.com\/index.php\/2023\/06\/05\/cumplimos-seis-meses-transformando-la-historia-de-oaxaca-gobernador-salomon-jara\/"},"modified":"2023-06-05T15:24:24","modified_gmt":"2023-06-05T21:24:24","slug":"cumplimos-seis-meses-transformando-la-historia-de-oaxaca-gobernador-salomon-jara","status":"publish","type":"post","link":"https:\/\/contextoanalisisperiodistico.com\/index.php\/2023\/06\/05\/cumplimos-seis-meses-transformando-la-historia-de-oaxaca-gobernador-salomon-jara\/","title":{"rendered":"Cumplimos seis meses transformando la historia de Oaxaca, Gobernador Salom\u00f3n Jara"},"content":{"rendered":"<div id=\"fb-root\"><\/div>\n\n<p>(*) Lo hacemos con un gobierno honesto, cercano y transparente, afirm\u00f3 el Mandatario <\/p>\n\n\n\n<p>La Primavera Oaxaque\u00f1a es de hechos y resultados, asegur\u00f3 el gobernador Salom\u00f3n Jara Cruz.<\/p>\n\n\n\n<p>Vaticin\u00f3 que con el apoyo de todas y todos terminarenos con larga historia de abandono, marginaci\u00f3n y olvido que han sufrido pueblos y comunidades <\/p>\n\n\n\n<figure class=\"wp-block-video\"><video controls src=\"https:\/\/contextoanalisisperiodistico.com\/wp-content\/uploads\/2023\/06\/1685999295396.mp4\"><\/video><\/figure>\n\n\n\n<figure class=\"wp-block-image size-large\"><img fetchpriority=\"high\" decoding=\"async\" width=\"557\" height=\"322\" src=\"https:\/\/contextoanalisisperiodistico.com\/wp-content\/uploads\/2023\/06\/screenshot_20230605_150544_facebook7044451989038929382.jpg\" alt=\"\" class=\"wp-image-14405\" srcset=\"https:\/\/contextoanalisisperiodistico.com\/wp-content\/uploads\/2023\/06\/screenshot_20230605_150544_facebook7044451989038929382.jpg 557w, https:\/\/contextoanalisisperiodistico.com\/wp-content\/uploads\/2023\/06\/screenshot_20230605_150544_facebook7044451989038929382-300x173.jpg 300w\" sizes=\"(max-width: 557px) 100vw, 557px\" \/><\/figure>\n\n\n\n<figure class=\"wp-block-image\"><img decoding=\"async\" width=\"300\" height=\"223\" src=\"https:\/\/contextoanalisisperiodistico.com\/wp-content\/uploads\/2023\/06\/screenshot_20230605_150551_facebook6500392514570427309-300x223.jpg\" alt=\"\" class=\"wp-image-14404\" srcset=\"https:\/\/contextoanalisisperiodistico.com\/wp-content\/uploads\/2023\/06\/screenshot_20230605_150551_facebook6500392514570427309-300x223.jpg 300w, https:\/\/contextoanalisisperiodistico.com\/wp-content\/uploads\/2023\/06\/screenshot_20230605_150551_facebook6500392514570427309.jpg 496w\" sizes=\"(max-width: 300px) 100vw, 300px\" \/><\/figure>\n","protected":false},"excerpt":{"rendered":"<p>(*) Lo hacemos con un gobierno honesto, cercano y transparente, afirm\u00f3 el Mandatario La Primavera&#8230;<\/p>\n","protected":false},"author":4,"featured_media":14402,"comment_status":"","ping_status":"open","sticky":false,"template":"","format":"standard","meta":{"footnotes":""},"categories":[9],"tags":[27],"jetpack_sharing_enabled":true,"featured_image_urls":{"full":["https:\/\/contextoanalisisperiodistico.com\/wp-content\/uploads\/2023\/06\/Screenshot_20230605_150525_Facebook.jpg",548,360,false],"thumbnail":["https:\/\/contextoanalisisperiodistico.com\/wp-content\/uploads\/2023\/06\/Screenshot_20230605_150525_Facebook-150x150.jpg",150,150,true],"medium":["https:\/\/contextoanalisisperiodistico.com\/wp-content\/uploads\/2023\/06\/Screenshot_20230605_150525_Facebook-300x197.jpg",300,197,true],"medium_large":["https:\/\/contextoanalisisperiodistico.com\/wp-content\/uploads\/2023\/06\/Screenshot_20230605_150525_Facebook.jpg",548,360,false],"large":["https:\/\/contextoanalisisperiodistico.com\/wp-content\/uploads\/2023\/06\/Screenshot_20230605_150525_Facebook.jpg",548,360,false],"1536x1536":["https:\/\/contextoanalisisperiodistico.com\/wp-content\/uploads\/2023\/06\/Screenshot_20230605_150525_Facebook.jpg",548,360,false],"2048x2048":["https:\/\/contextoanalisisperiodistico.com\/wp-content\/uploads\/2023\/06\/Screenshot_20230605_150525_Facebook.jpg",548,360,false],"covernews-slider-full":["https:\/\/contextoanalisisperiodistico.com\/wp-content\/uploads\/2023\/06\/Screenshot_20230605_150525_Facebook.jpg",548,360,false],"covernews-slider-center":["https:\/\/contextoanalisisperiodistico.com\/wp-content\/uploads\/2023\/06\/Screenshot_20230605_150525_Facebook.jpg",548,360,false],"covernews-featured":["https:\/\/contextoanalisisperiodistico.com\/wp-content\/uploads\/2023\/06\/Screenshot_20230605_150525_Facebook.jpg",548,360,false],"covernews-medium":["https:\/\/contextoanalisisperiodistico.com\/wp-content\/uploads\/2023\/06\/Screenshot_20230605_150525_Facebook-540x340.jpg",540,340,true],"covernews-medium-square":["https:\/\/contextoanalisisperiodistico.com\/wp-content\/uploads\/2023\/06\/Screenshot_20230605_150525_Facebook-400x250.jpg",400,250,true]},"author_info":{"display_name":"Mario Gir\u00f3n","author_link":"https:\/\/contextoanalisisperiodistico.com\/index.php\/author\/director\/"},"category_info":"<a href=\"https:\/\/contextoanalisisperiodistico.com\/index.php\/category\/politica\/\" rel=\"category tag\">Pol\u00edtica<\/a>","tag_info":"Pol\u00edtica","comment_count":"0","jetpack_featured_media_url":"https:\/\/contextoanalisisperiodistico.com\/wp-content\/uploads\/2023\/06\/Screenshot_20230605_150525_Facebook.jpg","_links":{"self":[{"href":"https:\/\/contextoanalisisperiodistico.com\/index.php\/wp-json\/wp\/v2\/posts\/14406"}],"collection":[{"href":"https:\/\/contextoanalisisperiodistico.com\/index.php\/wp-json\/wp\/v2\/posts"}],"about":[{"href":"https:\/\/contextoanalisisperiodistico.com\/index.php\/wp-json\/wp\/v2\/types\/post"}],"author":[{"embeddable":true,"href":"https:\/\/contextoanalisisperiodistico.com\/index.php\/wp-json\/wp\/v2\/users\/4"}],"replies":[{"embeddable":true,"href":"https:\/\/contextoanalisisperiodistico.com\/index.php\/wp-json\/wp\/v2\/comments?post=14406"}],"version-history":[{"count":0,"href":"https:\/\/contextoanalisisperiodistico.com\/index.php\/wp-json\/wp\/v2\/posts\/14406\/revisions"}],"wp:featuredmedia":[{"embeddable":true,"href":"https:\/\/contextoanalisisperiodistico.com\/index.php\/wp-json\/wp\/v2\/media\/14402"}],"wp:attachment":[{"href":"https:\/\/contextoanalisisperiodistico.com\/index.php\/wp-json\/wp\/v2\/media?parent=14406"}],"wp:term":[{"taxonomy":"category","embeddable":true,"href":"https:\/\/contextoanalisisperiodistico.com\/index.php\/wp-json\/wp\/v2\/categories?post=14406"},{"taxonomy":"post_tag","embeddable":true,"href":"https:\/\/contextoanalisisperiodistico.com\/index.php\/wp-json\/wp\/v2\/tags?post=14406"}],"curies":[{"name":"wp","href":"https:\/\/api.w.org\/{rel}","templated":true}]}}