{"id":14380,"date":"2023-06-05T08:32:23","date_gmt":"2023-06-05T14:32:23","guid":{"rendered":"https:\/\/contextoanalisisperiodistico.com\/?p=14380"},"modified":"2023-06-05T08:32:31","modified_gmt":"2023-06-05T14:32:31","slug":"francisco-martinez-neri-logra-cambios-significativos-en-pueblo-nuevo","status":"publish","type":"post","link":"https:\/\/contextoanalisisperiodistico.com\/index.php\/2023\/06\/05\/francisco-martinez-neri-logra-cambios-significativos-en-pueblo-nuevo\/","title":{"rendered":"Francisco Mart\u00ednez Neri logra cambios significativos en Pueblo Nuevo"},"content":{"rendered":"<div id=\"fb-root\"><\/div>\n\n<ul>\n<li>La colaboraci\u00f3n entre el gobierno municipal y la ciudadan\u00eda logra cambios a trav\u00e9s del Banco de Materiales.<\/li>\n<\/ul>\n\n\n\n<p>Oaxaca de Ju\u00e1rez, Oax., a 04 de junio de 2023.- En un compromiso constante con el bienestar de la comunidad, el presidente municipal de Oaxaca de Ju\u00e1rez, Francisco Mart\u00ednez Neri, asisti\u00f3 a la verificaci\u00f3n de diversas obras llevadas a cabo en la Agencia Municipal de Pueblo Nuevo, gracias a la colaboraci\u00f3n conjunta entre la ciudadan\u00eda y el gobierno a trav\u00e9s del Banco de Materiales.<\/p>\n\n\n\n<p>Acompa\u00f1ado por la agente municipal, Ingrid Berenice Hern\u00e1ndez Matadamas, la s\u00edndica primera, regidoras y regidores, as\u00ed como su equipo de trabajo, el edil capitalino, Francisco Mart\u00ednez Neri, realiz\u00f3 un recorrido por la colonia Constituyentes para constatar el avance de las obras, tales como la construcci\u00f3n de una cisterna y la rehabilitaci\u00f3n del \u00e1rea de juegos en la galera de dicha colonia. Estas mejoras proporcionan a los habitantes un espacio de sana convivencia en \u00f3ptimas condiciones, con servicios esenciales disponibles para su disfrute.<\/p>\n\n\n\n<p>Posteriormente se traslad\u00f3 a la calle San \u00c1ngel, de esta misma colonia, lugar en el que se llev\u00f3 a cabo la construcci\u00f3n de banqueta y guarniciones con concreto hidr\u00e1ulico. Estas mejoras en la infraestructura vial de la zona brindan a los habitantes mayor seguridad y comodidad al transitar por las calles.<\/p>\n\n\n\n<p>Durante su recorrido, Mart\u00ednez Neri expres\u00f3 su satisfacci\u00f3n al constatar el impacto positivo de estas acciones, las cuales contribuyen a resolver problemas inmediatos y mejorar la calidad de vida de los habitantes de Oaxaca de Ju\u00e1rez.<\/p>\n\n\n\n<p>Asimismo, destac\u00f3 el valor de la colaboraci\u00f3n entre el gobierno municipal y la ciudadan\u00eda para lograr cambios significativos en la comunidad.<\/p>\n\n\n\n<p>Para finalizar, el edil capitalino se dirigi\u00f3 a las calles Las Vegas y Nuevo M\u00e9xico, en la colonia Los \u00c1ngeles, donde se realiz\u00f3 la construcci\u00f3n de un paso peatonal. Mart\u00ednez Neri elogi\u00f3 el esfuerzo y el buen trabajo realizado por las vecinas y los vecinos que participaron activamente en la ejecuci\u00f3n de esta importante obra.<\/p>\n\n\n\n<p>Cabe mencionar que el Banco de Materiales es una iniciativa impulsada por el gobierno municipal, consistente en la adquisici\u00f3n de materiales para construcci\u00f3n, con recursos propios, mismos que se proporcionan a los ciudadanos para que estos, a su vez, aporten su mano de obra. Esta acci\u00f3n demuestra el compromiso de la administraci\u00f3n de Francisco Mart\u00ednez Neri para fomentar la participaci\u00f3n ciudadana y fortalecer el desarrollo comunitario.<\/p>\n\n\n\n<p>Con estas obras, el presidente municipal reafirma su compromiso con el progreso y el bienestar de la poblaci\u00f3n de Oaxaca de Ju\u00e1rez. Adem\u00e1s, subraya la importancia de la colaboraci\u00f3n entre el gobierno y la ciudadan\u00eda como elemento fundamental para construir un futuro pr\u00f3spero y equitativo.<\/p>\n\n\n\n<figure class=\"wp-block-image size-large\"><img fetchpriority=\"high\" decoding=\"async\" width=\"1024\" height=\"683\" src=\"https:\/\/contextoanalisisperiodistico.com\/wp-content\/uploads\/2023\/06\/img-20230605-wa00057751251249850254371-1024x683.jpg\" alt=\"\" class=\"wp-image-14382\" srcset=\"https:\/\/contextoanalisisperiodistico.com\/wp-content\/uploads\/2023\/06\/img-20230605-wa00057751251249850254371-1024x683.jpg 1024w, https:\/\/contextoanalisisperiodistico.com\/wp-content\/uploads\/2023\/06\/img-20230605-wa00057751251249850254371-300x200.jpg 300w, https:\/\/contextoanalisisperiodistico.com\/wp-content\/uploads\/2023\/06\/img-20230605-wa00057751251249850254371-768x512.jpg 768w, https:\/\/contextoanalisisperiodistico.com\/wp-content\/uploads\/2023\/06\/img-20230605-wa00057751251249850254371.jpg 1500w\" sizes=\"(max-width: 1024px) 100vw, 1024px\" \/><\/figure>\n\n\n\n<figure class=\"wp-block-image\"><img decoding=\"async\" width=\"1024\" height=\"683\" src=\"https:\/\/contextoanalisisperiodistico.com\/wp-content\/uploads\/2023\/06\/img-20230605-wa00075972492803847402900-1024x683.jpg\" alt=\"\" class=\"wp-image-14384\" srcset=\"https:\/\/contextoanalisisperiodistico.com\/wp-content\/uploads\/2023\/06\/img-20230605-wa00075972492803847402900-1024x683.jpg 1024w, https:\/\/contextoanalisisperiodistico.com\/wp-content\/uploads\/2023\/06\/img-20230605-wa00075972492803847402900-300x200.jpg 300w, https:\/\/contextoanalisisperiodistico.com\/wp-content\/uploads\/2023\/06\/img-20230605-wa00075972492803847402900-768x512.jpg 768w, https:\/\/contextoanalisisperiodistico.com\/wp-content\/uploads\/2023\/06\/img-20230605-wa00075972492803847402900.jpg 1500w\" sizes=\"(max-width: 1024px) 100vw, 1024px\" \/><\/figure>\n\n\n\n<figure class=\"wp-block-image\"><img decoding=\"async\" width=\"1024\" height=\"683\" src=\"https:\/\/contextoanalisisperiodistico.com\/wp-content\/uploads\/2023\/06\/img-20230605-wa00062829041993854440353-1024x683.jpg\" alt=\"\" class=\"wp-image-14383\" srcset=\"https:\/\/contextoanalisisperiodistico.com\/wp-content\/uploads\/2023\/06\/img-20230605-wa00062829041993854440353-1024x683.jpg 1024w, https:\/\/contextoanalisisperiodistico.com\/wp-content\/uploads\/2023\/06\/img-20230605-wa00062829041993854440353-300x200.jpg 300w, https:\/\/contextoanalisisperiodistico.com\/wp-content\/uploads\/2023\/06\/img-20230605-wa00062829041993854440353-768x512.jpg 768w, https:\/\/contextoanalisisperiodistico.com\/wp-content\/uploads\/2023\/06\/img-20230605-wa00062829041993854440353.jpg 1500w\" sizes=\"(max-width: 1024px) 100vw, 1024px\" \/><\/figure>\n","protected":false},"excerpt":{"rendered":"<p>Oaxaca de Ju\u00e1rez, Oax., a 04 de junio de 2023.- En un compromiso constante con&#8230;<\/p>\n","protected":false},"author":4,"featured_media":14381,"comment_status":"closed","ping_status":"open","sticky":false,"template":"","format":"standard","meta":{"footnotes":""},"categories":[9],"tags":[],"jetpack_sharing_enabled":true,"featured_image_urls":{"full":["https:\/\/contextoanalisisperiodistico.com\/wp-content\/uploads\/2023\/06\/IMG-20230605-WA0004.jpg",1600,1067,false],"thumbnail":["https:\/\/contextoanalisisperiodistico.com\/wp-content\/uploads\/2023\/06\/IMG-20230605-WA0004-150x150.jpg",150,150,true],"medium":["https:\/\/contextoanalisisperiodistico.com\/wp-content\/uploads\/2023\/06\/IMG-20230605-WA0004-300x200.jpg",300,200,true],"medium_large":["https:\/\/contextoanalisisperiodistico.com\/wp-content\/uploads\/2023\/06\/IMG-20230605-WA0004-768x512.jpg",640,427,true],"large":["https:\/\/contextoanalisisperiodistico.com\/wp-content\/uploads\/2023\/06\/IMG-20230605-WA0004-1024x683.jpg",640,427,true],"1536x1536":["https:\/\/contextoanalisisperiodistico.com\/wp-content\/uploads\/2023\/06\/IMG-20230605-WA0004-1536x1024.jpg",1536,1024,true],"2048x2048":["https:\/\/contextoanalisisperiodistico.com\/wp-content\/uploads\/2023\/06\/IMG-20230605-WA0004.jpg",1600,1067,false],"covernews-slider-full":["https:\/\/contextoanalisisperiodistico.com\/wp-content\/uploads\/2023\/06\/IMG-20230605-WA0004-1115x715.jpg",1115,715,true],"covernews-slider-center":["https:\/\/contextoanalisisperiodistico.com\/wp-content\/uploads\/2023\/06\/IMG-20230605-WA0004-800x500.jpg",800,500,true],"covernews-featured":["https:\/\/contextoanalisisperiodistico.com\/wp-content\/uploads\/2023\/06\/IMG-20230605-WA0004-1024x683.jpg",1024,683,true],"covernews-medium":["https:\/\/contextoanalisisperiodistico.com\/wp-content\/uploads\/2023\/06\/IMG-20230605-WA0004-540x340.jpg",540,340,true],"covernews-medium-square":["https:\/\/contextoanalisisperiodistico.com\/wp-content\/uploads\/2023\/06\/IMG-20230605-WA0004-400x250.jpg",400,250,true]},"author_info":{"display_name":"Mario Gir\u00f3n","author_link":"https:\/\/contextoanalisisperiodistico.com\/index.php\/author\/director\/"},"category_info":"<a href=\"https:\/\/contextoanalisisperiodistico.com\/index.php\/category\/politica\/\" rel=\"category tag\">Pol\u00edtica<\/a>","tag_info":"Pol\u00edtica","comment_count":"0","jetpack_featured_media_url":"https:\/\/contextoanalisisperiodistico.com\/wp-content\/uploads\/2023\/06\/IMG-20230605-WA0004.jpg","_links":{"self":[{"href":"https:\/\/contextoanalisisperiodistico.com\/index.php\/wp-json\/wp\/v2\/posts\/14380"}],"collection":[{"href":"https:\/\/contextoanalisisperiodistico.com\/index.php\/wp-json\/wp\/v2\/posts"}],"about":[{"href":"https:\/\/contextoanalisisperiodistico.com\/index.php\/wp-json\/wp\/v2\/types\/post"}],"author":[{"embeddable":true,"href":"https:\/\/contextoanalisisperiodistico.com\/index.php\/wp-json\/wp\/v2\/users\/4"}],"replies":[{"embeddable":true,"href":"https:\/\/contextoanalisisperiodistico.com\/index.php\/wp-json\/wp\/v2\/comments?post=14380"}],"version-history":[{"count":1,"href":"https:\/\/contextoanalisisperiodistico.com\/index.php\/wp-json\/wp\/v2\/posts\/14380\/revisions"}],"predecessor-version":[{"id":14385,"href":"https:\/\/contextoanalisisperiodistico.com\/index.php\/wp-json\/wp\/v2\/posts\/14380\/revisions\/14385"}],"wp:featuredmedia":[{"embeddable":true,"href":"https:\/\/contextoanalisisperiodistico.com\/index.php\/wp-json\/wp\/v2\/media\/14381"}],"wp:attachment":[{"href":"https:\/\/contextoanalisisperiodistico.com\/index.php\/wp-json\/wp\/v2\/media?parent=14380"}],"wp:term":[{"taxonomy":"category","embeddable":true,"href":"https:\/\/contextoanalisisperiodistico.com\/index.php\/wp-json\/wp\/v2\/categories?post=14380"},{"taxonomy":"post_tag","embeddable":true,"href":"https:\/\/contextoanalisisperiodistico.com\/index.php\/wp-json\/wp\/v2\/tags?post=14380"}],"curies":[{"name":"wp","href":"https:\/\/api.w.org\/{rel}","templated":true}]}}