{"id":14338,"date":"2023-06-04T14:14:51","date_gmt":"2023-06-04T20:14:51","guid":{"rendered":"https:\/\/contextoanalisisperiodistico.com\/?p=14338"},"modified":"2023-06-04T14:16:11","modified_gmt":"2023-06-04T20:16:11","slug":"embellece-ciudadania-mas-calles-del-centro-historico-de-oaxaca-con-tequio-bienestar","status":"publish","type":"post","link":"https:\/\/contextoanalisisperiodistico.com\/index.php\/2023\/06\/04\/embellece-ciudadania-mas-calles-del-centro-historico-de-oaxaca-con-tequio-bienestar\/","title":{"rendered":"Embellece ciudadan\u00eda m\u00e1s calles del Centro Hist\u00f3rico de Oaxaca con Tequio Bienestar"},"content":{"rendered":"<div id=\"fb-root\"><\/div>\n\n<p>\u2022 Personas servidoras p\u00fablicas junto con los y las locatarias del Comercio Establecido pintaron 8 fachadas ubicadas sobre la calle 20 de Noviembre, en la colonia Centro<\/p>\n\n\n\n<p>Oaxaca de Ju\u00e1rez, Oaxaca. 4 de junio de 2023.- Nuevamente a trav\u00e9s del trabajo comunitario se embellecieron m\u00e1s calles del Centro Hist\u00f3rico de la capital Oaxaca de Ju\u00e1rez durante el Tequio Bienestar organizado por la Secretar\u00eda de Bienestar, Tequio e Inclusi\u00f3n (Sebienti) como parte de los trabajos de rescate y mejoramiento urbano previo a las fiestas de la Guelaguetza 2023.<\/p>\n\n\n\n<p>En esta ocasi\u00f3n quienes participaron en dicha actividad barrieron y limpiaron las banquetas, pintaron las guarniciones, pasos peatonales y ocho fachadas ubicadas sobre la calle 20 de Noviembre, desde Ignacio Aldama hasta Miguel Hidalgo, de la colonia Centro de esta ciudad capitalina.<\/p>\n\n\n\n<p>Funcionariado del Instituto de Estudios de Bachillerato de Oaxaca (IEBO), Coordinaci\u00f3n de Atenci\u00f3n a Derechos Humanos (CADH), Vivienda Bienestar, Colegio Superior para la Educaci\u00f3n Integral Intercultural de Oaxaca (CSEIIO) y de la Sebienti sumaron esfuerzos con personal del municipio de Oaxaca de Ju\u00e1rez y del Comercio Establecido para realizar las acciones de limpieza.<\/p>\n\n\n\n<p>Al respecto, la titular de la Secretar\u00eda de Bienestar, Tequio e Inclusi\u00f3n, Laura Estrada Mauro, agradeci\u00f3 el apoyo del presidente municipal Francisco Mart\u00ednez Ner\u00ed as\u00ed como el invaluable trabajo de las y los trabajadores del Gobierno del Estado para hacer posible, cada domingo, el Tequio Bienestar y rescatar m\u00e1s espacios p\u00fablicos en beneficio de la poblaci\u00f3n en general.<\/p>\n\n\n\n<p>Laura Estrada destac\u00f3 que esta acci\u00f3n emprendida desde la Sebienti forma parte del Eje de Gobierno de Reparaci\u00f3n Hist\u00f3rica de los Pueblos a trav\u00e9s del cual se impulsan pol\u00edticas sociales que est\u00e1n transformando la capital y el estado.<\/p>\n\n\n\n<p>Agreg\u00f3 que a seis meses de la administraci\u00f3n de Salom\u00f3n Jara Cruz, la Primavera Oaxaque\u00f1a ha llegado a m\u00e1s regiones del estado, sumando m\u00e1s voluntades y transformando con acciones y trabajo la vida de las comunidades y pueblos de Oaxaca.<\/p>\n\n\n\n<p>Por \u00faltimo, Estrada Mauro reiter\u00f3 que continuar\u00e1n llevando a cabo los Tequios Bienestar en la capital oaxaque\u00f1a como en las dem\u00e1s regiones y con ello fomentar la organizaci\u00f3n y la participaci\u00f3n ciudadana para el rescate de los espacios para la sana convivencia y esparcimiento de la poblaci\u00f3n.<\/p>\n\n\n\n<figure class=\"wp-block-image size-large\"><img fetchpriority=\"high\" decoding=\"async\" width=\"1024\" height=\"682\" src=\"https:\/\/contextoanalisisperiodistico.com\/wp-content\/uploads\/2023\/06\/img-20230604-wa00378818578081236727738-1024x682.jpg\" alt=\"\" class=\"wp-image-14343\" srcset=\"https:\/\/contextoanalisisperiodistico.com\/wp-content\/uploads\/2023\/06\/img-20230604-wa00378818578081236727738-1024x682.jpg 1024w, https:\/\/contextoanalisisperiodistico.com\/wp-content\/uploads\/2023\/06\/img-20230604-wa00378818578081236727738-300x200.jpg 300w, https:\/\/contextoanalisisperiodistico.com\/wp-content\/uploads\/2023\/06\/img-20230604-wa00378818578081236727738-768x512.jpg 768w, https:\/\/contextoanalisisperiodistico.com\/wp-content\/uploads\/2023\/06\/img-20230604-wa00378818578081236727738-1536x1023.jpg 1536w, https:\/\/contextoanalisisperiodistico.com\/wp-content\/uploads\/2023\/06\/img-20230604-wa00378818578081236727738.jpg 1600w\" sizes=\"(max-width: 1024px) 100vw, 1024px\" \/><\/figure>\n\n\n\n<figure class=\"wp-block-image\"><img decoding=\"async\" width=\"1024\" height=\"682\" src=\"https:\/\/contextoanalisisperiodistico.com\/wp-content\/uploads\/2023\/06\/img-20230604-wa00387895077248815407719-1024x682.jpg\" alt=\"\" class=\"wp-image-14340\" srcset=\"https:\/\/contextoanalisisperiodistico.com\/wp-content\/uploads\/2023\/06\/img-20230604-wa00387895077248815407719-1024x682.jpg 1024w, https:\/\/contextoanalisisperiodistico.com\/wp-content\/uploads\/2023\/06\/img-20230604-wa00387895077248815407719-300x200.jpg 300w, https:\/\/contextoanalisisperiodistico.com\/wp-content\/uploads\/2023\/06\/img-20230604-wa00387895077248815407719-768x512.jpg 768w, https:\/\/contextoanalisisperiodistico.com\/wp-content\/uploads\/2023\/06\/img-20230604-wa00387895077248815407719-1536x1023.jpg 1536w, https:\/\/contextoanalisisperiodistico.com\/wp-content\/uploads\/2023\/06\/img-20230604-wa00387895077248815407719.jpg 1600w\" sizes=\"(max-width: 1024px) 100vw, 1024px\" \/><\/figure>\n\n\n\n<figure class=\"wp-block-image\"><img decoding=\"async\" width=\"1024\" height=\"682\" src=\"https:\/\/contextoanalisisperiodistico.com\/wp-content\/uploads\/2023\/06\/img-20230604-wa00364266177659932392465-1024x682.jpg\" alt=\"\" class=\"wp-image-14342\" srcset=\"https:\/\/contextoanalisisperiodistico.com\/wp-content\/uploads\/2023\/06\/img-20230604-wa00364266177659932392465-1024x682.jpg 1024w, https:\/\/contextoanalisisperiodistico.com\/wp-content\/uploads\/2023\/06\/img-20230604-wa00364266177659932392465-300x200.jpg 300w, https:\/\/contextoanalisisperiodistico.com\/wp-content\/uploads\/2023\/06\/img-20230604-wa00364266177659932392465-768x512.jpg 768w, https:\/\/contextoanalisisperiodistico.com\/wp-content\/uploads\/2023\/06\/img-20230604-wa00364266177659932392465-1536x1023.jpg 1536w, https:\/\/contextoanalisisperiodistico.com\/wp-content\/uploads\/2023\/06\/img-20230604-wa00364266177659932392465.jpg 1600w\" sizes=\"(max-width: 1024px) 100vw, 1024px\" \/><\/figure>\n\n\n\n<figure class=\"wp-block-image\"><img loading=\"lazy\" decoding=\"async\" width=\"1024\" height=\"682\" src=\"https:\/\/contextoanalisisperiodistico.com\/wp-content\/uploads\/2023\/06\/img-20230604-wa00352206660325138983548-1024x682.jpg\" alt=\"\" class=\"wp-image-14341\" srcset=\"https:\/\/contextoanalisisperiodistico.com\/wp-content\/uploads\/2023\/06\/img-20230604-wa00352206660325138983548-1024x682.jpg 1024w, https:\/\/contextoanalisisperiodistico.com\/wp-content\/uploads\/2023\/06\/img-20230604-wa00352206660325138983548-300x200.jpg 300w, https:\/\/contextoanalisisperiodistico.com\/wp-content\/uploads\/2023\/06\/img-20230604-wa00352206660325138983548-768x512.jpg 768w, https:\/\/contextoanalisisperiodistico.com\/wp-content\/uploads\/2023\/06\/img-20230604-wa00352206660325138983548-1536x1023.jpg 1536w, https:\/\/contextoanalisisperiodistico.com\/wp-content\/uploads\/2023\/06\/img-20230604-wa00352206660325138983548.jpg 1600w\" sizes=\"(max-width: 1024px) 100vw, 1024px\" \/><\/figure>\n\n\n\n<figure class=\"wp-block-image\"><img loading=\"lazy\" decoding=\"async\" width=\"1024\" height=\"682\" src=\"https:\/\/contextoanalisisperiodistico.com\/wp-content\/uploads\/2023\/06\/img-20230604-wa00397383505681773188109-1024x682.jpg\" alt=\"\" class=\"wp-image-14344\" srcset=\"https:\/\/contextoanalisisperiodistico.com\/wp-content\/uploads\/2023\/06\/img-20230604-wa00397383505681773188109-1024x682.jpg 1024w, https:\/\/contextoanalisisperiodistico.com\/wp-content\/uploads\/2023\/06\/img-20230604-wa00397383505681773188109-300x200.jpg 300w, https:\/\/contextoanalisisperiodistico.com\/wp-content\/uploads\/2023\/06\/img-20230604-wa00397383505681773188109-768x512.jpg 768w, https:\/\/contextoanalisisperiodistico.com\/wp-content\/uploads\/2023\/06\/img-20230604-wa00397383505681773188109-1536x1023.jpg 1536w, https:\/\/contextoanalisisperiodistico.com\/wp-content\/uploads\/2023\/06\/img-20230604-wa00397383505681773188109.jpg 1600w\" sizes=\"(max-width: 1024px) 100vw, 1024px\" \/><\/figure>\n\n\n\n<figure class=\"wp-block-image\"><img loading=\"lazy\" decoding=\"async\" width=\"1024\" height=\"682\" src=\"https:\/\/contextoanalisisperiodistico.com\/wp-content\/uploads\/2023\/06\/img-20230604-wa00406153476597941896268-1024x682.jpg\" alt=\"\" class=\"wp-image-14345\" srcset=\"https:\/\/contextoanalisisperiodistico.com\/wp-content\/uploads\/2023\/06\/img-20230604-wa00406153476597941896268-1024x682.jpg 1024w, https:\/\/contextoanalisisperiodistico.com\/wp-content\/uploads\/2023\/06\/img-20230604-wa00406153476597941896268-300x200.jpg 300w, https:\/\/contextoanalisisperiodistico.com\/wp-content\/uploads\/2023\/06\/img-20230604-wa00406153476597941896268-768x512.jpg 768w, https:\/\/contextoanalisisperiodistico.com\/wp-content\/uploads\/2023\/06\/img-20230604-wa00406153476597941896268-1536x1023.jpg 1536w, https:\/\/contextoanalisisperiodistico.com\/wp-content\/uploads\/2023\/06\/img-20230604-wa00406153476597941896268.jpg 1600w\" sizes=\"(max-width: 1024px) 100vw, 1024px\" \/><\/figure>\n","protected":false},"excerpt":{"rendered":"<p>\u2022 Personas servidoras p\u00fablicas junto con los y las locatarias del Comercio Establecido pintaron 8&#8230;<\/p>\n","protected":false},"author":4,"featured_media":14339,"comment_status":"closed","ping_status":"open","sticky":false,"template":"","format":"standard","meta":{"footnotes":""},"categories":[9],"tags":[],"jetpack_sharing_enabled":true,"featured_image_urls":{"full":["https:\/\/contextoanalisisperiodistico.com\/wp-content\/uploads\/2023\/06\/IMG-20230604-WA0034.jpg",1600,1066,false],"thumbnail":["https:\/\/contextoanalisisperiodistico.com\/wp-content\/uploads\/2023\/06\/IMG-20230604-WA0034-150x150.jpg",150,150,true],"medium":["https:\/\/contextoanalisisperiodistico.com\/wp-content\/uploads\/2023\/06\/IMG-20230604-WA0034-300x200.jpg",300,200,true],"medium_large":["https:\/\/contextoanalisisperiodistico.com\/wp-content\/uploads\/2023\/06\/IMG-20230604-WA0034-768x512.jpg",640,427,true],"large":["https:\/\/contextoanalisisperiodistico.com\/wp-content\/uploads\/2023\/06\/IMG-20230604-WA0034-1024x682.jpg",640,426,true],"1536x1536":["https:\/\/contextoanalisisperiodistico.com\/wp-content\/uploads\/2023\/06\/IMG-20230604-WA0034-1536x1023.jpg",1536,1023,true],"2048x2048":["https:\/\/contextoanalisisperiodistico.com\/wp-content\/uploads\/2023\/06\/IMG-20230604-WA0034.jpg",1600,1066,false],"covernews-slider-full":["https:\/\/contextoanalisisperiodistico.com\/wp-content\/uploads\/2023\/06\/IMG-20230604-WA0034-1115x715.jpg",1115,715,true],"covernews-slider-center":["https:\/\/contextoanalisisperiodistico.com\/wp-content\/uploads\/2023\/06\/IMG-20230604-WA0034-800x500.jpg",800,500,true],"covernews-featured":["https:\/\/contextoanalisisperiodistico.com\/wp-content\/uploads\/2023\/06\/IMG-20230604-WA0034-1024x682.jpg",1024,682,true],"covernews-medium":["https:\/\/contextoanalisisperiodistico.com\/wp-content\/uploads\/2023\/06\/IMG-20230604-WA0034-540x340.jpg",540,340,true],"covernews-medium-square":["https:\/\/contextoanalisisperiodistico.com\/wp-content\/uploads\/2023\/06\/IMG-20230604-WA0034-400x250.jpg",400,250,true]},"author_info":{"display_name":"Mario Gir\u00f3n","author_link":"https:\/\/contextoanalisisperiodistico.com\/index.php\/author\/director\/"},"category_info":"<a href=\"https:\/\/contextoanalisisperiodistico.com\/index.php\/category\/politica\/\" rel=\"category tag\">Pol\u00edtica<\/a>","tag_info":"Pol\u00edtica","comment_count":"0","jetpack_featured_media_url":"https:\/\/contextoanalisisperiodistico.com\/wp-content\/uploads\/2023\/06\/IMG-20230604-WA0034.jpg","_links":{"self":[{"href":"https:\/\/contextoanalisisperiodistico.com\/index.php\/wp-json\/wp\/v2\/posts\/14338"}],"collection":[{"href":"https:\/\/contextoanalisisperiodistico.com\/index.php\/wp-json\/wp\/v2\/posts"}],"about":[{"href":"https:\/\/contextoanalisisperiodistico.com\/index.php\/wp-json\/wp\/v2\/types\/post"}],"author":[{"embeddable":true,"href":"https:\/\/contextoanalisisperiodistico.com\/index.php\/wp-json\/wp\/v2\/users\/4"}],"replies":[{"embeddable":true,"href":"https:\/\/contextoanalisisperiodistico.com\/index.php\/wp-json\/wp\/v2\/comments?post=14338"}],"version-history":[{"count":1,"href":"https:\/\/contextoanalisisperiodistico.com\/index.php\/wp-json\/wp\/v2\/posts\/14338\/revisions"}],"predecessor-version":[{"id":14348,"href":"https:\/\/contextoanalisisperiodistico.com\/index.php\/wp-json\/wp\/v2\/posts\/14338\/revisions\/14348"}],"wp:featuredmedia":[{"embeddable":true,"href":"https:\/\/contextoanalisisperiodistico.com\/index.php\/wp-json\/wp\/v2\/media\/14339"}],"wp:attachment":[{"href":"https:\/\/contextoanalisisperiodistico.com\/index.php\/wp-json\/wp\/v2\/media?parent=14338"}],"wp:term":[{"taxonomy":"category","embeddable":true,"href":"https:\/\/contextoanalisisperiodistico.com\/index.php\/wp-json\/wp\/v2\/categories?post=14338"},{"taxonomy":"post_tag","embeddable":true,"href":"https:\/\/contextoanalisisperiodistico.com\/index.php\/wp-json\/wp\/v2\/tags?post=14338"}],"curies":[{"name":"wp","href":"https:\/\/api.w.org\/{rel}","templated":true}]}}