{"id":14335,"date":"2023-06-04T12:53:54","date_gmt":"2023-06-04T18:53:54","guid":{"rendered":"https:\/\/contextoanalisisperiodistico.com\/?p=14335"},"modified":"2023-06-04T12:54:55","modified_gmt":"2023-06-04T18:54:55","slug":"convocan-a-xv-edicion-del-premio-nacional-de-contraloria-social-2023-en-su-etapa-estatal","status":"publish","type":"post","link":"https:\/\/contextoanalisisperiodistico.com\/index.php\/2023\/06\/04\/convocan-a-xv-edicion-del-premio-nacional-de-contraloria-social-2023-en-su-etapa-estatal\/","title":{"rendered":"Convocan a XV edici\u00f3n del Premio Nacional de Contralor\u00eda Social 2023 en su etapa estatal"},"content":{"rendered":"<div id=\"fb-root\"><\/div>\n\n<p>\u2022 Podr\u00e1n participar en dos categor\u00edas, Comit\u00e9s de Contralor\u00eda Social, Organizaciones de la Sociedad Civil y la sociedad en general<\/p>\n\n\n\n<p>\u2022 La fecha l\u00edmite para enviar las propuestas es el 23 de junio de 2023<\/p>\n\n\n\n<p>Tlalixtac de Cabrera, Oax. 4 de junio de 2023. La Comisi\u00f3n Permanente de Contralores Estados-Federaci\u00f3n a trav\u00e9s de la Secretar\u00eda de Honestidad, Transparencia y Funci\u00f3n P\u00fablica invita a los Comit\u00e9s de Contralor\u00eda Social, Organizaciones de la Sociedad Civil y la sociedad en general a participar en la XV edici\u00f3n del Premio Nacional de Contralor\u00eda Social 2023, etapa estatal.<\/p>\n\n\n\n<p>El cual tiene la finalidad de incentivar y reconocer las mejores pr\u00e1cticas de organizaci\u00f3n y vigilancia ciudadana en la gesti\u00f3n p\u00fablica. Las personas interesadas podr\u00e1n participar en dos categor\u00edas: Acciones de los Comit\u00e9s y Acciones de vigilancia ciudadana en la gesti\u00f3n p\u00fablica.<\/p>\n\n\n\n<p>Los Comit\u00e9s de Contralor\u00eda Social constituidos durante el ejercicio fiscal 2022-2023 podr\u00e1n enviar propuestas de mejora a las actividades de organizaci\u00f3n, de seguimiento y vigilancia de los programas de apoyo, obra o servicios que se ejecutan con recursos p\u00fablicos federales, estatales o municipales.<\/p>\n\n\n\n<p>Adem\u00e1s, podr\u00e1n participar las Organizaciones de la Sociedad Civil y la sociedad en general que presenten propuestas de mejora relacionadas con acciones de vigilancia ciudadana en la gesti\u00f3n p\u00fablica que fomenten la transparencia, la rendici\u00f3n de cuentas e incidan en el combate a la corrupci\u00f3n.<\/p>\n\n\n\n<p>Los trabajos deber\u00e1n ser entregados personalmente a la Direcci\u00f3n de Contralor\u00eda Social de la Secretar\u00eda de Honestidad, Transparencia y Funci\u00f3n P\u00fablica ubicada en Ciudad Administrativa Edificio 2 Rufino Tamayo, Planta Baja, Carretera Oaxaca-Istmo Km. 11.5 Tlalixtac de Cabrera, Oaxaca, C.P. 68270, en un horario de lunes a viernes de 9:00 a 17:00 horas, teniendo como fecha l\u00edmite para entregarlos el 23 de junio del presente a\u00f1o.<\/p>\n\n\n\n<p>Se premiar\u00e1 con 6 mil pesos al primer lugar de la categor\u00eda \u201cAcciones de los Comit\u00e9s\u201d; y 5 mil pesos, al primer lugar a la de \u201cAcciones de vigilancia ciudadana en la gesti\u00f3n p\u00fablica\u201d.<\/p>\n\n\n\n<p>Los trabajos ganadores en la etapa estatal, participar\u00e1n autom\u00e1ticamente en la XV edici\u00f3n del Premio Nacional de Contralor\u00eda Social 2023 en el que podr\u00e1n obtener hasta 60 mil pesos como primer lugar, 50 mil pesos el segundo y 40 mil pesos el tercer lugar, en ambas categor\u00edas.<\/p>\n\n\n\n<p>La premiaci\u00f3n de los trabajos en la etapa estatal se llevar\u00e1 a cabo el 28 de julio del presente a\u00f1o; y en la etapa nacional los resultados se dar\u00e1n a conocer el 27 de octubre de 2023 en las p\u00e1ginas de internet de la Secretar\u00eda de Honestidad, Transparencia y Funci\u00f3n P\u00fablica www.oaxaca.gob.mx\/honestidad.<\/p>\n\n\n\n<p>Tambi\u00e9n en las de la Comisi\u00f3n Permanente de Contralores Estados-Federaci\u00f3n www.comisioncontralores.gob.mx y de la Secretar\u00eda de la Funci\u00f3n P\u00fablica www.gob.mx\/sfp, y a trav\u00e9s de las redes sociales: Facebook: Contralores Mx, twitter: @ContraloresMX e Instagram: contraloresmx.<\/p>\n\n\n\n<p>La entrega de los premios se realizar\u00e1 en el marco de la LXXI Reuni\u00f3n Nacional de la Comisi\u00f3n Permanente de Contralores Estados-Federaci\u00f3n.<\/p>\n\n\n\n<p>Las personas interesadas podr\u00e1n consultar las bases de participaci\u00f3n en www.oaxaca.gob.mx\/honestidad o llamar al 951 501 5000 102 03 y 10188.<\/p>\n","protected":false},"excerpt":{"rendered":"<p>\u2022 Podr\u00e1n participar en dos categor\u00edas, Comit\u00e9s de Contralor\u00eda Social, Organizaciones de la Sociedad Civil&#8230;<\/p>\n","protected":false},"author":4,"featured_media":14336,"comment_status":"closed","ping_status":"open","sticky":false,"template":"","format":"standard","meta":{"footnotes":""},"categories":[9],"tags":[],"jetpack_sharing_enabled":true,"featured_image_urls":{"full":["https:\/\/contextoanalisisperiodistico.com\/wp-content\/uploads\/2023\/06\/IMG-20230604-WA0019.jpg",1035,1600,false],"thumbnail":["https:\/\/contextoanalisisperiodistico.com\/wp-content\/uploads\/2023\/06\/IMG-20230604-WA0019-150x150.jpg",150,150,true],"medium":["https:\/\/contextoanalisisperiodistico.com\/wp-content\/uploads\/2023\/06\/IMG-20230604-WA0019-194x300.jpg",194,300,true],"medium_large":["https:\/\/contextoanalisisperiodistico.com\/wp-content\/uploads\/2023\/06\/IMG-20230604-WA0019-768x1187.jpg",640,989,true],"large":["https:\/\/contextoanalisisperiodistico.com\/wp-content\/uploads\/2023\/06\/IMG-20230604-WA0019-662x1024.jpg",640,990,true],"1536x1536":["https:\/\/contextoanalisisperiodistico.com\/wp-content\/uploads\/2023\/06\/IMG-20230604-WA0019-994x1536.jpg",994,1536,true],"2048x2048":["https:\/\/contextoanalisisperiodistico.com\/wp-content\/uploads\/2023\/06\/IMG-20230604-WA0019.jpg",1035,1600,false],"covernews-slider-full":["https:\/\/contextoanalisisperiodistico.com\/wp-content\/uploads\/2023\/06\/IMG-20230604-WA0019-1035x715.jpg",1035,715,true],"covernews-slider-center":["https:\/\/contextoanalisisperiodistico.com\/wp-content\/uploads\/2023\/06\/IMG-20230604-WA0019-800x500.jpg",800,500,true],"covernews-featured":["https:\/\/contextoanalisisperiodistico.com\/wp-content\/uploads\/2023\/06\/IMG-20230604-WA0019-1024x1583.jpg",1024,1583,true],"covernews-medium":["https:\/\/contextoanalisisperiodistico.com\/wp-content\/uploads\/2023\/06\/IMG-20230604-WA0019-540x340.jpg",540,340,true],"covernews-medium-square":["https:\/\/contextoanalisisperiodistico.com\/wp-content\/uploads\/2023\/06\/IMG-20230604-WA0019-400x250.jpg",400,250,true]},"author_info":{"display_name":"Mario Gir\u00f3n","author_link":"https:\/\/contextoanalisisperiodistico.com\/index.php\/author\/director\/"},"category_info":"<a href=\"https:\/\/contextoanalisisperiodistico.com\/index.php\/category\/politica\/\" rel=\"category tag\">Pol\u00edtica<\/a>","tag_info":"Pol\u00edtica","comment_count":"0","jetpack_featured_media_url":"https:\/\/contextoanalisisperiodistico.com\/wp-content\/uploads\/2023\/06\/IMG-20230604-WA0019.jpg","_links":{"self":[{"href":"https:\/\/contextoanalisisperiodistico.com\/index.php\/wp-json\/wp\/v2\/posts\/14335"}],"collection":[{"href":"https:\/\/contextoanalisisperiodistico.com\/index.php\/wp-json\/wp\/v2\/posts"}],"about":[{"href":"https:\/\/contextoanalisisperiodistico.com\/index.php\/wp-json\/wp\/v2\/types\/post"}],"author":[{"embeddable":true,"href":"https:\/\/contextoanalisisperiodistico.com\/index.php\/wp-json\/wp\/v2\/users\/4"}],"replies":[{"embeddable":true,"href":"https:\/\/contextoanalisisperiodistico.com\/index.php\/wp-json\/wp\/v2\/comments?post=14335"}],"version-history":[{"count":1,"href":"https:\/\/contextoanalisisperiodistico.com\/index.php\/wp-json\/wp\/v2\/posts\/14335\/revisions"}],"predecessor-version":[{"id":14337,"href":"https:\/\/contextoanalisisperiodistico.com\/index.php\/wp-json\/wp\/v2\/posts\/14335\/revisions\/14337"}],"wp:featuredmedia":[{"embeddable":true,"href":"https:\/\/contextoanalisisperiodistico.com\/index.php\/wp-json\/wp\/v2\/media\/14336"}],"wp:attachment":[{"href":"https:\/\/contextoanalisisperiodistico.com\/index.php\/wp-json\/wp\/v2\/media?parent=14335"}],"wp:term":[{"taxonomy":"category","embeddable":true,"href":"https:\/\/contextoanalisisperiodistico.com\/index.php\/wp-json\/wp\/v2\/categories?post=14335"},{"taxonomy":"post_tag","embeddable":true,"href":"https:\/\/contextoanalisisperiodistico.com\/index.php\/wp-json\/wp\/v2\/tags?post=14335"}],"curies":[{"name":"wp","href":"https:\/\/api.w.org\/{rel}","templated":true}]}}