{"id":14287,"date":"2023-06-03T12:16:53","date_gmt":"2023-06-03T18:16:53","guid":{"rendered":"https:\/\/contextoanalisisperiodistico.com\/?p=14287"},"modified":"2023-06-03T12:17:07","modified_gmt":"2023-06-03T18:17:07","slug":"delegaciones-en-ultimas-evaluaciones-para-la-guelaguetza-2023","status":"publish","type":"post","link":"https:\/\/contextoanalisisperiodistico.com\/index.php\/2023\/06\/03\/delegaciones-en-ultimas-evaluaciones-para-la-guelaguetza-2023\/","title":{"rendered":"Delegaciones en \u00faltimas evaluaciones para la Guelaguetza 2023"},"content":{"rendered":"<div id=\"fb-root\"><\/div>\n\n<p>\u2022 Un total de 26 delegaciones son evaluadas este fin de semana, entre el 2 y el 4 de junio<\/p>\n\n\n\n<p>\u2022 Para cumplir con los principios de legalidad y transparencia, en esta ocasi\u00f3n se trasladaron 36 consejeras y consejeros interculturales a los municipios que registraron a sus delegaciones como aspirantes a participar en la m\u00e1xima fiesta de Oaxaca<\/p>\n\n\n\n<p>Oaxaca de Ju\u00e1rez, Oax. 3 de junio de 2023.- Este fin de semana se realizan las \u00faltimas evaluaciones para elegir a las delegaciones que participar\u00e1n en las cuatro ediciones de la Guelaguetza 2023, durante el Lunes del Cerro y la Octava que se llevar\u00e1n a cabo los d\u00edas 17 y 24 de julio.<br \/>Para esta semana se programaron las presentaciones de 26 delegaciones que en los sitios p\u00fablicos seleccionados por los municipios correspondientes, se realizaron una vez m\u00e1s, con transparencia, legalidad y respeto a las formas de organizaci\u00f3n comunitaria, as\u00ed como a las personas participantes.<br \/>En la \u00faltima semana de evaluaciones, personal de la Secretar\u00eda de las Culturas y Artes conform\u00f3 equipo con un total de 36 Consejeros Interculturales, quienes se trasladaron de sus lugares de origen para participar de un proceso claro y abierto que garantiza que esta fiesta represente a las culturas que conforman la diversidad del estado.<br \/>Al respecto, el secretario de las Culturas y Artes, V\u00edctor Cata se\u00f1al\u00f3 que en Oaxaca est\u00e1 por cumplirse un proceso de selecci\u00f3n, en v\u00edspera de la m\u00e1xima fiesta de las y los oaxaque\u00f1os, la cual reivindica la identidad de los pueblos y comunidades.<br \/>\u201cSomos parte de un suceso hist\u00f3rico en el que la fiesta m\u00e1s representativa de nuestra diversidad cultural, que nos muestra ante el mundo como un pueblo diverso y orgulloso, retoma el papel principal en las decisiones en torno a la Guelaguetza, en la que cada pueblo y comunidad, cada etnia, tiene cabida\u201d, dijo.<br \/>En los Valles Centrales para este fin de semana se program\u00f3 la evaluaci\u00f3n para los municipios de San Mateo Macuilx\u00f3chitl de Artigas Carranza, San Antonino Castillo Velasco, Santa Luc\u00eda del Camino, San Sebasti\u00e1n Tutla y Santa Cruz Xoxocotl\u00e1n.<\/p>\n\n\n\n<p>En el Istmo, en Mat\u00edas Romero Avenda\u00f1o, San Mateo del Mar y San Francisco del Mar. En la Costa, en San Andr\u00e9s Huaxpaltepec, San Lorenzo Jamiltepec, San Pedro Pochutla y Santa Mar\u00eda Tonameca.<br>En la Sierra de Ju\u00e1rez se tiene programado Santa Mar\u00eda Tlahuitoltepec, San Pedro y San Pablo Ayutla, San Pablo Macuiltianguis, Villa Talea de Castro. En la Sierra de Flores Mag\u00f3n, San Jos\u00e9 Tenango, Huautepec, Huautla de Jim\u00e9nez y Santa Mar\u00eda Teopoxco.<br>En la Cuenca del Papaloapan, en Loma Bonita, San Juan Bautista Tuxtepec, San Felipe Jalapa de D\u00edaz, San Pedro Ixcatl\u00e1n, San Lucas Ojitl\u00e1n y San Juan Bautista Valle Nacional.<\/p>\n\n\n\n<figure class=\"wp-block-image size-large\"><img fetchpriority=\"high\" decoding=\"async\" width=\"1024\" height=\"682\" src=\"https:\/\/contextoanalisisperiodistico.com\/wp-content\/uploads\/2023\/06\/img-20230603-wa00397420395372426112064-1024x682.jpg\" alt=\"\" class=\"wp-image-14289\" srcset=\"https:\/\/contextoanalisisperiodistico.com\/wp-content\/uploads\/2023\/06\/img-20230603-wa00397420395372426112064-1024x682.jpg 1024w, https:\/\/contextoanalisisperiodistico.com\/wp-content\/uploads\/2023\/06\/img-20230603-wa00397420395372426112064-300x200.jpg 300w, https:\/\/contextoanalisisperiodistico.com\/wp-content\/uploads\/2023\/06\/img-20230603-wa00397420395372426112064-768x512.jpg 768w, https:\/\/contextoanalisisperiodistico.com\/wp-content\/uploads\/2023\/06\/img-20230603-wa00397420395372426112064-1536x1023.jpg 1536w, https:\/\/contextoanalisisperiodistico.com\/wp-content\/uploads\/2023\/06\/img-20230603-wa00397420395372426112064.jpg 1600w\" sizes=\"(max-width: 1024px) 100vw, 1024px\" \/><\/figure>\n\n\n\n<figure class=\"wp-block-image\"><img decoding=\"async\" width=\"1024\" height=\"682\" src=\"https:\/\/contextoanalisisperiodistico.com\/wp-content\/uploads\/2023\/06\/img-20230603-wa00373436816791466854005-1024x682.jpg\" alt=\"\" class=\"wp-image-14290\" srcset=\"https:\/\/contextoanalisisperiodistico.com\/wp-content\/uploads\/2023\/06\/img-20230603-wa00373436816791466854005-1024x682.jpg 1024w, https:\/\/contextoanalisisperiodistico.com\/wp-content\/uploads\/2023\/06\/img-20230603-wa00373436816791466854005-300x200.jpg 300w, https:\/\/contextoanalisisperiodistico.com\/wp-content\/uploads\/2023\/06\/img-20230603-wa00373436816791466854005-768x512.jpg 768w, https:\/\/contextoanalisisperiodistico.com\/wp-content\/uploads\/2023\/06\/img-20230603-wa00373436816791466854005-1536x1023.jpg 1536w, https:\/\/contextoanalisisperiodistico.com\/wp-content\/uploads\/2023\/06\/img-20230603-wa00373436816791466854005.jpg 1600w\" sizes=\"(max-width: 1024px) 100vw, 1024px\" \/><\/figure>\n","protected":false},"excerpt":{"rendered":"<p>\u2022 Un total de 26 delegaciones son evaluadas este fin de semana, entre el 2&#8230;<\/p>\n","protected":false},"author":4,"featured_media":14288,"comment_status":"closed","ping_status":"open","sticky":false,"template":"","format":"standard","meta":{"footnotes":""},"categories":[4],"tags":[],"jetpack_sharing_enabled":true,"featured_image_urls":{"full":["https:\/\/contextoanalisisperiodistico.com\/wp-content\/uploads\/2023\/06\/IMG-20230603-WA0035.jpg",1559,969,false],"thumbnail":["https:\/\/contextoanalisisperiodistico.com\/wp-content\/uploads\/2023\/06\/IMG-20230603-WA0035-150x150.jpg",150,150,true],"medium":["https:\/\/contextoanalisisperiodistico.com\/wp-content\/uploads\/2023\/06\/IMG-20230603-WA0035-300x186.jpg",300,186,true],"medium_large":["https:\/\/contextoanalisisperiodistico.com\/wp-content\/uploads\/2023\/06\/IMG-20230603-WA0035-768x477.jpg",640,398,true],"large":["https:\/\/contextoanalisisperiodistico.com\/wp-content\/uploads\/2023\/06\/IMG-20230603-WA0035-1024x636.jpg",640,398,true],"1536x1536":["https:\/\/contextoanalisisperiodistico.com\/wp-content\/uploads\/2023\/06\/IMG-20230603-WA0035-1536x955.jpg",1536,955,true],"2048x2048":["https:\/\/contextoanalisisperiodistico.com\/wp-content\/uploads\/2023\/06\/IMG-20230603-WA0035.jpg",1559,969,false],"covernews-slider-full":["https:\/\/contextoanalisisperiodistico.com\/wp-content\/uploads\/2023\/06\/IMG-20230603-WA0035-1115x715.jpg",1115,715,true],"covernews-slider-center":["https:\/\/contextoanalisisperiodistico.com\/wp-content\/uploads\/2023\/06\/IMG-20230603-WA0035-800x500.jpg",800,500,true],"covernews-featured":["https:\/\/contextoanalisisperiodistico.com\/wp-content\/uploads\/2023\/06\/IMG-20230603-WA0035-1024x636.jpg",1024,636,true],"covernews-medium":["https:\/\/contextoanalisisperiodistico.com\/wp-content\/uploads\/2023\/06\/IMG-20230603-WA0035-540x340.jpg",540,340,true],"covernews-medium-square":["https:\/\/contextoanalisisperiodistico.com\/wp-content\/uploads\/2023\/06\/IMG-20230603-WA0035-400x250.jpg",400,250,true]},"author_info":{"display_name":"Mario Gir\u00f3n","author_link":"https:\/\/contextoanalisisperiodistico.com\/index.php\/author\/director\/"},"category_info":"<a href=\"https:\/\/contextoanalisisperiodistico.com\/index.php\/category\/cultura\/\" rel=\"category tag\">Cultura<\/a>","tag_info":"Cultura","comment_count":"0","jetpack_featured_media_url":"https:\/\/contextoanalisisperiodistico.com\/wp-content\/uploads\/2023\/06\/IMG-20230603-WA0035.jpg","_links":{"self":[{"href":"https:\/\/contextoanalisisperiodistico.com\/index.php\/wp-json\/wp\/v2\/posts\/14287"}],"collection":[{"href":"https:\/\/contextoanalisisperiodistico.com\/index.php\/wp-json\/wp\/v2\/posts"}],"about":[{"href":"https:\/\/contextoanalisisperiodistico.com\/index.php\/wp-json\/wp\/v2\/types\/post"}],"author":[{"embeddable":true,"href":"https:\/\/contextoanalisisperiodistico.com\/index.php\/wp-json\/wp\/v2\/users\/4"}],"replies":[{"embeddable":true,"href":"https:\/\/contextoanalisisperiodistico.com\/index.php\/wp-json\/wp\/v2\/comments?post=14287"}],"version-history":[{"count":1,"href":"https:\/\/contextoanalisisperiodistico.com\/index.php\/wp-json\/wp\/v2\/posts\/14287\/revisions"}],"predecessor-version":[{"id":14291,"href":"https:\/\/contextoanalisisperiodistico.com\/index.php\/wp-json\/wp\/v2\/posts\/14287\/revisions\/14291"}],"wp:featuredmedia":[{"embeddable":true,"href":"https:\/\/contextoanalisisperiodistico.com\/index.php\/wp-json\/wp\/v2\/media\/14288"}],"wp:attachment":[{"href":"https:\/\/contextoanalisisperiodistico.com\/index.php\/wp-json\/wp\/v2\/media?parent=14287"}],"wp:term":[{"taxonomy":"category","embeddable":true,"href":"https:\/\/contextoanalisisperiodistico.com\/index.php\/wp-json\/wp\/v2\/categories?post=14287"},{"taxonomy":"post_tag","embeddable":true,"href":"https:\/\/contextoanalisisperiodistico.com\/index.php\/wp-json\/wp\/v2\/tags?post=14287"}],"curies":[{"name":"wp","href":"https:\/\/api.w.org\/{rel}","templated":true}]}}