{"id":14283,"date":"2023-06-03T12:07:07","date_gmt":"2023-06-03T18:07:07","guid":{"rendered":"https:\/\/contextoanalisisperiodistico.com\/?p=14283"},"modified":"2023-06-03T12:07:15","modified_gmt":"2023-06-03T18:07:15","slug":"en-honor-a-su-patriotismo-el-h-ayuntamiento-de-oaxaca-de-juarez-rinde-homenaje-al-heroe-antonio-de-leon","status":"publish","type":"post","link":"https:\/\/contextoanalisisperiodistico.com\/index.php\/2023\/06\/03\/en-honor-a-su-patriotismo-el-h-ayuntamiento-de-oaxaca-de-juarez-rinde-homenaje-al-heroe-antonio-de-leon\/","title":{"rendered":"En honor a su patriotismo, el H. Ayuntamiento de Oaxaca de Ju\u00e1rez rinde homenaje al h\u00e9roe, Antonio de Le\u00f3n"},"content":{"rendered":"<div id=\"fb-root\"><\/div>\n\n<p>\u2022 La autoridad municipal de Oaxaca de Ju\u00e1rez, encabezada por el primer concejal, Francisco Mart\u00ednez Neri, honra y preserva el legado de Antonio de Le\u00f3n.<\/p>\n\n\n\n<p>Oaxaca de Ju\u00e1rez, Oax., a 03 de junio de 2023.- El presidente municipal, Francisco Mart\u00ednez Neri, acompa\u00f1ado por integrantes del cuerpo edilicio del municipio de Oaxaca de Ju\u00e1rez, as\u00ed como funcionarias y funcionarios municipales, se reunieron al pie de la efigie del general y h\u00e9roe oaxaque\u00f1o, Antonio de la Luz Quirino de Le\u00f3n y Loyola, para recordar su destacada trayectoria como militar, pol\u00edtico y hombre comprometido con la causa del pueblo, en el marco del 229 aniversario de su natalicio.<\/p>\n\n\n\n<p>Teniendo como sede la Alameda de Le\u00f3n, el primer concejal resalt\u00f3 la valent\u00eda demostrada por Antonio de Le\u00f3n en la batalla de los \u00abMolinos del Rey\u00bb, as\u00ed como su incansable compromiso con la lucha por la independencia de M\u00e9xico. Desde su uni\u00f3n al Ej\u00e9rcito Trigarante en 1821, a\u00f1o de la consumaci\u00f3n de la independencia nacional, hasta su nombramiento como comandante de las Tres Mixtecas, y su participaci\u00f3n en la revuelta contra el gobierno centralista de Anastasio Bustamante, Antonio de Le\u00f3n dej\u00f3 un legado de coraje y entrega.<\/p>\n\n\n\n<p>Asimismo, record\u00f3 la \u00faltima batalla de Antonio de Le\u00f3n en los \u00abMolinos del Rey\u00bb durante la intervenci\u00f3n norteamericana, en la cual, lamentablemente, perdi\u00f3 la vida el 8 de septiembre de 1847.<\/p>\n\n\n\n<p>\u201cEn honor a su patriotismo, el H. Ayuntamiento de Oaxaca de Ju\u00e1rez rinde homenaje a Antonio de Le\u00f3n en el d\u00eda de su nacimiento, reconociendo su destacada trayectoria. Su legado perdura como ejemplo de valor y dedicaci\u00f3n en la lucha por la libertad y los valores fundamentales\u201d, acot\u00f3 Francisco Mart\u00ednez Neri.<\/p>\n\n\n\n<p>Como parte del acto conmemorativo, el edil capitalino, acompa\u00f1ado de una comitiva, rindi\u00f3 honores al pr\u00f3cer de la patria al realizar una guardia de honor y depositar una ofrenda floral al pie de su efigie.<\/p>\n\n\n\n<p>La autoridad municipal de Oaxaca de Ju\u00e1rez se enorgullece en recordar y mantener viva la memoria de Antonio de Le\u00f3n, cuya valent\u00eda y dedicaci\u00f3n contin\u00faan inspirando a las generaciones presentes y futuras.<\/p>\n\n\n\n<figure class=\"wp-block-image size-large\"><img fetchpriority=\"high\" decoding=\"async\" width=\"1024\" height=\"683\" src=\"https:\/\/contextoanalisisperiodistico.com\/wp-content\/uploads\/2023\/06\/img-20230603-wa00344024686498725807044-1024x683.jpg\" alt=\"\" class=\"wp-image-14285\" srcset=\"https:\/\/contextoanalisisperiodistico.com\/wp-content\/uploads\/2023\/06\/img-20230603-wa00344024686498725807044-1024x683.jpg 1024w, https:\/\/contextoanalisisperiodistico.com\/wp-content\/uploads\/2023\/06\/img-20230603-wa00344024686498725807044-300x200.jpg 300w, https:\/\/contextoanalisisperiodistico.com\/wp-content\/uploads\/2023\/06\/img-20230603-wa00344024686498725807044-768x512.jpg 768w, https:\/\/contextoanalisisperiodistico.com\/wp-content\/uploads\/2023\/06\/img-20230603-wa00344024686498725807044-1536x1024.jpg 1536w, https:\/\/contextoanalisisperiodistico.com\/wp-content\/uploads\/2023\/06\/img-20230603-wa00344024686498725807044.jpg 1600w\" sizes=\"(max-width: 1024px) 100vw, 1024px\" \/><\/figure>\n","protected":false},"excerpt":{"rendered":"<p>\u2022 La autoridad municipal de Oaxaca de Ju\u00e1rez, encabezada por el primer concejal, Francisco Mart\u00ednez&#8230;<\/p>\n","protected":false},"author":4,"featured_media":14284,"comment_status":"closed","ping_status":"open","sticky":false,"template":"","format":"standard","meta":{"footnotes":""},"categories":[9],"tags":[],"jetpack_sharing_enabled":true,"featured_image_urls":{"full":["https:\/\/contextoanalisisperiodistico.com\/wp-content\/uploads\/2023\/06\/IMG-20230603-WA0033.jpg",1067,1600,false],"thumbnail":["https:\/\/contextoanalisisperiodistico.com\/wp-content\/uploads\/2023\/06\/IMG-20230603-WA0033-150x150.jpg",150,150,true],"medium":["https:\/\/contextoanalisisperiodistico.com\/wp-content\/uploads\/2023\/06\/IMG-20230603-WA0033-200x300.jpg",200,300,true],"medium_large":["https:\/\/contextoanalisisperiodistico.com\/wp-content\/uploads\/2023\/06\/IMG-20230603-WA0033-768x1152.jpg",640,960,true],"large":["https:\/\/contextoanalisisperiodistico.com\/wp-content\/uploads\/2023\/06\/IMG-20230603-WA0033-683x1024.jpg",640,960,true],"1536x1536":["https:\/\/contextoanalisisperiodistico.com\/wp-content\/uploads\/2023\/06\/IMG-20230603-WA0033-1024x1536.jpg",1024,1536,true],"2048x2048":["https:\/\/contextoanalisisperiodistico.com\/wp-content\/uploads\/2023\/06\/IMG-20230603-WA0033.jpg",1067,1600,false],"covernews-slider-full":["https:\/\/contextoanalisisperiodistico.com\/wp-content\/uploads\/2023\/06\/IMG-20230603-WA0033-1067x715.jpg",1067,715,true],"covernews-slider-center":["https:\/\/contextoanalisisperiodistico.com\/wp-content\/uploads\/2023\/06\/IMG-20230603-WA0033-800x500.jpg",800,500,true],"covernews-featured":["https:\/\/contextoanalisisperiodistico.com\/wp-content\/uploads\/2023\/06\/IMG-20230603-WA0033-1024x1536.jpg",1024,1536,true],"covernews-medium":["https:\/\/contextoanalisisperiodistico.com\/wp-content\/uploads\/2023\/06\/IMG-20230603-WA0033-540x340.jpg",540,340,true],"covernews-medium-square":["https:\/\/contextoanalisisperiodistico.com\/wp-content\/uploads\/2023\/06\/IMG-20230603-WA0033-400x250.jpg",400,250,true]},"author_info":{"display_name":"Mario Gir\u00f3n","author_link":"https:\/\/contextoanalisisperiodistico.com\/index.php\/author\/director\/"},"category_info":"<a href=\"https:\/\/contextoanalisisperiodistico.com\/index.php\/category\/politica\/\" rel=\"category tag\">Pol\u00edtica<\/a>","tag_info":"Pol\u00edtica","comment_count":"0","jetpack_featured_media_url":"https:\/\/contextoanalisisperiodistico.com\/wp-content\/uploads\/2023\/06\/IMG-20230603-WA0033.jpg","_links":{"self":[{"href":"https:\/\/contextoanalisisperiodistico.com\/index.php\/wp-json\/wp\/v2\/posts\/14283"}],"collection":[{"href":"https:\/\/contextoanalisisperiodistico.com\/index.php\/wp-json\/wp\/v2\/posts"}],"about":[{"href":"https:\/\/contextoanalisisperiodistico.com\/index.php\/wp-json\/wp\/v2\/types\/post"}],"author":[{"embeddable":true,"href":"https:\/\/contextoanalisisperiodistico.com\/index.php\/wp-json\/wp\/v2\/users\/4"}],"replies":[{"embeddable":true,"href":"https:\/\/contextoanalisisperiodistico.com\/index.php\/wp-json\/wp\/v2\/comments?post=14283"}],"version-history":[{"count":1,"href":"https:\/\/contextoanalisisperiodistico.com\/index.php\/wp-json\/wp\/v2\/posts\/14283\/revisions"}],"predecessor-version":[{"id":14286,"href":"https:\/\/contextoanalisisperiodistico.com\/index.php\/wp-json\/wp\/v2\/posts\/14283\/revisions\/14286"}],"wp:featuredmedia":[{"embeddable":true,"href":"https:\/\/contextoanalisisperiodistico.com\/index.php\/wp-json\/wp\/v2\/media\/14284"}],"wp:attachment":[{"href":"https:\/\/contextoanalisisperiodistico.com\/index.php\/wp-json\/wp\/v2\/media?parent=14283"}],"wp:term":[{"taxonomy":"category","embeddable":true,"href":"https:\/\/contextoanalisisperiodistico.com\/index.php\/wp-json\/wp\/v2\/categories?post=14283"},{"taxonomy":"post_tag","embeddable":true,"href":"https:\/\/contextoanalisisperiodistico.com\/index.php\/wp-json\/wp\/v2\/tags?post=14283"}],"curies":[{"name":"wp","href":"https:\/\/api.w.org\/{rel}","templated":true}]}}