{"id":14272,"date":"2023-06-03T10:42:56","date_gmt":"2023-06-03T16:42:56","guid":{"rendered":"https:\/\/contextoanalisisperiodistico.com\/?p=14272"},"modified":"2023-06-03T10:43:16","modified_gmt":"2023-06-03T16:43:16","slug":"refrenda-gobierno-de-oaxaca-compromiso-con-municipios-de-la-mixteca","status":"publish","type":"post","link":"https:\/\/contextoanalisisperiodistico.com\/index.php\/2023\/06\/03\/refrenda-gobierno-de-oaxaca-compromiso-con-municipios-de-la-mixteca\/","title":{"rendered":"<em>Refrenda Gobierno de Oaxaca compromiso con municipios de la Mixteca<\/em>"},"content":{"rendered":"<div id=\"fb-root\"><\/div>\n\n<p>\u2022 El Gobernador Salom\u00f3n Jara lleg\u00f3 a Santiago Nundiche para entregar apoyos por m\u00e1s de 6 millones de pesos<\/p>\n\n\n\n<p>Santiago Nundiche, Oax. 3 de junio de 2023. Para priorizar las obras que requieren los municipios con bajo \u00edndice de desarrollo, el Gobierno de Oaxaca implement\u00f3 la Estrategia de Atenci\u00f3n a Territorios Bienestar que busca focalizar los apoyos y recursos para abatir las brechas de desigualdad.<\/p>\n\n\n\n<p>As\u00ed lo expres\u00f3 el Gobernador Salom\u00f3n Jara Cruz durante su visita al municipio de Santiago Nundiche, una localidad que cuenta con mil 351 habitantes, lugar donde entreg\u00f3 apoyos por 6 millones de pesos.<\/p>\n\n\n\n<p>En esta localidad de la regi\u00f3n Mixteca que cobra relevancia por recibir cada a\u00f1o en el mes de enero a 80 mil personas peregrinas a su celebraci\u00f3n anual, el Mandatario Estatal expres\u00f3 que los apoyos entregados contribuir\u00e1n al desarrollo de sus habitantes, con miras a que se vea reflejado en la pr\u00f3xima evaluaci\u00f3n que realiza el Consejo Nacional de Evaluaci\u00f3n de la Pol\u00edtica de Desarrollo Social (Coneval).<\/p>\n\n\n\n<p>\u00abHay muchas necesidades y a trav\u00e9s de nuestra nueva Estrategia de Atenci\u00f3n a Municipios Territorios Bienestar buscamos orientar los recursos a d\u00f3nde m\u00e1s se necesitan\u00bb.<\/p>\n\n\n\n<p>A\u00f1adi\u00f3 que por ello su gobierno destinar\u00e1 apoyos a 100 municipios que tras los Encuentros con Autoridades Municipales, y con base en estad\u00edsticas del Coneval y el Instituto Nacional de Estad\u00edstica y Geograf\u00eda (Inegi) son considerados con mayor \u00edndice de marginaci\u00f3n.<\/p>\n\n\n\n<p>En este sentido, resalt\u00f3 que durante su administraci\u00f3n se buscar\u00e1 resarcir las necesidades de estos pueblos y comunidades. \u00abNo los vamos a dejar solos, ni los vamos a abandonar. Me he comprometido a recorrer los 570 municipios para atender sus necesidades m\u00e1s apremiantes y en estos 100 municipios supervisaremos que los recursos se empleen correctamente\u00bb.<\/p>\n\n\n\n<p>Dijo que, al ser un gobierno cercano a la gente, siempre atender\u00e1 las necesidades desde el territorio y no desde el escritorio a diferencia de los gobiernos anteriores.<\/p>\n\n\n\n<p>De esta manera, ante las y los pobladores, se\u00f1al\u00f3 que con los apoyos se fortalecer\u00e1 la infraestructura educativa, de vivienda, en salud, as\u00ed como la alimentaci\u00f3n.<\/p>\n\n\n\n<figure class=\"wp-block-image size-large\"><img fetchpriority=\"high\" decoding=\"async\" width=\"1024\" height=\"477\" src=\"https:\/\/contextoanalisisperiodistico.com\/wp-content\/uploads\/2023\/06\/img-20230603-wa0018421214646229171467-1024x477.jpg\" alt=\"\" class=\"wp-image-14274\" srcset=\"https:\/\/contextoanalisisperiodistico.com\/wp-content\/uploads\/2023\/06\/img-20230603-wa0018421214646229171467-1024x477.jpg 1024w, https:\/\/contextoanalisisperiodistico.com\/wp-content\/uploads\/2023\/06\/img-20230603-wa0018421214646229171467-300x140.jpg 300w, https:\/\/contextoanalisisperiodistico.com\/wp-content\/uploads\/2023\/06\/img-20230603-wa0018421214646229171467-768x358.jpg 768w, https:\/\/contextoanalisisperiodistico.com\/wp-content\/uploads\/2023\/06\/img-20230603-wa0018421214646229171467.jpg 1200w\" sizes=\"(max-width: 1024px) 100vw, 1024px\" \/><\/figure>\n\n\n\n<figure class=\"wp-block-image\"><img decoding=\"async\" width=\"1024\" height=\"637\" src=\"https:\/\/contextoanalisisperiodistico.com\/wp-content\/uploads\/2023\/06\/img-20230603-wa0016606357577739033915-1024x637.jpg\" alt=\"\" class=\"wp-image-14275\" srcset=\"https:\/\/contextoanalisisperiodistico.com\/wp-content\/uploads\/2023\/06\/img-20230603-wa0016606357577739033915-1024x637.jpg 1024w, https:\/\/contextoanalisisperiodistico.com\/wp-content\/uploads\/2023\/06\/img-20230603-wa0016606357577739033915-300x187.jpg 300w, https:\/\/contextoanalisisperiodistico.com\/wp-content\/uploads\/2023\/06\/img-20230603-wa0016606357577739033915-768x477.jpg 768w, https:\/\/contextoanalisisperiodistico.com\/wp-content\/uploads\/2023\/06\/img-20230603-wa0016606357577739033915-400x250.jpg 400w, https:\/\/contextoanalisisperiodistico.com\/wp-content\/uploads\/2023\/06\/img-20230603-wa0016606357577739033915.jpg 1200w\" sizes=\"(max-width: 1024px) 100vw, 1024px\" \/><\/figure>\n\n\n\n<figure class=\"wp-block-image\"><img decoding=\"async\" width=\"1024\" height=\"683\" src=\"https:\/\/contextoanalisisperiodistico.com\/wp-content\/uploads\/2023\/06\/img-20230603-wa0014932303860290433083-1024x683.jpg\" alt=\"\" class=\"wp-image-14276\" srcset=\"https:\/\/contextoanalisisperiodistico.com\/wp-content\/uploads\/2023\/06\/img-20230603-wa0014932303860290433083-1024x683.jpg 1024w, https:\/\/contextoanalisisperiodistico.com\/wp-content\/uploads\/2023\/06\/img-20230603-wa0014932303860290433083-300x200.jpg 300w, https:\/\/contextoanalisisperiodistico.com\/wp-content\/uploads\/2023\/06\/img-20230603-wa0014932303860290433083-768x512.jpg 768w, https:\/\/contextoanalisisperiodistico.com\/wp-content\/uploads\/2023\/06\/img-20230603-wa0014932303860290433083.jpg 1200w\" sizes=\"(max-width: 1024px) 100vw, 1024px\" \/><\/figure>\n","protected":false},"excerpt":{"rendered":"<p>\u2022 El Gobernador Salom\u00f3n Jara lleg\u00f3 a Santiago Nundiche para entregar apoyos por m\u00e1s de&#8230;<\/p>\n","protected":false},"author":4,"featured_media":14273,"comment_status":"closed","ping_status":"open","sticky":false,"template":"","format":"standard","meta":{"footnotes":""},"categories":[9],"tags":[],"jetpack_sharing_enabled":true,"featured_image_urls":{"full":["https:\/\/contextoanalisisperiodistico.com\/wp-content\/uploads\/2023\/06\/IMG-20230603-WA0017.jpg",1200,800,false],"thumbnail":["https:\/\/contextoanalisisperiodistico.com\/wp-content\/uploads\/2023\/06\/IMG-20230603-WA0017-150x150.jpg",150,150,true],"medium":["https:\/\/contextoanalisisperiodistico.com\/wp-content\/uploads\/2023\/06\/IMG-20230603-WA0017-300x200.jpg",300,200,true],"medium_large":["https:\/\/contextoanalisisperiodistico.com\/wp-content\/uploads\/2023\/06\/IMG-20230603-WA0017-768x512.jpg",640,427,true],"large":["https:\/\/contextoanalisisperiodistico.com\/wp-content\/uploads\/2023\/06\/IMG-20230603-WA0017-1024x683.jpg",640,427,true],"1536x1536":["https:\/\/contextoanalisisperiodistico.com\/wp-content\/uploads\/2023\/06\/IMG-20230603-WA0017.jpg",1200,800,false],"2048x2048":["https:\/\/contextoanalisisperiodistico.com\/wp-content\/uploads\/2023\/06\/IMG-20230603-WA0017.jpg",1200,800,false],"covernews-slider-full":["https:\/\/contextoanalisisperiodistico.com\/wp-content\/uploads\/2023\/06\/IMG-20230603-WA0017-1115x715.jpg",1115,715,true],"covernews-slider-center":["https:\/\/contextoanalisisperiodistico.com\/wp-content\/uploads\/2023\/06\/IMG-20230603-WA0017-800x500.jpg",800,500,true],"covernews-featured":["https:\/\/contextoanalisisperiodistico.com\/wp-content\/uploads\/2023\/06\/IMG-20230603-WA0017-1024x683.jpg",1024,683,true],"covernews-medium":["https:\/\/contextoanalisisperiodistico.com\/wp-content\/uploads\/2023\/06\/IMG-20230603-WA0017-540x340.jpg",540,340,true],"covernews-medium-square":["https:\/\/contextoanalisisperiodistico.com\/wp-content\/uploads\/2023\/06\/IMG-20230603-WA0017-400x250.jpg",400,250,true]},"author_info":{"display_name":"Mario Gir\u00f3n","author_link":"https:\/\/contextoanalisisperiodistico.com\/index.php\/author\/director\/"},"category_info":"<a href=\"https:\/\/contextoanalisisperiodistico.com\/index.php\/category\/politica\/\" rel=\"category tag\">Pol\u00edtica<\/a>","tag_info":"Pol\u00edtica","comment_count":"0","jetpack_featured_media_url":"https:\/\/contextoanalisisperiodistico.com\/wp-content\/uploads\/2023\/06\/IMG-20230603-WA0017.jpg","_links":{"self":[{"href":"https:\/\/contextoanalisisperiodistico.com\/index.php\/wp-json\/wp\/v2\/posts\/14272"}],"collection":[{"href":"https:\/\/contextoanalisisperiodistico.com\/index.php\/wp-json\/wp\/v2\/posts"}],"about":[{"href":"https:\/\/contextoanalisisperiodistico.com\/index.php\/wp-json\/wp\/v2\/types\/post"}],"author":[{"embeddable":true,"href":"https:\/\/contextoanalisisperiodistico.com\/index.php\/wp-json\/wp\/v2\/users\/4"}],"replies":[{"embeddable":true,"href":"https:\/\/contextoanalisisperiodistico.com\/index.php\/wp-json\/wp\/v2\/comments?post=14272"}],"version-history":[{"count":1,"href":"https:\/\/contextoanalisisperiodistico.com\/index.php\/wp-json\/wp\/v2\/posts\/14272\/revisions"}],"predecessor-version":[{"id":14277,"href":"https:\/\/contextoanalisisperiodistico.com\/index.php\/wp-json\/wp\/v2\/posts\/14272\/revisions\/14277"}],"wp:featuredmedia":[{"embeddable":true,"href":"https:\/\/contextoanalisisperiodistico.com\/index.php\/wp-json\/wp\/v2\/media\/14273"}],"wp:attachment":[{"href":"https:\/\/contextoanalisisperiodistico.com\/index.php\/wp-json\/wp\/v2\/media?parent=14272"}],"wp:term":[{"taxonomy":"category","embeddable":true,"href":"https:\/\/contextoanalisisperiodistico.com\/index.php\/wp-json\/wp\/v2\/categories?post=14272"},{"taxonomy":"post_tag","embeddable":true,"href":"https:\/\/contextoanalisisperiodistico.com\/index.php\/wp-json\/wp\/v2\/tags?post=14272"}],"curies":[{"name":"wp","href":"https:\/\/api.w.org\/{rel}","templated":true}]}}